{"id":24646,"date":"2019-11-01T13:55:27","date_gmt":"2019-11-01T17:55:27","guid":{"rendered":"http:\/\/blogdalucianaoliveira.com.br\/blog\/?p=24646"},"modified":"2019-11-01T13:55:27","modified_gmt":"2019-11-01T17:55:27","slug":"cinema-em-movimento-circuito-universitario-exibira-filmes-e-promovera-debates-sobre-equidade-de-genero-em-universidades-e-escolas-de-todo-o-pais","status":"publish","type":"post","link":"http:\/\/blogdalucianaoliveira.com.br\/blog\/2019\/11\/01\/cinema-em-movimento-circuito-universitario-exibira-filmes-e-promovera-debates-sobre-equidade-de-genero-em-universidades-e-escolas-de-todo-o-pais\/","title":{"rendered":"Cinema em Movimento \u2013 Circuito Universit\u00e1rio exibir\u00e1 filmes e promover\u00e1 debates sobre Equidade de G\u00eanero em universidades e escolas de todo o pa\u00eds"},"content":{"rendered":"<p><img data-recalc-dims=\"1\" loading=\"lazy\" decoding=\"async\" data-attachment-id=\"24647\" data-permalink=\"http:\/\/blogdalucianaoliveira.com.br\/blog\/2019\/11\/01\/cinema-em-movimento-circuito-universitario-exibira-filmes-e-promovera-debates-sobre-equidade-de-genero-em-universidades-e-escolas-de-todo-o-pais\/0df3a251-d86d-4e11-b280-1a45f813c16e\/\" data-orig-file=\"https:\/\/i0.wp.com\/blogdalucianaoliveira.com.br\/blog\/wp-content\/uploads\/2019\/11\/0DF3A251-D86D-4E11-B280-1A45F813C16E.jpeg?fit=444%2C185\" data-orig-size=\"444,185\" data-comments-opened=\"0\" data-image-meta=\"{&quot;aperture&quot;:&quot;0&quot;,&quot;credit&quot;:&quot;&quot;,&quot;camera&quot;:&quot;&quot;,&quot;caption&quot;:&quot;&quot;,&quot;created_timestamp&quot;:&quot;0&quot;,&quot;copyright&quot;:&quot;&quot;,&quot;focal_length&quot;:&quot;0&quot;,&quot;iso&quot;:&quot;0&quot;,&quot;shutter_speed&quot;:&quot;0&quot;,&quot;title&quot;:&quot;&quot;,&quot;orientation&quot;:&quot;0&quot;}\" data-image-title=\"0DF3A251-D86D-4E11-B280-1A45F813C16E\" data-image-description=\"\" data-image-caption=\"\" data-medium-file=\"https:\/\/i0.wp.com\/blogdalucianaoliveira.com.br\/blog\/wp-content\/uploads\/2019\/11\/0DF3A251-D86D-4E11-B280-1A45F813C16E.jpeg?fit=300%2C125\" data-large-file=\"https:\/\/i0.wp.com\/blogdalucianaoliveira.com.br\/blog\/wp-content\/uploads\/2019\/11\/0DF3A251-D86D-4E11-B280-1A45F813C16E.jpeg?fit=444%2C185\" src=\"https:\/\/i0.wp.com\/blogdalucianaoliveira.com.br\/blog\/wp-content\/uploads\/2019\/11\/0DF3A251-D86D-4E11-B280-1A45F813C16E.jpeg?resize=444%2C185\" alt=\"0DF3A251-D86D-4E11-B280-1A45F813C16E\" width=\"444\" height=\"185\" class=\"alignnone size-full wp-image-24647\" srcset=\"https:\/\/i0.wp.com\/blogdalucianaoliveira.com.br\/blog\/wp-content\/uploads\/2019\/11\/0DF3A251-D86D-4E11-B280-1A45F813C16E.jpeg?w=444 444w, https:\/\/i0.wp.com\/blogdalucianaoliveira.com.br\/blog\/wp-content\/uploads\/2019\/11\/0DF3A251-D86D-4E11-B280-1A45F813C16E.jpeg?resize=300%2C125 300w\" sizes=\"auto, (max-width: 444px) 100vw, 444px\" \/><\/p>\n<p>Justi\u00e7a e oportunidades iguais para homens e mulheres s\u00e3o quest\u00f5es atuais que podem ser resumidas no termo Equidade de G\u00eanero. Esse \u00e9 o tema presente nos tr\u00eas filmes do Cinema em Movimento \u2013 Circuito Universit\u00e1rio, que ser\u00e1 realizado em novembro e dezembro em universidades e salas de aulas do ensino m\u00e9dio de todo o pa\u00eds. Os respons\u00e1veis pela produ\u00e7\u00e3o do Circuito em todas as capitais do Brasil e no Distrito Federal s\u00e3o 27 universit\u00e1rios selecionados e capacitados pela produtora carioca MPC Filmes.  <!--more-->  <\/p>\n<p>Em outubro, esses jovens estudantes, que t\u00eam entre 19 e 30 anos de idade, passaram por uma semana de imers\u00e3o em um hotel na cidade de Petr\u00f3polis, no Rio de Janeiro, para participar da capacita\u00e7\u00e3o. Durante cinco dias, eles assistiram aos filmes da mostra, debateram com os diretores, tiveram aulas sobre cinema, hist\u00f3ria e mem\u00f3ria, participaram de din\u00e2micas e workshops de produ\u00e7\u00e3o e divulga\u00e7\u00e3o. O objetivo \u00e9 que voltassem para as suas respectivas cidades aptos a agendar as sess\u00f5es, convidar debatedores e mediadores, divulgar o Circuito junto \u00e0 imprensa e mobilizar o p\u00fablico a comparecerem \u00e0s sess\u00f5es.  <\/p>\n<p>Em Rond\u00f4nia, a agente mobilizadora da mostra \u00e9 a estudante de Ci\u00eancias Sociais Ta\u00eds Leite, com orienta\u00e7\u00e3o do professor doutor Vinicius Miguel, da UNIR e com a co-organiza\u00e7\u00e3o do Departamento de Ci\u00eancias Sociais &#8211; UNIR. Na capital Porto Velho, as sess\u00f5es acontecem dias 05, 07 e 11 de novembro \u00e0s 19h30, no audit\u00f3rio da Universidade Federal de Rond\u00f4nia \u2013 UNIR, no Centro de Porto Velho. Todas as sess\u00f5es s\u00e3o gratuitas e abertas ao p\u00fablico.<\/p>\n<p>Entre os tr\u00eas filmes selecionados para o Cinema em Movimento \u2013 Circuito Universit\u00e1rio est\u00e3o: Lute como uma menina, de Beatriz Alonso e Fl\u00e1vio Colombini, Repense o Elogio, de Estela Renner, e O Sil\u00eancio dos Homens, de Ian Leite e Luiza de Castro. Os filmes escolhidos fortalecem as discuss\u00f5es  sobre o homem na sociedade, o feminismo na atualidade, o modelo educacional do nosso pa\u00eds e o poder popular. A curadoria ficou por conta de uma comiss\u00e3o formada por profissionais da MPC Filmes.<\/p>\n<p>&#8220;Discutir equidade de g\u00eanero \u00e9 fundamental na constru\u00e7\u00e3o de um mundo menos violento. Escolhemos o tema e selecionamos os filmes buscando discutir, al\u00e9m da quest\u00e3o feminina tamb\u00e9m a masculinidade. Acredito que o filme O Sil\u00eancio dos Homens ser\u00e1 uma ferramenta incr\u00edvel para isso&#8221;, diz a diretora geral do circuito, Luciana Boal Marinho.  <\/p>\n<p>Criado em 2000 pela MPC Filmes o Cinema em Movimento &#8211; Circuito Universit\u00e1rio tem como objetivo principal fomentar, no ambiente acad\u00eamico, o di\u00e1logo e a reflex\u00e3o sobre quest\u00f5es de interesse nacional e hist\u00f3rico abordadas nas obras a serem exibidas. Mais do que uma simples exibi\u00e7\u00e3o de filmes, a Mostra \u00e9 um espa\u00e7o de ampla comunicabilidade, constituindo-se um eficaz instrumento de divulga\u00e7\u00e3o e multiplica\u00e7\u00e3o de mensagens.  <\/p>\n<p>Sobre a MPC Filmes: produtora carioca com mais de 30 anos de experi\u00eancia no mercado brasileiro e internacional. Fundada em 1982 pelo produtor e diretor Alberto Gra\u00e7a e tendo como s\u00f3cia a produtora Luciana Boal Marinho, a MPC atua nas \u00e1reas de produ\u00e7\u00e3o e difus\u00e3o de conte\u00fado audiovisual.<\/p>\n<p>O Cinema em Movimento &#8211; Circuito Universit\u00e1rio conta com o apoio financeiro do Instituto Caixa Seguradora.<\/p>\n<p>Filmes selecionados:<\/p>\n<p>Lute como uma menina (Document\u00e1rio, 76 minutos, Livre, 2016)<\/p>\n<p>Sinopse: O document\u00e1rio conta a hist\u00f3ria das meninas que participaram do movimento secundarista que ocupou escolas e foi \u00e0s ruas para lutar contra um projeto de reorganiza\u00e7\u00e3o escolar imposto pelo governador de S\u00e3o Paulo, que previa o fechamento de quase cem escolas. As meninas contam suas hist\u00f3rias enfrentando figuras de autoridade, desde a luta pela autogest\u00e3o das escolas at\u00e9 a viol\u00eancia desenfreada da pol\u00edcia militar. Uma importante reflex\u00e3o sobre o feminismo, o atual modelo educacional e o poder popular.<\/p>\n<p>Trailer: https:\/\/www.youtube.com\/watch?v=WFwSs3ARAZg<\/p>\n<p>Repense o Elogio (Document\u00e1rio, 48 minutos, Livre, 2017)<\/p>\n<p>Sinopse: O filme prop\u00f5e uma conversa sobre a maneira que as crian\u00e7as s\u00e3o elogiadas. Enquanto meninas muitas vezes s\u00e3o elogiadas apenas por sua apar\u00eancia, meninos podem receber elogios ressaltando suas habilidades. Este \u00e9 um filme que reflete sobre o poder das palavras e da cultura que trouxe um desequil\u00edbrio na forma de elogiar nossos meninos e meninas.<\/p>\n<p>Trailer: https:\/\/www.youtube.com\/watch?v=gli0WmjFeFM<\/p>\n<p>O Sil\u00eancio dos Homens (Document\u00e1rio, 60 minutos, Livre, 2019)<\/p>\n<p>Sinopse: o filme \u00e9 parte de um projeto que ouviu mais de 40 mil pessoas em quest\u00f5es a respeito das masculinidades e desembocou num document\u00e1rio e num livro-ferramenta baseado nesse estudo com dados p\u00fablicos por meio de um conv\u00eanio com o Cons\u00f3rcio de informa\u00e7\u00f5es Sociais (CiS) da USP.<\/p>\n<p>Trailer: https:\/\/www.youtube.com\/watch?v=UzWyx_TcPmQ<\/p>\n<p>SERVI\u00c7O:<br \/>\nRond\u00f4nia:<br \/>\nLocal: Audit\u00f3rio UNIR Centro \u2013 Endere\u00e7o: Av. Pres. Dutra, 2967 &#8211; Olaria<br \/>\nData: 05\/11\/2019<br \/>\nFilme: O sil\u00eancio dos Homens<br \/>\nHora: 19h30 (filme) e 20h30 (debate)<br \/>\nDebatedores: Raimunda Pedra\u00e7a (Militante social da Frente Brasil Popular) e Vinicius Miguel (Prof\u00ba Dr\u00ba do Departamento de Ci\u00eancias Sociais \u2013 UNIR)<\/p>\n<p>Local: Audit\u00f3rio UNIR Centro \u2013 Endere\u00e7o: Av. Pres. Dutra, 2967 &#8211; Olaria<br \/>\nData: 07\/11\/2019<br \/>\nFilme: Lute como uma menina<br \/>\nHora: 19h30 (filme) e 20h50 (debate)<br \/>\nDebatedores: Anne Cleyane (Psic\u00f3loga e Ativista Social do Coletivo Filhas do Boto) e Caroline Ferreira (Militante Social do Levante Popular da Juventude<\/p>\n<p>Local: Audit\u00f3rio UNIR Centro \u2013 Endere\u00e7o: Av. Pres. Dutra, 2967 &#8211; Olaria<br \/>\nData: 11\/11\/2019<br \/>\nFilme: Repense o Elogio<br \/>\nHora: 19h30 (filme) e 20h20 (debate)<br \/>\nDebatedores: Tiziana Cocchieri (Prof\u00aa Dr\u00aa do Departamento de Filosofia UNIR)<\/p>\n<p>Informa\u00e7\u00f5es para a imprensa:<br \/>\nTa\u00eds Leite (Divulga\u00e7\u00e3o Local): Celular:  (69) 99206-9890<br \/>\nProjeto Paralelo Comunica\u00e7\u00e3o (Divulga\u00e7\u00e3o Nacional): 21 2540 6960<br \/>\nMarcelle Braga: 21 98842 4820- marcelle@paralelocomunicacao.com.br<\/p>\n","protected":false},"excerpt":{"rendered":"<p>Justi\u00e7a e oportunidades iguais para homens e mulheres s\u00e3o quest\u00f5es atuais que podem ser resumidas no termo Equidade de G\u00eanero. Esse \u00e9 o tema presente nos tr\u00eas filmes do Cinema em Movimento \u2013 Circuito Universit\u00e1rio, que ser\u00e1 realizado em novembro e dezembro em universidades e salas de aulas do ensino m\u00e9dio de todo o pa\u00eds&#8230;.<a class=\"more-link\" href=\"http:\/\/blogdalucianaoliveira.com.br\/blog\/2019\/11\/01\/cinema-em-movimento-circuito-universitario-exibira-filmes-e-promovera-debates-sobre-equidade-de-genero-em-universidades-e-escolas-de-todo-o-pais\/\">Continue a leitura <span class=\"meta-nav\">&raquo;<\/span><\/a><\/p>\n","protected":false},"author":1,"featured_media":0,"comment_status":"closed","ping_status":"open","sticky":false,"template":"","format":"standard","meta":{"_exactmetrics_skip_tracking":false,"_exactmetrics_sitenote_active":false,"_exactmetrics_sitenote_note":"","_exactmetrics_sitenote_category":0,"jetpack_post_was_ever_published":false,"_jetpack_newsletter_access":"","_jetpack_dont_email_post_to_subs":false,"_jetpack_newsletter_tier_id":0,"_jetpack_memberships_contains_paywalled_content":false,"_jetpack_memberships_contains_paid_content":false,"footnotes":"","jetpack_publicize_message":"","jetpack_publicize_feature_enabled":true,"jetpack_social_post_already_shared":true,"jetpack_social_options":{"image_generator_settings":{"template":"highway","enabled":false},"version":2}},"categories":[1],"tags":[],"class_list":["post-24646","post","type-post","status-publish","format-standard","hentry","category-notas"],"jetpack_publicize_connections":[],"jetpack_sharing_enabled":true,"jetpack_featured_media_url":"","jetpack_shortlink":"https:\/\/wp.me\/p7wKYW-6pw","jetpack-related-posts":[],"_links":{"self":[{"href":"http:\/\/blogdalucianaoliveira.com.br\/blog\/wp-json\/wp\/v2\/posts\/24646","targetHints":{"allow":["GET"]}}],"collection":[{"href":"http:\/\/blogdalucianaoliveira.com.br\/blog\/wp-json\/wp\/v2\/posts"}],"about":[{"href":"http:\/\/blogdalucianaoliveira.com.br\/blog\/wp-json\/wp\/v2\/types\/post"}],"author":[{"embeddable":true,"href":"http:\/\/blogdalucianaoliveira.com.br\/blog\/wp-json\/wp\/v2\/users\/1"}],"replies":[{"embeddable":true,"href":"http:\/\/blogdalucianaoliveira.com.br\/blog\/wp-json\/wp\/v2\/comments?post=24646"}],"version-history":[{"count":1,"href":"http:\/\/blogdalucianaoliveira.com.br\/blog\/wp-json\/wp\/v2\/posts\/24646\/revisions"}],"predecessor-version":[{"id":24648,"href":"http:\/\/blogdalucianaoliveira.com.br\/blog\/wp-json\/wp\/v2\/posts\/24646\/revisions\/24648"}],"wp:attachment":[{"href":"http:\/\/blogdalucianaoliveira.com.br\/blog\/wp-json\/wp\/v2\/media?parent=24646"}],"wp:term":[{"taxonomy":"category","embeddable":true,"href":"http:\/\/blogdalucianaoliveira.com.br\/blog\/wp-json\/wp\/v2\/categories?post=24646"},{"taxonomy":"post_tag","embeddable":true,"href":"http:\/\/blogdalucianaoliveira.com.br\/blog\/wp-json\/wp\/v2\/tags?post=24646"}],"curies":[{"name":"wp","href":"https:\/\/api.w.org\/{rel}","templated":true}]}}