{"id":24650,"date":"2019-11-01T17:19:49","date_gmt":"2019-11-01T21:19:49","guid":{"rendered":"http:\/\/blogdalucianaoliveira.com.br\/blog\/?p=24650"},"modified":"2019-11-01T17:19:49","modified_gmt":"2019-11-01T21:19:49","slug":"promotora-bolsonarista-pede-afastamento-do-caso-marielle","status":"publish","type":"post","link":"http:\/\/blogdalucianaoliveira.com.br\/blog\/2019\/11\/01\/promotora-bolsonarista-pede-afastamento-do-caso-marielle\/","title":{"rendered":"Promotora bolsonarista pede afastamento do caso Marielle"},"content":{"rendered":"<p><img data-recalc-dims=\"1\" decoding=\"async\" src=\"https:\/\/i0.wp.com\/publisher-publish.s3.eu-central-1.amazonaws.com\/pb-brasil247\/swp\/jtjeq9\/media\/20191101151120_525d22ee-0c1f-41cb-8310-515e844cd6ef.jpeg?w=600&#038;ssl=1\" \/><\/p>\n<p><b>247<\/b>\u00a0&#8211; A promotora Carmen Eliza Bastos de Carvalho, do Minist\u00e9rio P\u00fablico do Estado do Rio de Janeiro (MPRJ), pediu voluntariamente afastamento do processo que investiga os assassinatos da vereadora Marielle Franco (PSOL-RJ) e de seu motorista, Anderson Gomes, em mar\u00e7o de 2018. O pedido se d\u00e1 ap\u00f3s serem divulgadas imagens da promotra fazendo campanha para Jair Bolsonaro nas elei\u00e7\u00f5es de 2018.<!--more--><\/p>\n<p>&#8220;Em raz\u00e3o dos acontecimentos recentes, que avalia terem alcan\u00e7ado seu ambiente familiar e de trabalho, Carmen Eliza optou voluntariamente&#8221; por n\u00e3o mais atuar no caso que investiga os crimes contra Marielle Franco e Anderson Gomes, diz trecho da nota divulgada pelo MP-RJ. Em carta aberta \u00e0 sociedade, ela reafirma sua postura imparcial na condu\u00e7\u00e3o da investiga\u00e7\u00e3o.<\/p>\n<p><b>Leia a \u00edntegra da nota e da carta da promotora:<\/b><\/p>\n<p><b>Nota de esclarecimento &#8211; Promotora de Justi\u00e7a pede afastamento volunt\u00e1rio do Caso Marielle e Anderson<\/b><\/p>\n<p>Publicado em 01\/11\/2019 17:26 &#8211; Atualizado em 01\/11\/2019 17:27<\/p>\n<p>A Procuradoria-Geral de Justi\u00e7a do Minist\u00e9rio P\u00fablico do Estado do Rio de Janeiro (MPRJ) reconhece o zeloso trabalho exercido pela Promotora de Justi\u00e7a Carmen Eliza Bastos de Carvalho, que nos \u00faltimos dias vem tendo sua imparcialidade questionada no que afeta sua atua\u00e7\u00e3o funcional, por exercer sua liberdade de express\u00e3o como cidad\u00e3, nos termos do art. 5\u00ba da Constitui\u00e7\u00e3o Federal. Assim como Procuradores e Promotores de Justi\u00e7a, no cumprimento di\u00e1rio de suas fun\u00e7\u00f5es, velam incansavelmente pela promo\u00e7\u00e3o dos Direitos Fundamentais, \u00e9 compromisso da Institui\u00e7\u00e3o defender o Estado Democr\u00e1tico de Direito e a livre manifesta\u00e7\u00e3o de pensamento, inclusive de seus membros.<\/p>\n<div class=\"contentAd contentAd--noBackground marginBottom30\">\n<p>O Grupo de Atua\u00e7\u00e3o Especial de Combate ao Crime Organizado do Minist\u00e9rio P\u00fablico do Estado do Rio de Janeiro (GAECO\/MPRJ) esclarece que as investiga\u00e7\u00f5es que apontaram os executores de Marielle Franco e Anderson Gomes foram conduzidas pelas Promotoras de Justi\u00e7a Simone Sibilio e Let\u00edcia Emile Petriz. Findas as investiga\u00e7\u00f5es, a Promotora de Justi\u00e7a Carmen Eliza Bastos de Carvalho passou a atuar na a\u00e7\u00e3o penal em que Ronnie Lessa e \u00c9lcio Queiroz s\u00e3o r\u00e9us, a partir do recebimento da den\u00fancia pelo 4\u00aa Tribunal do J\u00fari da Capital. Sua designa\u00e7\u00e3o foi definida por crit\u00e9rios t\u00e9cnicos, pela sua incontest\u00e1vel experi\u00eancia e pela efic\u00e1cia comprovada de sua atua\u00e7\u00e3o em julgamentos no Tribunal do J\u00fari, motivos pelos quais Carmen Eliza vem sendo designada, recorrentemente, pela coordena\u00e7\u00e3o do GAECO\/MPRJ para atuar em casos complexos.<\/p>\n<p>Cumpre informar que, diante da repercuss\u00e3o relativa \u00e0s postagens da promotora em suas redes sociais, a Corregedoria-Geral do Minist\u00e9rio P\u00fablico do Estado do Rio de Janeiro instaurou procedimento para an\u00e1lise.<\/p>\n<p>Nesta sexta-feira (01\/11), o GAECO\/MPRJ recebeu os pais de Marielle Franco, Marinete da Silva e Ant\u00f4nio Francisco da Silva, e a vi\u00fava de Anderson Gomes, Agatha Arnaus Reis, que defenderam a perman\u00eancia de Carmen Eliza \u00e0 frente do processo penal, em andamento no Tribunal de Justi\u00e7a.<\/p>\n<div class=\"contentAd contentAd--noBackground marginBottom30\">\n<p>No entanto, em raz\u00e3o dos acontecimentos recentes, que avalia terem alcan\u00e7ado seu ambiente familiar e de trabalho, Carmen Eliza optou voluntariamente por n\u00e3o mais atuar no Caso Marielle Franco e Anderson Gomes, pelas raz\u00f5es explicitadas em carta aberta \u00e0 sociedade.<\/p>\n<p><b>NOTA DE ESCLARECIMENTO \u00c0 SOCIEDADE<\/b><\/p>\n<p>Tendo em vista que alguns ve\u00edculos de comunica\u00e7\u00e3o questionaram hoje (31\/10) a imparcialidade de minha atua\u00e7\u00e3o funcional no Caso Marielle e Anderson, venho esclarecer que, como cidad\u00e3, exer\u00e7o plenamente os direitos fundamentais a todos assegurados pelo art. 5\u00ba da Constitui\u00e7\u00e3o da Rep\u00fablica, com destaque para a liberdade de express\u00e3o, que garante a livre manifesta\u00e7\u00e3o de minha op\u00e7\u00e3o pol\u00edtica e ideol\u00f3gica.<\/p>\n<p>A liberdade de express\u00e3o deve ser por todos respeitada, pois somente assim podemos afirmar que realmente vivemos em um Estado Democr\u00e1tico de Direito.<\/p>\n<p>\u00c9 igualmente certo que a op\u00e7\u00e3o pol\u00edtica de cada pessoa, a exemplo de suas ideologias, deve ser exercida no campo pr\u00f3prio, no leg\u00edtimo exerc\u00edcio da cidadania.<\/p>\n<p>O Promotor de Justi\u00e7a n\u00e3o perde a sua qualidade de cidad\u00e3o.<\/p>\n<p>Durante toda a minha vida funcional, que exer\u00e7o h\u00e1 25 anos no Minist\u00e9rio P\u00fablico do Estado do Rio de Janeiro, jamais atuei sob qualquer influ\u00eancia pol\u00edtica ou ideol\u00f3gica. Toda a minha atua\u00e7\u00e3o \u00e9 p\u00fablica e, portanto, o que afirmo pode ser constatado.<\/p>\n<p>Sempre pautei minha atividade profissional pela correta aplica\u00e7\u00e3o da lei, nunca me afastando, por qualquer motivo, dos elementos do processo e da verdade dos fatos. Trata-se de um padr\u00e3o existencial, delineado por uma atua\u00e7\u00e3o respons\u00e1vel e s\u00e9ria, independentemente da op\u00e7\u00e3o pol\u00edtica, religiosa e sexual do r\u00e9u, da v\u00edtima ou de qualquer outra pessoa envolvida na rela\u00e7\u00e3o processual. Postura diversa desonraria a atua\u00e7\u00e3o de um Promotor de Justi\u00e7a.<\/p>\n<p>N\u00e3o h\u00e1, nesses 25 anos, um s\u00f3 epis\u00f3dio que tenha sido apontado como comprometedor de minha imparcialidade na atua\u00e7\u00e3o funcional. Ao contr\u00e1rio, s\u00e3o anos de luta isenta pela puni\u00e7\u00e3o de quem atenta contra o maior bem jur\u00eddico de cada um de n\u00f3s: o direito \u00e0 vida.<\/p>\n<p>A exemplo da vida, a liberdade e a honra de todos n\u00f3s devem ser igualmente respeitadas.<\/p>\n<p>Nessa perspectiva, em raz\u00e3o das lament\u00e1veis tentativas de macular minha atua\u00e7\u00e3o s\u00e9ria e imparcial, em verdadeira ofensiva de inspira\u00e7\u00e3o subalterna e flagrantemente ideol\u00f3gica, cujos reflexos negativos alcan\u00e7am o meu ambiente familiar e de trabalho, optei, voluntariamente, por n\u00e3o mais atuar no Caso Marielle e Anderson.<\/p>\n<p>Ressalto que fator determinante para minha OP\u00c7\u00c3O de me afastar do caso reside no profundo respeito aos pais da v\u00edtima, que j\u00e1 sofrem com a mais dura dor, que \u00e9 a perda de um filho. N\u00e3o me permito que a esse sentimento se some qualquer intranquilidade motivada pela condu\u00e7\u00e3o da a\u00e7\u00e3o penal, que se espera exitosa.Rio de Janeiro, 01 de novembro de 2019.<\/p>\n<p>Carmen Eliza Bastos de Carvalho<br \/>\nPromotora de Justi\u00e7a Membro do GAECO<\/p>\n<\/div>\n<\/div>\n","protected":false},"excerpt":{"rendered":"<p>247\u00a0&#8211; A promotora Carmen Eliza Bastos de Carvalho, do Minist\u00e9rio P\u00fablico do Estado do Rio de Janeiro (MPRJ), pediu voluntariamente afastamento do processo que investiga os assassinatos da vereadora Marielle Franco (PSOL-RJ) e de seu motorista, Anderson Gomes, em mar\u00e7o de 2018. O pedido se d\u00e1 ap\u00f3s serem divulgadas imagens da promotra fazendo campanha para&#8230;<a class=\"more-link\" href=\"http:\/\/blogdalucianaoliveira.com.br\/blog\/2019\/11\/01\/promotora-bolsonarista-pede-afastamento-do-caso-marielle\/\">Continue a leitura <span class=\"meta-nav\">&raquo;<\/span><\/a><\/p>\n","protected":false},"author":1,"featured_media":0,"comment_status":"closed","ping_status":"open","sticky":false,"template":"","format":"standard","meta":{"_exactmetrics_skip_tracking":false,"_exactmetrics_sitenote_active":false,"_exactmetrics_sitenote_note":"","_exactmetrics_sitenote_category":0,"jetpack_post_was_ever_published":false,"_jetpack_newsletter_access":"","_jetpack_dont_email_post_to_subs":false,"_jetpack_newsletter_tier_id":0,"_jetpack_memberships_contains_paywalled_content":false,"_jetpack_memberships_contains_paid_content":false,"footnotes":"","jetpack_publicize_message":"","jetpack_publicize_feature_enabled":true,"jetpack_social_post_already_shared":true,"jetpack_social_options":{"image_generator_settings":{"template":"highway","enabled":false},"version":2}},"categories":[1],"tags":[],"class_list":["post-24650","post","type-post","status-publish","format-standard","hentry","category-notas"],"jetpack_publicize_connections":[],"jetpack_sharing_enabled":true,"jetpack_featured_media_url":"","jetpack_shortlink":"https:\/\/wp.me\/p7wKYW-6pA","jetpack-related-posts":[],"_links":{"self":[{"href":"http:\/\/blogdalucianaoliveira.com.br\/blog\/wp-json\/wp\/v2\/posts\/24650","targetHints":{"allow":["GET"]}}],"collection":[{"href":"http:\/\/blogdalucianaoliveira.com.br\/blog\/wp-json\/wp\/v2\/posts"}],"about":[{"href":"http:\/\/blogdalucianaoliveira.com.br\/blog\/wp-json\/wp\/v2\/types\/post"}],"author":[{"embeddable":true,"href":"http:\/\/blogdalucianaoliveira.com.br\/blog\/wp-json\/wp\/v2\/users\/1"}],"replies":[{"embeddable":true,"href":"http:\/\/blogdalucianaoliveira.com.br\/blog\/wp-json\/wp\/v2\/comments?post=24650"}],"version-history":[{"count":1,"href":"http:\/\/blogdalucianaoliveira.com.br\/blog\/wp-json\/wp\/v2\/posts\/24650\/revisions"}],"predecessor-version":[{"id":24651,"href":"http:\/\/blogdalucianaoliveira.com.br\/blog\/wp-json\/wp\/v2\/posts\/24650\/revisions\/24651"}],"wp:attachment":[{"href":"http:\/\/blogdalucianaoliveira.com.br\/blog\/wp-json\/wp\/v2\/media?parent=24650"}],"wp:term":[{"taxonomy":"category","embeddable":true,"href":"http:\/\/blogdalucianaoliveira.com.br\/blog\/wp-json\/wp\/v2\/categories?post=24650"},{"taxonomy":"post_tag","embeddable":true,"href":"http:\/\/blogdalucianaoliveira.com.br\/blog\/wp-json\/wp\/v2\/tags?post=24650"}],"curies":[{"name":"wp","href":"https:\/\/api.w.org\/{rel}","templated":true}]}}