{"id":24652,"date":"2019-11-03T21:34:05","date_gmt":"2019-11-04T01:34:05","guid":{"rendered":"http:\/\/blogdalucianaoliveira.com.br\/blog\/?p=24652"},"modified":"2019-11-03T21:34:05","modified_gmt":"2019-11-04T01:34:05","slug":"polemicas-principais-temas-redacao-como-foi-o-domingo-3-de-prova-do-enem","status":"publish","type":"post","link":"http:\/\/blogdalucianaoliveira.com.br\/blog\/2019\/11\/03\/polemicas-principais-temas-redacao-como-foi-o-domingo-3-de-prova-do-enem\/","title":{"rendered":"Pol\u00eamicas, principais temas, reda\u00e7\u00e3o: como foi o domingo (3) de prova do Enem"},"content":{"rendered":"<p><img data-recalc-dims=\"1\" decoding=\"async\" src=\"https:\/\/i0.wp.com\/farm66.staticflickr.com\/65535\/49009120572_6e23c39ece_z.jpg?w=600&#038;ssl=1\" alt=\"O tema da reda\u00e7\u00e3o deste ano foi \u201cDemocratiza\u00e7\u00e3o do acesso ao cinema no Brasil\u201d - Cr\u00e9ditos: T\u00e2nia R\u00eago\/Ag\u00eancia Brasil\" \/><\/p>\n<p>Primeira etapa do exame foi marcada por confus\u00e3o no hor\u00e1rio e foto da prova que circulou nas redes durante a tarde<!--more--><\/p>\n<p>Reda\u00e7\u00e3o<br \/>\nBrasil de Fato<\/p>\n<p>Mais de cinco milh\u00f5es de pessoas participaram, neste domingo (3), do primeiro dia de prova do Exame Nacional do Ensino M\u00e9dio (Enem), realizado em 1.727 cidades em todo o pa\u00eds. O tema da reda\u00e7\u00e3o deste ano foi \u201cDemocratiza\u00e7\u00e3o do acesso ao cinema no Brasil\u201d, considerado \u201cuma ironia\u201d pela Uni\u00e3o Nacional dos Estudantes (UNE), em um contexto de ataque ao setor audiovisual brasileiro pelo governo de Jair Bolsonaro.<\/p>\n<p>Um dos textos motivadores da reda\u00e7\u00e3o, segundo imagem da prova que circulou durante a tarde, abordou o n\u00famero de salas de cinema no pa\u00eds e a concentra\u00e7\u00e3o da oferta em regi\u00f5es de renda mais alta nas grandes cidades.<\/p>\n<p>A UNE chamou aten\u00e7\u00e3o para o fato de que se trata de um governo que \u201cpersegue e censura produ\u00e7\u00f5es nacionais, desestrutura a ANCINE [Ag\u00eancia Nacional do Cinema]\u201d, em refer\u00eancia aos recentes ataques a obras que tratam de temas como a diversidade sexual e de g\u00eanero e ao corte de mais de 40% no fundo audiovisual do pa\u00eds. \u201cCertamente Bolsonaro zeraria\u201d, afirmou a organiza\u00e7\u00e3o estudantil nas redes sociais.<\/p>\n<p>Entre os temas que basearam as quest\u00f5es da prova, estavam bullying, liberdade de express\u00e3o, refugiados e viol\u00eancia contra a mulher. Comportamento nas redes sociais tamb\u00e9m foi um assunto discutido no enunciado de v\u00e1rias quest\u00f5es.<\/p>\n<p>Pela primeira vez em dez anos, nenhuma das quest\u00f5es do exame fez men\u00e7\u00e3o \u00e0 ditadura militar (1964-1985).<\/p>\n<p>\u201cHor\u00e1rio de ver\u00e3o\u201d<\/p>\n<p>Antes mesmo do in\u00edcio da prova, muitos brasileiros se depararam com rel\u00f3gios de celulares que adiantaram automaticamente em uma hora, apesar do cancelamento do hor\u00e1rio de ver\u00e3o no pa\u00eds. Por causa do erro, muitos participantes chegaram adiantados ao local de prova.<\/p>\n<p>O Instituto Nacional de Estudos e Pesquisas Educacionais An\u00edsio Teixeira (Inep), \u00f3rg\u00e3o respons\u00e1vel pela realiza\u00e7\u00e3o do exame, chegou a publicar um comunicado em suas redes sociais alertando para a quest\u00e3o, mas divulgou equivocadamente por alguns minutos o hor\u00e1rio de abertura dos port\u00f5es.<\/p>\n<p>No fim da manh\u00e3, o ministro da Educa\u00e7\u00e3o, Abraham Weintraub, tamb\u00e9m publicou um v\u00eddeo no Twitter falando sobre um aparente \u201cproblema de telefonia\u201d que antecipou alguns rel\u00f3gios, mas afirmou que j\u00e1 estava \u201ctudo resolvido\u201d para a realiza\u00e7\u00e3o da prova.<\/p>\n<p>\u201cAparentemente houve um problema na telefonia local, no Brasil ou no mundo, a gente ainda n\u00e3o detectou, que antecipou alguns rel\u00f3gios e disparou algumas mensagens para algumas pessoas. Mas isso j\u00e1 est\u00e1 sanado, est\u00e1 tudo resolvido, e os hor\u00e1rios est\u00e3o mantidos\u201d, afirmou Weintraub.<\/p>\n<p>Foto pol\u00eamica<\/p>\n<p>Uma foto da prova circulou nas redes sociais e teve sua veracidade confirmada pelo ministro da Educa\u00e7\u00e3o e pelo Inep. O governo, no entanto, afirmou que o vazamento ocorreu quando os participantes j\u00e1 estavam fazendo a prova, o que n\u00e3o interferiria no exame. A Pol\u00edcia Federal est\u00e1 investigando o caso.<\/p>\n<p>A prova<\/p>\n<p>O Enem \u00e9 o maior vestibular do Brasil e o segundo maior do mundo. A prova \u00e9 utilizada para avaliar a qualidade do ensino m\u00e9dio e tamb\u00e9m para o acesso ao ensino superior em universidades p\u00fablicas do pa\u00eds. \u00c9 tamb\u00e9m o exame que permite a concess\u00e3o de bolsas parciais ou integrais em universidades particulares pelo Programa Universidade para Todos (Prouni).<\/p>\n<p>No exame deste ano, al\u00e9m de escrever sobre o tema proposto de reda\u00e7\u00e3o, os participantes tiveram que responder, em cinco horas e meia, a 90 quest\u00f5es sobre linguagens e ci\u00eancias humanas.<\/p>\n<p>Na pr\u00f3xima semana, os participantes do Enem far\u00e3o as provas de matem\u00e1tica e ci\u00eancias da natureza. O tempo de prova do pr\u00f3ximo domingo (10) ser\u00e1 de cinco horas.<\/p>\n<p>O Enem 2019 teve 5,1 milh\u00f5es de participantes inscritos. At\u00e9 o fechamento desta mat\u00e9ria, n\u00e3o havia n\u00fameros oficiais divulgados sobre quantos dos inscritos efetivamente realizaram a prova deste domingo.<\/p>\n<p>A publica\u00e7\u00e3o dos gabaritos e dos cadernos de quest\u00f5es deve acontecer no dia 13 de novembro e os resultados individuais devem ser divulgados em janeiro de 2020, ainda sem data confirmada.<\/p>\n<p>O Enem, assim como outras pol\u00edticas p\u00fablicas do pa\u00eds, foi alvo de interfer\u00eancia do governo Bolsonaro, que, no in\u00edcio do ano, anunciou medidas para \u201cexpurgar a esquerda\u201d e fiscalizar \u201cquest\u00f5es ideol\u00f3gicas\u201d no conte\u00fado da prova.<\/p>\n<p>Edi\u00e7\u00e3o: Aline Sc\u00e1tola<\/p>\n","protected":false},"excerpt":{"rendered":"<p>Primeira etapa do exame foi marcada por confus\u00e3o no hor\u00e1rio e foto da prova que circulou nas redes durante a tarde<\/p>\n","protected":false},"author":1,"featured_media":0,"comment_status":"closed","ping_status":"open","sticky":false,"template":"","format":"standard","meta":{"_exactmetrics_skip_tracking":false,"_exactmetrics_sitenote_active":false,"_exactmetrics_sitenote_note":"","_exactmetrics_sitenote_category":0,"jetpack_post_was_ever_published":false,"_jetpack_newsletter_access":"","_jetpack_dont_email_post_to_subs":false,"_jetpack_newsletter_tier_id":0,"_jetpack_memberships_contains_paywalled_content":false,"_jetpack_memberships_contains_paid_content":false,"footnotes":"","jetpack_publicize_message":"","jetpack_publicize_feature_enabled":true,"jetpack_social_post_already_shared":true,"jetpack_social_options":{"image_generator_settings":{"template":"highway","enabled":false},"version":2}},"categories":[1],"tags":[],"class_list":["post-24652","post","type-post","status-publish","format-standard","hentry","category-notas"],"jetpack_publicize_connections":[],"jetpack_sharing_enabled":true,"jetpack_featured_media_url":"","jetpack_shortlink":"https:\/\/wp.me\/p7wKYW-6pC","jetpack-related-posts":[],"_links":{"self":[{"href":"http:\/\/blogdalucianaoliveira.com.br\/blog\/wp-json\/wp\/v2\/posts\/24652","targetHints":{"allow":["GET"]}}],"collection":[{"href":"http:\/\/blogdalucianaoliveira.com.br\/blog\/wp-json\/wp\/v2\/posts"}],"about":[{"href":"http:\/\/blogdalucianaoliveira.com.br\/blog\/wp-json\/wp\/v2\/types\/post"}],"author":[{"embeddable":true,"href":"http:\/\/blogdalucianaoliveira.com.br\/blog\/wp-json\/wp\/v2\/users\/1"}],"replies":[{"embeddable":true,"href":"http:\/\/blogdalucianaoliveira.com.br\/blog\/wp-json\/wp\/v2\/comments?post=24652"}],"version-history":[{"count":1,"href":"http:\/\/blogdalucianaoliveira.com.br\/blog\/wp-json\/wp\/v2\/posts\/24652\/revisions"}],"predecessor-version":[{"id":24685,"href":"http:\/\/blogdalucianaoliveira.com.br\/blog\/wp-json\/wp\/v2\/posts\/24652\/revisions\/24685"}],"wp:attachment":[{"href":"http:\/\/blogdalucianaoliveira.com.br\/blog\/wp-json\/wp\/v2\/media?parent=24652"}],"wp:term":[{"taxonomy":"category","embeddable":true,"href":"http:\/\/blogdalucianaoliveira.com.br\/blog\/wp-json\/wp\/v2\/categories?post=24652"},{"taxonomy":"post_tag","embeddable":true,"href":"http:\/\/blogdalucianaoliveira.com.br\/blog\/wp-json\/wp\/v2\/tags?post=24652"}],"curies":[{"name":"wp","href":"https:\/\/api.w.org\/{rel}","templated":true}]}}