{"id":24653,"date":"2019-11-02T08:14:22","date_gmt":"2019-11-02T12:14:22","guid":{"rendered":"http:\/\/blogdalucianaoliveira.com.br\/blog\/?p=24653"},"modified":"2019-11-02T08:14:22","modified_gmt":"2019-11-02T12:14:22","slug":"nota-de-pesar-pelo-assassinato-de-mais-um-guardiao-guajajara","status":"publish","type":"post","link":"http:\/\/blogdalucianaoliveira.com.br\/blog\/2019\/11\/02\/nota-de-pesar-pelo-assassinato-de-mais-um-guardiao-guajajara\/","title":{"rendered":"Nota de pesar pelo assassinato de mais um Guardi\u00e3o Guajajara"},"content":{"rendered":"<p><img data-recalc-dims=\"1\" loading=\"lazy\" decoding=\"async\" data-attachment-id=\"24654\" data-permalink=\"http:\/\/blogdalucianaoliveira.com.br\/blog\/2019\/11\/02\/nota-de-pesar-pelo-assassinato-de-mais-um-guardiao-guajajara\/1624f3e6-a045-4e95-ba9a-b8f05ee6838f\/\" data-orig-file=\"https:\/\/i0.wp.com\/blogdalucianaoliveira.com.br\/blog\/wp-content\/uploads\/2019\/11\/1624F3E6-A045-4E95-BA9A-B8F05EE6838F.jpeg?fit=768%2C800\" data-orig-size=\"768,800\" data-comments-opened=\"0\" data-image-meta=\"{&quot;aperture&quot;:&quot;0&quot;,&quot;credit&quot;:&quot;&quot;,&quot;camera&quot;:&quot;&quot;,&quot;caption&quot;:&quot;&quot;,&quot;created_timestamp&quot;:&quot;0&quot;,&quot;copyright&quot;:&quot;&quot;,&quot;focal_length&quot;:&quot;0&quot;,&quot;iso&quot;:&quot;0&quot;,&quot;shutter_speed&quot;:&quot;0&quot;,&quot;title&quot;:&quot;&quot;,&quot;orientation&quot;:&quot;0&quot;}\" data-image-title=\"1624F3E6-A045-4E95-BA9A-B8F05EE6838F\" data-image-description=\"\" data-image-caption=\"\" data-medium-file=\"https:\/\/i0.wp.com\/blogdalucianaoliveira.com.br\/blog\/wp-content\/uploads\/2019\/11\/1624F3E6-A045-4E95-BA9A-B8F05EE6838F.jpeg?fit=288%2C300\" data-large-file=\"https:\/\/i0.wp.com\/blogdalucianaoliveira.com.br\/blog\/wp-content\/uploads\/2019\/11\/1624F3E6-A045-4E95-BA9A-B8F05EE6838F.jpeg?fit=600%2C625\" src=\"https:\/\/i0.wp.com\/blogdalucianaoliveira.com.br\/blog\/wp-content\/uploads\/2019\/11\/1624F3E6-A045-4E95-BA9A-B8F05EE6838F.jpeg?resize=600%2C625\" alt=\"1624F3E6-A045-4E95-BA9A-B8F05EE6838F\" width=\"600\" height=\"625\" class=\"alignnone size-full wp-image-24654\" srcset=\"https:\/\/i0.wp.com\/blogdalucianaoliveira.com.br\/blog\/wp-content\/uploads\/2019\/11\/1624F3E6-A045-4E95-BA9A-B8F05EE6838F.jpeg?w=768 768w, https:\/\/i0.wp.com\/blogdalucianaoliveira.com.br\/blog\/wp-content\/uploads\/2019\/11\/1624F3E6-A045-4E95-BA9A-B8F05EE6838F.jpeg?resize=288%2C300 288w\" sizes=\"auto, (max-width: 600px) 100vw, 600px\" \/><\/p>\n<p>Uma emboscada feita por madeireiros no interior da Terra Ind\u00edgena Ararib\u00f3ia, regi\u00e3o de Bom Jesus das Selvas, no Maranh\u00e3o, entre as Aldeias Lagoa Comprida e Jenipapo, resultou no assassinato do ind\u00edgena Paulo Paulino Guajajara nesta sexta-feira (01\/11). Segundo informa\u00e7\u00f5es obtidas at\u00e9 este momento, o Guardi\u00e3o La\u00e9rcio Guajajara tamb\u00e9m foi baleado durante o atentado e um madeireiro teria morrido.<!--more--><\/p>\n<p>Diante da omiss\u00e3o do Estado em proteger os territ\u00f3rios ind\u00edgenas, os \u201cGuardi\u00f5es da Floresta\u201d t\u00eam assumido este papel para si, e todos os riscos associados a ele.<\/p>\n<p>Invadidas por grileiros e madeireiros, as terras ind\u00edgenas do Maranh\u00e3o t\u00eam sido palco de uma luta assim\u00e9trica, onde pequenos grupos de Guardi\u00f5es optam por defender, muitas vezes com a pr\u00f3pria vida, a integridade de seus territ\u00f3rios.<\/p>\n<p>Paulino e La\u00e9rcio s\u00e3o as mais recentes v\u00edtimas de um Estado que se recusa a cumprir o que determina a Constitui\u00e7\u00e3o Federal.<\/p>\n<p>Repudiamos toda a viol\u00eancia gerada pela incapacidade do Estado em cumprir seu dever de proteger este e todos os territ\u00f3rios ind\u00edgenas do Brasil e exigimos que sejam tomadas imediatas a\u00e7\u00f5es para evitar a ocorr\u00eancia de mais conflitos e mortes na regi\u00e3o.<\/p>\n<p>Nos solidarizamos com os bravos guerreiros Guajajara da Terra Ind\u00edgena Arariboia e com os Guardi\u00f5es da Floresta, do Maranh\u00e3o e de todo o Brasil, que continuam a lutar diariamente pelo direito de existir.<\/p>\n","protected":false},"excerpt":{"rendered":"<p>Uma emboscada feita por madeireiros no interior da Terra Ind\u00edgena Ararib\u00f3ia, regi\u00e3o de Bom Jesus das Selvas, no Maranh\u00e3o, entre as Aldeias Lagoa Comprida e Jenipapo, resultou no assassinato do ind\u00edgena Paulo Paulino Guajajara nesta sexta-feira (01\/11). Segundo informa\u00e7\u00f5es obtidas at\u00e9 este momento, o Guardi\u00e3o La\u00e9rcio Guajajara tamb\u00e9m foi baleado durante o atentado e um&#8230;<a class=\"more-link\" href=\"http:\/\/blogdalucianaoliveira.com.br\/blog\/2019\/11\/02\/nota-de-pesar-pelo-assassinato-de-mais-um-guardiao-guajajara\/\">Continue a leitura <span class=\"meta-nav\">&raquo;<\/span><\/a><\/p>\n","protected":false},"author":1,"featured_media":0,"comment_status":"closed","ping_status":"open","sticky":false,"template":"","format":"standard","meta":{"_exactmetrics_skip_tracking":false,"_exactmetrics_sitenote_active":false,"_exactmetrics_sitenote_note":"","_exactmetrics_sitenote_category":0,"jetpack_post_was_ever_published":false,"_jetpack_newsletter_access":"","_jetpack_dont_email_post_to_subs":false,"_jetpack_newsletter_tier_id":0,"_jetpack_memberships_contains_paywalled_content":false,"_jetpack_memberships_contains_paid_content":false,"footnotes":"","jetpack_publicize_message":"","jetpack_publicize_feature_enabled":true,"jetpack_social_post_already_shared":true,"jetpack_social_options":{"image_generator_settings":{"template":"highway","enabled":false},"version":2}},"categories":[1],"tags":[],"class_list":["post-24653","post","type-post","status-publish","format-standard","hentry","category-notas"],"jetpack_publicize_connections":[],"jetpack_sharing_enabled":true,"jetpack_featured_media_url":"","jetpack_shortlink":"https:\/\/wp.me\/p7wKYW-6pD","jetpack-related-posts":[],"_links":{"self":[{"href":"http:\/\/blogdalucianaoliveira.com.br\/blog\/wp-json\/wp\/v2\/posts\/24653","targetHints":{"allow":["GET"]}}],"collection":[{"href":"http:\/\/blogdalucianaoliveira.com.br\/blog\/wp-json\/wp\/v2\/posts"}],"about":[{"href":"http:\/\/blogdalucianaoliveira.com.br\/blog\/wp-json\/wp\/v2\/types\/post"}],"author":[{"embeddable":true,"href":"http:\/\/blogdalucianaoliveira.com.br\/blog\/wp-json\/wp\/v2\/users\/1"}],"replies":[{"embeddable":true,"href":"http:\/\/blogdalucianaoliveira.com.br\/blog\/wp-json\/wp\/v2\/comments?post=24653"}],"version-history":[{"count":1,"href":"http:\/\/blogdalucianaoliveira.com.br\/blog\/wp-json\/wp\/v2\/posts\/24653\/revisions"}],"predecessor-version":[{"id":24655,"href":"http:\/\/blogdalucianaoliveira.com.br\/blog\/wp-json\/wp\/v2\/posts\/24653\/revisions\/24655"}],"wp:attachment":[{"href":"http:\/\/blogdalucianaoliveira.com.br\/blog\/wp-json\/wp\/v2\/media?parent=24653"}],"wp:term":[{"taxonomy":"category","embeddable":true,"href":"http:\/\/blogdalucianaoliveira.com.br\/blog\/wp-json\/wp\/v2\/categories?post=24653"},{"taxonomy":"post_tag","embeddable":true,"href":"http:\/\/blogdalucianaoliveira.com.br\/blog\/wp-json\/wp\/v2\/tags?post=24653"}],"curies":[{"name":"wp","href":"https:\/\/api.w.org\/{rel}","templated":true}]}}