{"id":24656,"date":"2019-11-02T08:21:37","date_gmt":"2019-11-02T12:21:37","guid":{"rendered":"http:\/\/blogdalucianaoliveira.com.br\/blog\/?p=24656"},"modified":"2019-11-02T08:21:37","modified_gmt":"2019-11-02T12:21:37","slug":"guardiao-da-floresta-lider-indigena-guajajara-e-morto-em-conflito-com-madeireiros-no-maranhao","status":"publish","type":"post","link":"http:\/\/blogdalucianaoliveira.com.br\/blog\/2019\/11\/02\/guardiao-da-floresta-lider-indigena-guajajara-e-morto-em-conflito-com-madeireiros-no-maranhao\/","title":{"rendered":"&#8216;Guardi\u00e3o da floresta&#8217;, l\u00edder ind\u00edgena Guajajara \u00e9 morto em conflito com madeireiros no Maranh\u00e3o"},"content":{"rendered":"<p><img data-recalc-dims=\"1\" loading=\"lazy\" decoding=\"async\" data-attachment-id=\"24657\" data-permalink=\"http:\/\/blogdalucianaoliveira.com.br\/blog\/2019\/11\/02\/guardiao-da-floresta-lider-indigena-guajajara-e-morto-em-conflito-com-madeireiros-no-maranhao\/e713282e-df46-448a-a699-8b97a0dd711a\/\" data-orig-file=\"https:\/\/i0.wp.com\/blogdalucianaoliveira.com.br\/blog\/wp-content\/uploads\/2019\/11\/E713282E-DF46-448A-A699-8B97A0DD711A.jpeg?fit=750%2C488\" data-orig-size=\"750,488\" data-comments-opened=\"0\" data-image-meta=\"{&quot;aperture&quot;:&quot;0&quot;,&quot;credit&quot;:&quot;&quot;,&quot;camera&quot;:&quot;&quot;,&quot;caption&quot;:&quot;&quot;,&quot;created_timestamp&quot;:&quot;0&quot;,&quot;copyright&quot;:&quot;&quot;,&quot;focal_length&quot;:&quot;0&quot;,&quot;iso&quot;:&quot;0&quot;,&quot;shutter_speed&quot;:&quot;0&quot;,&quot;title&quot;:&quot;&quot;,&quot;orientation&quot;:&quot;0&quot;}\" data-image-title=\"E713282E-DF46-448A-A699-8B97A0DD711A\" data-image-description=\"\" data-image-caption=\"\" data-medium-file=\"https:\/\/i0.wp.com\/blogdalucianaoliveira.com.br\/blog\/wp-content\/uploads\/2019\/11\/E713282E-DF46-448A-A699-8B97A0DD711A.jpeg?fit=300%2C195\" data-large-file=\"https:\/\/i0.wp.com\/blogdalucianaoliveira.com.br\/blog\/wp-content\/uploads\/2019\/11\/E713282E-DF46-448A-A699-8B97A0DD711A.jpeg?fit=600%2C390\" class=\"alignnone size-full wp-image-24657\" src=\"https:\/\/i0.wp.com\/blogdalucianaoliveira.com.br\/blog\/wp-content\/uploads\/2019\/11\/E713282E-DF46-448A-A699-8B97A0DD711A.jpeg?resize=600%2C390\" alt=\"E713282E-DF46-448A-A699-8B97A0DD711A\" width=\"600\" height=\"390\" srcset=\"https:\/\/i0.wp.com\/blogdalucianaoliveira.com.br\/blog\/wp-content\/uploads\/2019\/11\/E713282E-DF46-448A-A699-8B97A0DD711A.jpeg?w=750 750w, https:\/\/i0.wp.com\/blogdalucianaoliveira.com.br\/blog\/wp-content\/uploads\/2019\/11\/E713282E-DF46-448A-A699-8B97A0DD711A.jpeg?resize=300%2C195 300w, https:\/\/i0.wp.com\/blogdalucianaoliveira.com.br\/blog\/wp-content\/uploads\/2019\/11\/E713282E-DF46-448A-A699-8B97A0DD711A.jpeg?resize=461%2C300 461w\" sizes=\"auto, (max-width: 600px) 100vw, 600px\" \/><\/p>\n<p>Organiza\u00e7\u00f5es lamentaram o ocorrido e denunciaram viol\u00eancia na regi\u00e3o amaz\u00f4nica.<!--more--><\/p>\n<p>Na FSP<\/p>\n<div class=\"c-news__wrap\">\n<div class=\"c-signature\"><strong class=\"c-signature__author\">Cristina Camargo<\/strong><\/div>\n<\/div>\n<div class=\"c-news__content\">\n<div class=\"c-signature c-signature--left\" data-force-change-font-size=\"\"><strong class=\"c-signature__location\">S\u00c3O PAULO<\/strong><\/div>\n<div class=\"c-news__body\" data-share-text=\"\" data-news-content-text=\"\" data-disable-copy=\"\" data-continue-reading=\"\" data-continue-reading-hide-others=\".js-continue-reading-hidden\">\n<p>O l\u00edder ind\u00edgena Paulo Paulino Guajajara foi assassinado na sexta-feira (1) em um confronto com madeireiros na Terra Ind\u00edgena Arariboia, na regi\u00e3o de Bom Jesus das Selvas, no Maranh\u00e3o. Ele era integrante de um grupo de <a href=\"https:\/\/www1.folha.uol.com.br\/ambiente\/2019\/09\/guardioes-da-floresta-perseguem-madeireiros-ilegais-na-amazonia.shtml\">agentes florestais ind\u00edgenas autodenominados &#8220;guardi\u00f5es da floresta&#8221;<\/a>.<\/p>\n<div class=\"rs_skip\">\n<div class=\"widget-image\">\n<figure><img data-recalc-dims=\"1\" decoding=\"async\" class=\"img-responsive\" src=\"https:\/\/i0.wp.com\/f.i.uol.com.br\/fotografia\/2019\/09\/20\/15690133835d853e87656b2_1569013383_3x2_md.jpg?w=600&#038;ssl=1\" sizes=\"(min-width: 1024px) 68vw, 100vw\" srcset=\"https:\/\/f.i.uol.com.br\/fotografia\/2019\/09\/20\/15690133835d853e87656b2_1569013383_3x2_th.jpg 100w, https:\/\/f.i.uol.com.br\/fotografia\/2019\/09\/20\/15690133835d853e87656b2_1569013383_3x2_sm.jpg 480w, https:\/\/f.i.uol.com.br\/fotografia\/2019\/09\/20\/15690133835d853e87656b2_1569013383_3x2_md.jpg 768w, https:\/\/f.i.uol.com.br\/fotografia\/2019\/09\/20\/15690133835d853e87656b2_1569013383_3x2_lg.jpg 1024w, https:\/\/f.i.uol.com.br\/fotografia\/2019\/09\/20\/15690133835d853e87656b2_1569013383_3x2_xl.jpg 1200w, https:\/\/f.i.uol.com.br\/fotografia\/2019\/09\/20\/15690133835d853e87656b2_1569013383_3x2_rt.jpg 2400w\" alt=\"Foto mostra sombras de ind\u00edgenas em madrugada no Maranh\u00e3o. Parecem vigiar uma \u00e1rea.\" \/><figcaption class=\"widget-image__subtitle\">Os Guajajara atuam como &#8216;guardi\u00f5es da floresta&#8217; contra madeireiros ilegais na terra ind\u00edgena de Arariboia, no Maranh\u00e3o &#8211; <span class=\"widget-image__credits\">Ueslei Marcelino\/Reuters<\/span><\/figcaption><\/figure>\n<\/div>\n<\/div>\n<p>A informa\u00e7\u00e3o foi confirmada pelo governo do Maranh\u00e3o, por meio da Secretaria de Estado dos Direitos Humanos e Participa\u00e7\u00e3o Popular, que deslocou equipes para apurar o caso e proteger os amea\u00e7ados, junto com a Secretaria de Seguran\u00e7a P\u00fablica.<\/p>\n<p>Al\u00e9m de Paulino, o l\u00edder ind\u00edgena La\u00e9rcio Souza Silva sofreu ferimentos graves e um madeireiro est\u00e1 desaparecido.<\/p>\n<div class=\"js-continue-reading-content-hidden\">\n<p>Durante a madrugada deste s\u00e1bado (2), a morte do l\u00edder ind\u00edgena provocou manifesta\u00e7\u00f5es de organiza\u00e7\u00f5es n\u00e3o governamentais como o Greenpeace e de lideran\u00e7as como S\u00f4nia Guajajara, coordenadora da Apib (Articula\u00e7\u00e3o dos Povos Ind\u00edgenas do Brasil).<\/p>\n<p>As terras ind\u00edgenas do Maranh\u00e3o sofrem invas\u00f5es de grileiros e madeireiros h\u00e1 d\u00e9cadas e desde 2012 os chamados &#8220;guardi\u00f5es da floresta&#8221; tentam <a href=\"https:\/\/www1.folha.uol.com.br\/ambiente\/2019\/08\/abandonados-pelo-governo-federal-indios-xikrin-retomam-area-de-grileiros-no-pa.shtml\">proteger a regi\u00e3o por conta pr\u00f3pria<\/a>, expulsando os invasores. O grupo \u00e9 formado por 180 ind\u00edgenas e realiza a\u00e7\u00f5es noturnas contra madeireiros.<\/p>\n<p>De acordo com o que foi divulgado at\u00e9 agora, o que aconteceu na sexta-feira foi uma emboscada de madeireiros contra ind\u00edgenas, provocando um violento conflito.<\/p>\n<\/div>\n<p>&#8220;Repudiamos toda a viol\u00eancia gerada pela incapacidade do Estado em cumprir seu dever de proteger este e todos os territ\u00f3rios ind\u00edgenas do Brasil e exigimos que sejam tomadas imediatas a\u00e7\u00f5es para evitar a ocorr\u00eancia de mais conflitos e mais morte na regi\u00e3o&#8221;, diz nota divulgada pelo Greenpeace.<\/p>\n<p><a href=\"https:\/\/www1.folha.uol.com.br\/poder\/2019\/08\/em-1a-marcha-mulheres-indigenas-protestam-contra-governo-bolsonaro.shtml\">A l\u00edder S\u00f4nia Guajajara<\/a>, ex-candidata a vice-presid\u00eancia da Rep\u00fablica pelo Psol, comunicou a morte de Paulino no final da noite de sexta-feira e pediu um basta ao &#8220;genoc\u00eddio institucionalizado&#8221;.<\/p>\n<p>&#8220;Parem de autorizar o derramamento de sangue de nosso povo&#8221;, escreveu S\u00f4nia nas redes sociais.<\/p>\n<p>O ISA (Instituto Socioambiental) tamb\u00e9m lamentou a morte de Paulino durante a madrugada.<\/p>\n<\/div>\n<p>&#8220;Luto na Terra Ind\u00edgena Arariboia. Toda a for\u00e7a aos guardi\u00f5es da floresta do povo Guajajara, que protegem a floresta, \u00a0seu territ\u00f3rio e os parentes isolados Aw\u00e1 Guaj\u00e1&#8221;, diz nota divulgada pelo Instituto.<\/p>\n<p>De acordo com informa\u00e7\u00f5es do ISA, os Guajajara s\u00e3o um dos povos ind\u00edgenas mais numerosos do Brasil. Vivem em mais de dez terras ind\u00edgenas na margem oriental da Amaz\u00f4nia, todas localizadas no Maranh\u00e3o.<\/p>\n<\/div>\n","protected":false},"excerpt":{"rendered":"<p>Organiza\u00e7\u00f5es lamentaram o ocorrido e denunciaram viol\u00eancia na regi\u00e3o amaz\u00f4nica.<\/p>\n","protected":false},"author":1,"featured_media":0,"comment_status":"closed","ping_status":"open","sticky":false,"template":"","format":"standard","meta":{"_exactmetrics_skip_tracking":false,"_exactmetrics_sitenote_active":false,"_exactmetrics_sitenote_note":"","_exactmetrics_sitenote_category":0,"jetpack_post_was_ever_published":false,"_jetpack_newsletter_access":"","_jetpack_dont_email_post_to_subs":false,"_jetpack_newsletter_tier_id":0,"_jetpack_memberships_contains_paywalled_content":false,"_jetpack_memberships_contains_paid_content":false,"footnotes":"","jetpack_publicize_message":"","jetpack_publicize_feature_enabled":true,"jetpack_social_post_already_shared":true,"jetpack_social_options":{"image_generator_settings":{"template":"highway","enabled":false},"version":2}},"categories":[1],"tags":[],"class_list":["post-24656","post","type-post","status-publish","format-standard","hentry","category-notas"],"jetpack_publicize_connections":[],"jetpack_sharing_enabled":true,"jetpack_featured_media_url":"","jetpack_shortlink":"https:\/\/wp.me\/p7wKYW-6pG","jetpack-related-posts":[],"_links":{"self":[{"href":"http:\/\/blogdalucianaoliveira.com.br\/blog\/wp-json\/wp\/v2\/posts\/24656","targetHints":{"allow":["GET"]}}],"collection":[{"href":"http:\/\/blogdalucianaoliveira.com.br\/blog\/wp-json\/wp\/v2\/posts"}],"about":[{"href":"http:\/\/blogdalucianaoliveira.com.br\/blog\/wp-json\/wp\/v2\/types\/post"}],"author":[{"embeddable":true,"href":"http:\/\/blogdalucianaoliveira.com.br\/blog\/wp-json\/wp\/v2\/users\/1"}],"replies":[{"embeddable":true,"href":"http:\/\/blogdalucianaoliveira.com.br\/blog\/wp-json\/wp\/v2\/comments?post=24656"}],"version-history":[{"count":1,"href":"http:\/\/blogdalucianaoliveira.com.br\/blog\/wp-json\/wp\/v2\/posts\/24656\/revisions"}],"predecessor-version":[{"id":24658,"href":"http:\/\/blogdalucianaoliveira.com.br\/blog\/wp-json\/wp\/v2\/posts\/24656\/revisions\/24658"}],"wp:attachment":[{"href":"http:\/\/blogdalucianaoliveira.com.br\/blog\/wp-json\/wp\/v2\/media?parent=24656"}],"wp:term":[{"taxonomy":"category","embeddable":true,"href":"http:\/\/blogdalucianaoliveira.com.br\/blog\/wp-json\/wp\/v2\/categories?post=24656"},{"taxonomy":"post_tag","embeddable":true,"href":"http:\/\/blogdalucianaoliveira.com.br\/blog\/wp-json\/wp\/v2\/tags?post=24656"}],"curies":[{"name":"wp","href":"https:\/\/api.w.org\/{rel}","templated":true}]}}