{"id":24662,"date":"2019-11-02T08:36:42","date_gmt":"2019-11-02T12:36:42","guid":{"rendered":"http:\/\/blogdalucianaoliveira.com.br\/blog\/?p=24662"},"modified":"2019-11-02T08:36:42","modified_gmt":"2019-11-02T12:36:42","slug":"em-dez-meses-de-governo-bolsonaro-acumula-99-ataques-a-imprensa","status":"publish","type":"post","link":"http:\/\/blogdalucianaoliveira.com.br\/blog\/2019\/11\/02\/em-dez-meses-de-governo-bolsonaro-acumula-99-ataques-a-imprensa\/","title":{"rendered":"Em dez meses de governo, Bolsonaro acumula 99 ataques \u00e0 imprensa"},"content":{"rendered":"<p><img data-recalc-dims=\"1\" loading=\"lazy\" decoding=\"async\" data-attachment-id=\"24663\" data-permalink=\"http:\/\/blogdalucianaoliveira.com.br\/blog\/2019\/11\/02\/em-dez-meses-de-governo-bolsonaro-acumula-99-ataques-a-imprensa\/9dc276a2-16c1-4966-ab45-81f885244109\/\" data-orig-file=\"https:\/\/i0.wp.com\/blogdalucianaoliveira.com.br\/blog\/wp-content\/uploads\/2019\/11\/9DC276A2-16C1-4966-AB45-81F885244109.jpeg?fit=640%2C427\" data-orig-size=\"640,427\" data-comments-opened=\"0\" data-image-meta=\"{&quot;aperture&quot;:&quot;0&quot;,&quot;credit&quot;:&quot;Jos\\u00e9 Cruz\\\/Ag\\u00eancia Brasil&quot;,&quot;camera&quot;:&quot;Canon EOS-1D X&quot;,&quot;caption&quot;:&quot;O presidente Jair Bolsonaro fala \\u00e0 imprensa ap\\u00f3s cerim\\u00f4nia da assinatura de atos de revis\\u00e3o e moderniza\\u00e7\\u00e3o das normas regulamentadoras da sa\\u00fade e seguran\\u00e7a do trabalho, no Pal\\u00e1cio do Planalto.&quot;,&quot;created_timestamp&quot;:&quot;1564510395&quot;,&quot;copyright&quot;:&quot;Agencia Brasil&quot;,&quot;focal_length&quot;:&quot;125&quot;,&quot;iso&quot;:&quot;2500&quot;,&quot;shutter_speed&quot;:&quot;0.0025&quot;,&quot;title&quot;:&quot;&quot;,&quot;orientation&quot;:&quot;0&quot;}\" data-image-title=\"9DC276A2-16C1-4966-AB45-81F885244109\" data-image-description=\"\" data-image-caption=\"\" data-medium-file=\"https:\/\/i0.wp.com\/blogdalucianaoliveira.com.br\/blog\/wp-content\/uploads\/2019\/11\/9DC276A2-16C1-4966-AB45-81F885244109.jpeg?fit=300%2C200\" data-large-file=\"https:\/\/i0.wp.com\/blogdalucianaoliveira.com.br\/blog\/wp-content\/uploads\/2019\/11\/9DC276A2-16C1-4966-AB45-81F885244109.jpeg?fit=600%2C400\" src=\"https:\/\/i0.wp.com\/blogdalucianaoliveira.com.br\/blog\/wp-content\/uploads\/2019\/11\/9DC276A2-16C1-4966-AB45-81F885244109.jpeg?resize=600%2C400\" alt=\"9DC276A2-16C1-4966-AB45-81F885244109\" width=\"600\" height=\"400\" class=\"alignnone size-full wp-image-24663\" srcset=\"https:\/\/i0.wp.com\/blogdalucianaoliveira.com.br\/blog\/wp-content\/uploads\/2019\/11\/9DC276A2-16C1-4966-AB45-81F885244109.jpeg?w=640 640w, https:\/\/i0.wp.com\/blogdalucianaoliveira.com.br\/blog\/wp-content\/uploads\/2019\/11\/9DC276A2-16C1-4966-AB45-81F885244109.jpeg?resize=300%2C200 300w, https:\/\/i0.wp.com\/blogdalucianaoliveira.com.br\/blog\/wp-content\/uploads\/2019\/11\/9DC276A2-16C1-4966-AB45-81F885244109.jpeg?resize=450%2C300 450w\" sizes=\"auto, (max-width: 600px) 100vw, 600px\" \/><\/p>\n<p>Fenaj divulgou estudo elencando 11 ataques contra jornalistas e 88 casos de descredibiliza\u00e7\u00e3o da m\u00eddia pelo presidente.<!--more--><\/p>\n<p>Emilly Dulce e Lu Sudr\u00e9<br \/>\nBrasil de Fato<\/p>\n<p>Com dez meses \u00e0 frente da presid\u00eancia da Rep\u00fablica, Jair Bolsonaro (PSL) coleciona ataques \u00e0 imprensa livre e ao exerc\u00edcio do jornalismo. Neste s\u00e1bado (2), \u00e9 celebrado o Dia Internacional pelo Fim da Impunidade dos Crimes Contra Jornalistas.<\/p>\n<p>Um levantamento feito pela Federa\u00e7\u00e3o Nacional dos Jornalistas (Fenaj), divulgado \u00e0s v\u00e9speras da data, aponta que ao menos duas vezes por semana, o presidente ataca jornalistas por meio de discursos, postagens em redes sociais e entrevistas.<\/p>\n<p>Segundo o estudo da Fenaj, os casos levantados at\u00e9 31 de outubro revelam 99 declara\u00e7\u00f5es amea\u00e7adoras do chefe do Poder Executivo, sendo 11 delas contra jornalistas, e 88 ocorr\u00eancias de descredibiliza\u00e7\u00e3o da m\u00eddia.<\/p>\n<p>Para Maria Jos\u00e9 Braga, presidenta da Fenaj, Bolsonaro v\u00ea os jornalistas e a imprensa como advers\u00e1rios pol\u00edticos e, mais do que isso, seus inimigos. <\/p>\n<p>&#8220;Esse grande n\u00famero de ataques do presidente \u00e0 imprensa e aos jornalistas \u00e9 uma demonstra\u00e7\u00e3o de que a nossa democracia est\u00e1, que nunca se efetivou completamente, est\u00e1 muito mais fragilizada. O presidente n\u00e3o tem respeito pela democracia e pelas institui\u00e7\u00f5es democr\u00e1ticas e vem demonstrando isso ao longo de sua vida p\u00fablica&#8221;, critica Braga. <\/p>\n<p>O artigo 220 da Constitui\u00e7\u00e3o Federal de 1988 estabelece que &#8220;a manifesta\u00e7\u00e3o do pensamento, a cria\u00e7\u00e3o, a express\u00e3o e a informa\u00e7\u00e3o, sob qualquer forma, processo ou ve\u00edculo n\u00e3o sofrer\u00e3o qualquer restri\u00e7\u00e3o&#8221; e que fica &#8220;vedada toda e qualquer censura de natureza pol\u00edtica, ideol\u00f3gica e art\u00edstica&#8221;. <\/p>\n<p>No entanto, o balan\u00e7o da Fenaj mostra que, j\u00e1 no terceiro dia de mandato, Bolsonaro desferiu ataques \u00e0 imprensa por meio de um v\u00eddeo em sua conta pessoal no Twitter. Na ocasi\u00e3o, o presidente afirmou que um de seus ministros, o general Augusto Heleno, fala o que &#8220;a grande parte da imprensa omite&#8221;. Um caso, segundo a classifica\u00e7\u00e3o da Fenaj, de descredibiliza\u00e7\u00e3o da m\u00eddia. <\/p>\n<p>A express\u00e3o &#8220;mentira&#8221; foi uma das mais utilizadas pelo presidente para se referir \u00e0 atividade jornal\u00edstica no pa\u00eds. &#8220;Olha, as redes sociais \u00e9 a imprensa livre que eu tenho&#8221;, afirmou Bolsonaro em uma entrevista coletiva no m\u00eas de mar\u00e7o. <\/p>\n<p>Outro caso citado pela federa\u00e7\u00e3o, foi o discurso na assembleia geral da Organiza\u00e7\u00e3o Na\u00e7\u00e3o Unidas (ONU) sobre a Amaz\u00f4nia, quando Bolsonaro afirmou que a floresta n\u00e3o estava &#8220;sendo devastada e nem consumida pelo fogo, como diz mentirosamente a m\u00eddia&#8221;. <\/p>\n<p>&#8220;O presidente n\u00e3o pode utilizar o cargo para restringir essas liberdades, por meio de agress\u00f5es,  amea\u00e7as e medidas de retalia\u00e7\u00e3o contra ve\u00edculos de m\u00eddia&#8221;, assinala Braga.<\/p>\n<p>Ela acrescenta que &#8220;a sociedade brasileira n\u00e3o pode aceitar o inaceit\u00e1vel; n\u00e3o pode naturalizar a arb\u00edtrio, a viol\u00eancia, o \u00f3dio e o obscurantismo como pr\u00e1tica de governo e social&#8221;.<\/p>\n<p>A partir de agora, a Fenaj passar\u00e1 a divulgar o balan\u00e7o m\u00eas a m\u00eas.<\/p>\n<p>Edi\u00e7\u00e3o: Rodrigo Chagas<\/p>\n","protected":false},"excerpt":{"rendered":"<p>Fenaj divulgou estudo elencando 11 ataques contra jornalistas e 88 casos de descredibiliza\u00e7\u00e3o da m\u00eddia pelo presidente.<\/p>\n","protected":false},"author":1,"featured_media":0,"comment_status":"closed","ping_status":"open","sticky":false,"template":"","format":"standard","meta":{"_exactmetrics_skip_tracking":false,"_exactmetrics_sitenote_active":false,"_exactmetrics_sitenote_note":"","_exactmetrics_sitenote_category":0,"jetpack_post_was_ever_published":false,"_jetpack_newsletter_access":"","_jetpack_dont_email_post_to_subs":false,"_jetpack_newsletter_tier_id":0,"_jetpack_memberships_contains_paywalled_content":false,"_jetpack_memberships_contains_paid_content":false,"footnotes":"","jetpack_publicize_message":"","jetpack_publicize_feature_enabled":true,"jetpack_social_post_already_shared":true,"jetpack_social_options":{"image_generator_settings":{"template":"highway","enabled":false},"version":2}},"categories":[1],"tags":[],"class_list":["post-24662","post","type-post","status-publish","format-standard","hentry","category-notas"],"jetpack_publicize_connections":[],"jetpack_sharing_enabled":true,"jetpack_featured_media_url":"","jetpack_shortlink":"https:\/\/wp.me\/p7wKYW-6pM","jetpack-related-posts":[],"_links":{"self":[{"href":"http:\/\/blogdalucianaoliveira.com.br\/blog\/wp-json\/wp\/v2\/posts\/24662","targetHints":{"allow":["GET"]}}],"collection":[{"href":"http:\/\/blogdalucianaoliveira.com.br\/blog\/wp-json\/wp\/v2\/posts"}],"about":[{"href":"http:\/\/blogdalucianaoliveira.com.br\/blog\/wp-json\/wp\/v2\/types\/post"}],"author":[{"embeddable":true,"href":"http:\/\/blogdalucianaoliveira.com.br\/blog\/wp-json\/wp\/v2\/users\/1"}],"replies":[{"embeddable":true,"href":"http:\/\/blogdalucianaoliveira.com.br\/blog\/wp-json\/wp\/v2\/comments?post=24662"}],"version-history":[{"count":1,"href":"http:\/\/blogdalucianaoliveira.com.br\/blog\/wp-json\/wp\/v2\/posts\/24662\/revisions"}],"predecessor-version":[{"id":24664,"href":"http:\/\/blogdalucianaoliveira.com.br\/blog\/wp-json\/wp\/v2\/posts\/24662\/revisions\/24664"}],"wp:attachment":[{"href":"http:\/\/blogdalucianaoliveira.com.br\/blog\/wp-json\/wp\/v2\/media?parent=24662"}],"wp:term":[{"taxonomy":"category","embeddable":true,"href":"http:\/\/blogdalucianaoliveira.com.br\/blog\/wp-json\/wp\/v2\/categories?post=24662"},{"taxonomy":"post_tag","embeddable":true,"href":"http:\/\/blogdalucianaoliveira.com.br\/blog\/wp-json\/wp\/v2\/tags?post=24662"}],"curies":[{"name":"wp","href":"https:\/\/api.w.org\/{rel}","templated":true}]}}