{"id":24678,"date":"2019-11-03T06:52:59","date_gmt":"2019-11-03T10:52:59","guid":{"rendered":"http:\/\/blogdalucianaoliveira.com.br\/blog\/?p=24678"},"modified":"2019-11-03T06:52:59","modified_gmt":"2019-11-03T10:52:59","slug":"o-que-aconteceria-se-toda-a-amazonia-virasse-pasto","status":"publish","type":"post","link":"http:\/\/blogdalucianaoliveira.com.br\/blog\/2019\/11\/03\/o-que-aconteceria-se-toda-a-amazonia-virasse-pasto\/","title":{"rendered":"O que aconteceria se toda a Amaz\u00f4nia virasse pasto?"},"content":{"rendered":"<p><img data-recalc-dims=\"1\" loading=\"lazy\" decoding=\"async\" data-attachment-id=\"24679\" data-permalink=\"http:\/\/blogdalucianaoliveira.com.br\/blog\/2019\/11\/03\/o-que-aconteceria-se-toda-a-amazonia-virasse-pasto\/e4936bb1-fb41-434f-b3fe-716049a6fbda\/\" data-orig-file=\"https:\/\/i0.wp.com\/blogdalucianaoliveira.com.br\/blog\/wp-content\/uploads\/2019\/11\/E4936BB1-FB41-434F-B3FE-716049A6FBDA.jpeg?fit=700%2C394\" data-orig-size=\"700,394\" data-comments-opened=\"0\" data-image-meta=\"{&quot;aperture&quot;:&quot;0&quot;,&quot;credit&quot;:&quot;&quot;,&quot;camera&quot;:&quot;&quot;,&quot;caption&quot;:&quot;&quot;,&quot;created_timestamp&quot;:&quot;0&quot;,&quot;copyright&quot;:&quot;&quot;,&quot;focal_length&quot;:&quot;0&quot;,&quot;iso&quot;:&quot;0&quot;,&quot;shutter_speed&quot;:&quot;0&quot;,&quot;title&quot;:&quot;&quot;,&quot;orientation&quot;:&quot;0&quot;}\" data-image-title=\"E4936BB1-FB41-434F-B3FE-716049A6FBDA\" data-image-description=\"\" data-image-caption=\"\" data-medium-file=\"https:\/\/i0.wp.com\/blogdalucianaoliveira.com.br\/blog\/wp-content\/uploads\/2019\/11\/E4936BB1-FB41-434F-B3FE-716049A6FBDA.jpeg?fit=300%2C169\" data-large-file=\"https:\/\/i0.wp.com\/blogdalucianaoliveira.com.br\/blog\/wp-content\/uploads\/2019\/11\/E4936BB1-FB41-434F-B3FE-716049A6FBDA.jpeg?fit=600%2C338\" src=\"https:\/\/i0.wp.com\/blogdalucianaoliveira.com.br\/blog\/wp-content\/uploads\/2019\/11\/E4936BB1-FB41-434F-B3FE-716049A6FBDA.jpeg?resize=600%2C338\" alt=\"E4936BB1-FB41-434F-B3FE-716049A6FBDA\" width=\"600\" height=\"338\" class=\"alignnone size-full wp-image-24679\" srcset=\"https:\/\/i0.wp.com\/blogdalucianaoliveira.com.br\/blog\/wp-content\/uploads\/2019\/11\/E4936BB1-FB41-434F-B3FE-716049A6FBDA.jpeg?w=700 700w, https:\/\/i0.wp.com\/blogdalucianaoliveira.com.br\/blog\/wp-content\/uploads\/2019\/11\/E4936BB1-FB41-434F-B3FE-716049A6FBDA.jpeg?resize=300%2C169 300w, https:\/\/i0.wp.com\/blogdalucianaoliveira.com.br\/blog\/wp-content\/uploads\/2019\/11\/E4936BB1-FB41-434F-B3FE-716049A6FBDA.jpeg?resize=533%2C300 533w\" sizes=\"auto, (max-width: 600px) 100vw, 600px\" \/><\/p>\n<p>Desmatamento chegaria ao Cerrado; Mais calor e menos chuvas;Dados da Universidade de Princeton<!--more--><\/p>\n<p>No DEUTSCHE WELLE<\/p>\n<p>Na Universidade de Princeton, nos Estados Unidos, 1 centro de pesquisas se especializou em criar modelos matem\u00e1ticos do clima no planeta Terra, a partir de in\u00fameras vari\u00e1veis, como o Sol, as correntes mar\u00edtimas, a superf\u00edcie dos terrenos, a din\u00e2mica de florestas tropicais e a emiss\u00e3o de gases por meio da atividade humana. O laborat\u00f3rio, conhecido pela sigla GFDL, desenvolveu as primeiras simula\u00e7\u00f5es num\u00e9ricas da atmosfera e dos oceanos do mundo, e hoje ajuda a ONU (Organiza\u00e7\u00e3o das Na\u00e7\u00f5es Unidas) a estimar o aquecimento global nas pr\u00f3ximas d\u00e9cadas, al\u00e9m de prever trajet\u00f3rias de furac\u00f5es e outros fen\u00f4menos.<\/p>\n<p>Stephen Pacala, professor de mudan\u00e7as clim\u00e1ticas e sistemas ecol\u00f3gicos de Princeton, e Elena Shevliakova, especialista em modelagem clim\u00e1tica, decidiram aplicar esse sistema sofisticado, que roda em supercomputadores com milhares de processadores simult\u00e2neos, para estimar como o desmatamento da floresta afetaria o clima da regi\u00e3o amaz\u00f4nica e adjac\u00eancias. Eles ent\u00e3o programaram seu modelo para calcular o que aconteceria se toda a \u00e1rea da Amaz\u00f4nia virasse pasto \u2013 uma previs\u00e3o dr\u00e1stica, mas que ajuda a esclarecer os efeitos do desmatamento.<\/p>\n<p>Segundo o resultado, apresentado em 1 semin\u00e1rio em outubro, em Princeton,  a temperatura da regi\u00e3o ficaria de 2 a 3 graus cent\u00edgrados mais quente, al\u00e9m da alta j\u00e1 esperada em rela\u00e7\u00e3o \u00e0 era pr\u00e9-industrial.<\/p>\n<p>Al\u00e9m disso, o volume anual de chuvas seria reduzido em at\u00e9 800 mil\u00edmetros \u2013 65% do que costuma chover em Porto Alegre num ano. Parte dos efeitos seria sentido tamb\u00e9m no bioma vizinho \u00e0 Amaz\u00f4nia, o Cerrado, onde hoje se planta boa parte dos gr\u00e3os exportados pelo Brasil, como a soja.<\/p>\n<p>A conclus\u00e3o do laborat\u00f3rio de Princeton confirmou estimativas feitas anos antes por outros cientistas, como a indiana Jayashri Shukla e o brasileiro Carlos Nobre, que usaram t\u00e9cnicas mais simples, 1 sinal de que o resultado \u00e9 \u201cmuito robusto\u201d, disse Pacala em entrevista \u00e0 Deutsche Welle Brasil, na qual ele detalha o sistema utilizado e os efeitos do desmatamento.<\/p>\n<p>DW BRASIL: COMO FUNCIONA O MODELO EM SE BASEOU SUA PROJE\u00c7\u00c3O?<br \/>\nStephen Pacala: \u00c9 a mesma matem\u00e1tica que prev\u00ea as condi\u00e7\u00f5es meteorol\u00f3gicas e de clima. Temos 1 modelo do planeta inteiro, que inclui a atmosfera, os oceanos, os terrenos, a geoqu\u00edmica que controla os gases causadores do efeito estufa e diversos outros fatores. Basicamente, voc\u00ea inicia o modelo ligando o Sol, e ent\u00e3o o clima, as correntes oce\u00e2nicas, os fen\u00f4menos El Ni\u00f1o e La Ni\u00f1a e os ecossistemas do mundo emergem espontaneamente, a partir da l\u00f3gica da matem\u00e1tica.<\/p>\n<p>Quando voc\u00ea inclui no modelo fatores dos \u00faltimos 200 anos, como vulc\u00f5es, mudan\u00e7a do uso da terra pelo homem, emiss\u00f5es de gases do efeito estufa pelo uso de combust\u00edveis f\u00f3sseis e localiza\u00e7\u00e3o das florestas, entre outros, ao chegarmos no dia de hoje, obtemos uma previs\u00e3o com varia\u00e7\u00e3o de apenas 1% em rela\u00e7\u00e3o ao clima atual no mundo. E esse mesmo instrumento pode ser adaptado para prever a trajet\u00f3ria de furac\u00f5es e outros fen\u00f4menos.<\/p>\n<p>PARA A SIMULA\u00c7\u00c3O DA AMAZ\u00d4NIA, QUAIS VARI\u00c1VEIS VOC\u00caS CONSIDERARAM?<br \/>\nTodas as vari\u00e1veis que controlam a troca de mat\u00e9ria e energia entre a superf\u00edcie da terra e a atmosfera. Na Amaz\u00f4nia, por exemplo, inclu\u00edmos o mecanismo pelo qual uma gota de chuva que cai \u00e9 aquecida pelo sol ou se move por meio de uma \u00e1rvore at\u00e9 chegar \u00e0 atmosfera, e depois cai novamente durante a chuva da tarde. H\u00e1 tamb\u00e9m os ventos chegando do oceano, carregando umidade, e tamb\u00e9m o vento que leva umidade da Amaz\u00f4nia para fora, al\u00e9m da circula\u00e7\u00e3o interna. Todas essa for\u00e7as s\u00e3o inclu\u00eddas.<\/p>\n<p>Estamos em contato com cientistas brasileiros que monitoram o desmatamento e nosso modelo est\u00e1 equipado para considerar detalhes do uso da terra, incluindo toda a hist\u00f3ria de desmatamento da Amaz\u00f4nia at\u00e9 o presente. Como quer\u00edamos oferecer uma met\u00e1fora cient\u00edfica para o tema do semin\u00e1rio, fizemos a proje\u00e7\u00e3o mais simples: removemos metade e toda a floresta, e perguntamos o que isso desencadearia.<\/p>\n<p>O QUE HOUVE COM O VOLUME DE CHUVAS NA REGI\u00c3O NO CEN\u00c1RIO DE TODA A FLORESTA SER SUBSTITU\u00cdDA POR PASTO?<br \/>\nHouve uma redu\u00e7\u00e3o da precipita\u00e7\u00e3o de 700 a 800 mil\u00edmetros por ano. Esse n\u00famero j\u00e1 estava no estudo de [Jayashri] Shukla, de Carlos Nobre e em diversos outros posteriores, e estava certo. Nossos resultados confirmaram o que j\u00e1 era conhecido.<\/p>\n<p>Acrescentemos mais detalhes e processos, e deixamos o modelo mais pr\u00f3ximo da realidade, mas o resultado n\u00e3o se alterou, se trata de uma conclus\u00e3o bastante robusta. E \u00e9 algo bastante significativo para a agricultura, especialmente se voc\u00ea combinar com a alta nas temperaturas, que faz a \u00e1gua deixar o solo mais rapidamente.<\/p>\n<p>COMO ISSO AFETARIA A TEMPERATURA NA REGI\u00c3O?<br \/>\nAl\u00e9m do aumento de 2 \u00baC [comparado com a era pr\u00e9-industrial], do qual o mundo est\u00e1 tentando ficar abaixo por meio do Acordo de Paris, a regi\u00e3o teria 1 acr\u00e9scimo extra de 2 a 3 graus.<\/p>\n<p>POR QUE SUBSTITUIR A AMAZ\u00d4NIA POR PASTO AUMENTA AS TEMPERATURAS E REDUZ AS CHUVAS?<br \/>\nIsso est\u00e1 ligado a como as \u00e1rvores funcionam. As folhas s\u00e3o cobertas por pequenos poros, dentro dos quais est\u00e1 o interior \u00famido das folhas. Somadas, todas as folhas da floresta representam uma enorme superf\u00edcie de evapora\u00e7\u00e3o. E as ra\u00edzes t\u00eam contato com a \u00e1gua do solo. As \u00e1rvores s\u00e3o muito eficientes para mover \u00e1gua do solo para a atmosfera, e essa evapora\u00e7\u00e3o tem 1 efeito de resfriamento, como num ar-condicionado. Depois que \u00e9 injetada na atmosfera, a \u00e1gua sobe, e boa parte dela cai novamente como chuva na Amaz\u00f4nia.<\/p>\n<p>Se voc\u00ea tira as \u00e1rvores e as substitui por plantas menos eficientes em fazer isso, voc\u00ea tem uma redu\u00e7\u00e3o das chuvas e 1 aumento da temperatura. H\u00e1 menos resfriamento por meio da evapora\u00e7\u00e3o e menos reciclagem da chuva. Al\u00e9m disso, h\u00e1 efeitos mais complicados, a circula\u00e7\u00e3o global nos tr\u00f3picos muda.<\/p>\n<p>COMO ESSA MUDAN\u00c7A NA AMAZ\u00d4NIA AFETARIA AS \u00c1REAS CULTIVADAS NO CERRADO?<br \/>\nEstamos falando de uma \u00e1rea de interesse bem grande, e que repercute no Cerrado. Faremos uma an\u00e1lise geogr\u00e1fica ainda, e esse trabalho ser\u00e1 continuado, vamos rodar novas simula\u00e7\u00f5es para termos uma amostra maior. Mas isso deve ser motivo de preocupa\u00e7\u00e3o.<\/p>\n<p>Existe 1 desejo de transformar a Amaz\u00f4nia em uma \u00e1rea agricultur\u00e1vel para aumentar a produ\u00e7\u00e3o, mas o efeito vai na dire\u00e7\u00e3o contr\u00e1ria se voc\u00ea fizer isso tirando a floresta, pois reduz as chuvas e o solo \u00famido que sustenta a agricultura. Voc\u00ea reduz a produtividade agr\u00edcola, e os efeitos ser\u00e3o extremos. \u00c9 algo que os brasileiros e os outros pa\u00edses da regi\u00e3o devem analisar seriamente, pelo seu pr\u00f3prio interesse.<\/p>\n","protected":false},"excerpt":{"rendered":"<p>Desmatamento chegaria ao Cerrado; Mais calor e menos chuvas;Dados da Universidade de Princeton<\/p>\n","protected":false},"author":1,"featured_media":0,"comment_status":"closed","ping_status":"open","sticky":false,"template":"","format":"standard","meta":{"_exactmetrics_skip_tracking":false,"_exactmetrics_sitenote_active":false,"_exactmetrics_sitenote_note":"","_exactmetrics_sitenote_category":0,"jetpack_post_was_ever_published":false,"_jetpack_newsletter_access":"","_jetpack_dont_email_post_to_subs":false,"_jetpack_newsletter_tier_id":0,"_jetpack_memberships_contains_paywalled_content":false,"_jetpack_memberships_contains_paid_content":false,"footnotes":"","jetpack_publicize_message":"","jetpack_publicize_feature_enabled":true,"jetpack_social_post_already_shared":true,"jetpack_social_options":{"image_generator_settings":{"template":"highway","enabled":false},"version":2}},"categories":[1],"tags":[],"class_list":["post-24678","post","type-post","status-publish","format-standard","hentry","category-notas"],"jetpack_publicize_connections":[],"jetpack_sharing_enabled":true,"jetpack_featured_media_url":"","jetpack_shortlink":"https:\/\/wp.me\/p7wKYW-6q2","jetpack-related-posts":[],"_links":{"self":[{"href":"http:\/\/blogdalucianaoliveira.com.br\/blog\/wp-json\/wp\/v2\/posts\/24678","targetHints":{"allow":["GET"]}}],"collection":[{"href":"http:\/\/blogdalucianaoliveira.com.br\/blog\/wp-json\/wp\/v2\/posts"}],"about":[{"href":"http:\/\/blogdalucianaoliveira.com.br\/blog\/wp-json\/wp\/v2\/types\/post"}],"author":[{"embeddable":true,"href":"http:\/\/blogdalucianaoliveira.com.br\/blog\/wp-json\/wp\/v2\/users\/1"}],"replies":[{"embeddable":true,"href":"http:\/\/blogdalucianaoliveira.com.br\/blog\/wp-json\/wp\/v2\/comments?post=24678"}],"version-history":[{"count":1,"href":"http:\/\/blogdalucianaoliveira.com.br\/blog\/wp-json\/wp\/v2\/posts\/24678\/revisions"}],"predecessor-version":[{"id":24680,"href":"http:\/\/blogdalucianaoliveira.com.br\/blog\/wp-json\/wp\/v2\/posts\/24678\/revisions\/24680"}],"wp:attachment":[{"href":"http:\/\/blogdalucianaoliveira.com.br\/blog\/wp-json\/wp\/v2\/media?parent=24678"}],"wp:term":[{"taxonomy":"category","embeddable":true,"href":"http:\/\/blogdalucianaoliveira.com.br\/blog\/wp-json\/wp\/v2\/categories?post=24678"},{"taxonomy":"post_tag","embeddable":true,"href":"http:\/\/blogdalucianaoliveira.com.br\/blog\/wp-json\/wp\/v2\/tags?post=24678"}],"curies":[{"name":"wp","href":"https:\/\/api.w.org\/{rel}","templated":true}]}}