{"id":24686,"date":"2019-11-03T21:38:18","date_gmt":"2019-11-04T01:38:18","guid":{"rendered":"http:\/\/blogdalucianaoliveira.com.br\/blog\/?p=24686"},"modified":"2019-11-03T21:38:18","modified_gmt":"2019-11-04T01:38:18","slug":"chegou-a-hora-do-fora-bolsonaro","status":"publish","type":"post","link":"http:\/\/blogdalucianaoliveira.com.br\/blog\/2019\/11\/03\/chegou-a-hora-do-fora-bolsonaro\/","title":{"rendered":"Chegou a hora do \u201cFora Bolsonaro!\u201d"},"content":{"rendered":"<p><img data-recalc-dims=\"1\" loading=\"lazy\" decoding=\"async\" class=\"wp-image-405113 size-large\" src=\"https:\/\/i0.wp.com\/www.diariodocentrodomundo.com.br\/wp-content\/uploads\/2019\/11\/bolsonaro-600x368.jpg?resize=600%2C368&#038;ssl=1\" sizes=\"auto, (max-width: 600px) 100vw, 600px\" srcset=\"https:\/\/www.diariodocentrodomundo.com.br\/wp-content\/uploads\/2019\/11\/bolsonaro-600x368.jpg 600w, https:\/\/www.diariodocentrodomundo.com.br\/wp-content\/uploads\/2019\/11\/bolsonaro-300x184.jpg 300w, https:\/\/www.diariodocentrodomundo.com.br\/wp-content\/uploads\/2019\/11\/bolsonaro-768x471.jpg 768w, https:\/\/www.diariodocentrodomundo.com.br\/wp-content\/uploads\/2019\/11\/bolsonaro-685x420.jpg 685w, https:\/\/www.diariodocentrodomundo.com.br\/wp-content\/uploads\/2019\/11\/bolsonaro-640x393.jpg 640w, https:\/\/www.diariodocentrodomundo.com.br\/wp-content\/uploads\/2019\/11\/bolsonaro-681x418.jpg 681w, https:\/\/www.diariodocentrodomundo.com.br\/wp-content\/uploads\/2019\/11\/bolsonaro.jpg 900w\" alt=\"\" width=\"600\" height=\"368\" \/><\/p>\n<p>&nbsp;<\/p>\n<p>No 247, por Emir Sader &#8211; Elei\u00e7\u00f5es manipuladas de maneira brutal levaram \u00e0 presid\u00eancia um governante ileg\u00edtimo. Como recompensa \u00e0 direita \u2013 especialmente o grande empresariado e os meios de comunica\u00e7\u00e3o \u2013 ele governa para os ricos, ataca todos os direitos da massa da popula\u00e7\u00e3o, desmonta o Estado, projeta a imagem mais retrograda do Brasil no mundo. O ministro da Economia prepara outro pacote brutal, para contemplar o grande capital, que tolera tudo o que se faz com o pais, contanto que seus interesses privatizantes sejam promovidos.<!--more--><\/p>\n<p>A esquerda, o campo democr\u00e1tico, os movimentos populares, ficaram deslocados. Foram derrotados, mesmo se por uma opera\u00e7\u00e3o de manipula\u00e7\u00e3o brutal. A iniciativa passou \u00e0s m\u00e3os do governo, que combina um devastador projeto ultraneoliberal com declara\u00e7\u00f5es e atos de extrema-direita, que se voltam contra os direitos da maioria \u2013 trabalhadores, mulheres, jovens, negros, LGBT, ecologistas e todos os que se identificam com a democracia e os direitos de todos.<\/p>\n<p>O pior governo que o pa\u00eds j\u00e1 teve se comporta como se n\u00e3o tivesse sido eleito, porque a direita prefere qualquer governo \u2013 at\u00e9 esse, aventureiro, miliciano, lumpen \u2013 a um governo do PT, se considera livre para proclamar e atuar conforme suas prefer\u00eancias pessoais e as do seu estreito n\u00facleo familiar. Atua como se a maioria do pa\u00eds o acompanhasse ou lhe tivesse delegado o direito de governar conforme suas idiossincrasias pessoais.<\/p>\n<p>O sil\u00eancio c\u00famplice do Judici\u00e1rio, j\u00e1 criminosamente complacente com o golpe contra a Dilma, com a condena\u00e7\u00e3o sem provas do Lula, com a elei\u00e7\u00e3o fraudada do atual presidente, volta a se manifestar agora, diante das maiores arbitrariedades. Tanto da exalta\u00e7\u00e3o do AI-5, quanto do sequestro de provas, obstruindo escandalosamente a apura\u00e7\u00e3o da acusa\u00e7\u00e3o que envolve o atual presidente na morte da Marielle de maneira direta.<\/p>\n<p>Amplia-se o arco dos setores democr\u00e1ticos escandalizados com esses comportamentos. Pela primeira vez, setores que nunca haviam considerado essa hip\u00f3tese, passam a falar de impeachment. Raz\u00f5es jur\u00eddicas ja haviam v\u00e1rias, mas nunca se havia acumulado tantas e nunca havia chegado aos limites atuais, tanto nas declara\u00e7\u00f5es de um dos filhos do presidente, quanto na a\u00e7\u00e3o confessa dele mesmo.<\/p>\n<p>Chegou a hora de colocar o tema do \u201cFora Bolsonaro\u201d na ordem do dia! Cada vez mais \u00e9 insuport\u00e1vel, n\u00e3o somente para a esquerda, mas para todos os que sentem seus direitos atacados e vilipendiados diariamente, que sentem o pa\u00eds ser representado de maneira totalmente grosseira e indevida por quem faz passar por posi\u00e7\u00e3o do pa\u00eds o que s\u00e3o suas posturas trogloditas. Ele tripudia sobre os valores mais elementares que a grande maioria da popula\u00e7\u00e3o preza, como se n\u00e3o houvesse limites para o que ele faz e diz. Ofende a democracia, os direitos de todos, a cultura, a sensibilidade da grande maioria, a imagem do pa\u00eds no mundo.<\/p>\n<p>A esquerda n\u00e3o pode mais ficar paralisada, limitar sua a\u00e7\u00e3o a den\u00fancias. Os exemplos do Equador e do Chile demonstram que pode haver chispas que fa\u00e7am incendiar a floresta, com tanto que se convoque o povo a reagir, a n\u00e3o aceitar as medidas antipopulares do governo. O estilo de trabalho de massas do campo popular precisa mudar, precisa aprender da experi\u00eancia desses dois pa\u00edses, precisa fomentar a rebeldia, a desobedi\u00eancia civil, a rejei\u00e7\u00e3o dos atos do governo.<\/p>\n<p>Convocar ao \u201cFora Bolsonaro\u201d, ao \u201cEle n\u00e3o\u201d, n\u00e3o basta, representa convocar ao espiritio de rebeldia do povo, da juventude, dos estudantes, das mulheres, dos negros, de todos os que s\u00e3o vilipendiados por esse governo. N\u00e3o se pode permanecer na rejei\u00e7\u00e3o passiva. Aderir a iniciativas de impechament \u00e9 dizer ao pa\u00eds que \u00e9 poss\u00edvel e desej\u00e1vel um Brasil sem esse cara e sua gangue na presid\u00eancia. N\u00e3o importa se se consiga. N\u00e3o importa, caso ele seja expulso, se d\u00ea continuidade ao fundamental das suas politicas. O Collor foi derrotado e n\u00e3o pudemos terminar com seu modelo neoliberal, continuado por Itamar e FHC. Mas foi uma vit\u00f3ria popular impedir que ele continuasse na presid\u00eancia.<\/p>\n<p>\u00c9 chegada a hora de comecar a lutar pelo \u201cFora Bolsonaro\u201d! De proclamar diariamente que o pa\u00eds n\u00e3o o suporta mais, que o povo nao aguenta mais o sofrimento das medidas que ele imp\u00f5e a todos, que os estudantes n\u00e3o toleram mais o que ele faz com a Educa\u00e7\u00e3o e com o pa\u00eds, que o mundo da cultura quer sair pra rua para impedir os retrocessos que imp\u00f5em ao Brasil. \u00c9 responsabilidade da esquerda difundir um sentimento de rebeldia, de \u201cbasta\u201d, de \u201cchega\u201d, de \u201cn\u00e3o aguento mais\u201d, que setores sempre mais amplos sentem.<\/p>\n<p>Se n\u00e3o, a esquerda nao estar\u00e1 \u00e0 altura das circunst\u00e2ncias que vive dramaticamente o pa\u00eds. N\u00e3o reconquistaremos a democracia, n\u00e3o conseguiremos libertar o Lula, sem um ambiente de conflagra\u00e7\u00e3o geral, de mobiliza\u00e7\u00e3o geral, de generaliza\u00e7\u00e3o do clima de rebeldia que a situa\u00e7\u00e3o atual requer.<\/p>\n","protected":false},"excerpt":{"rendered":"<p>&nbsp; No 247, por Emir Sader &#8211; Elei\u00e7\u00f5es manipuladas de maneira brutal levaram \u00e0 presid\u00eancia um governante ileg\u00edtimo. Como recompensa \u00e0 direita \u2013 especialmente o grande empresariado e os meios de comunica\u00e7\u00e3o \u2013 ele governa para os ricos, ataca todos os direitos da massa da popula\u00e7\u00e3o, desmonta o Estado, projeta a imagem mais retrograda do&#8230;<a class=\"more-link\" href=\"http:\/\/blogdalucianaoliveira.com.br\/blog\/2019\/11\/03\/chegou-a-hora-do-fora-bolsonaro\/\">Continue a leitura <span class=\"meta-nav\">&raquo;<\/span><\/a><\/p>\n","protected":false},"author":1,"featured_media":0,"comment_status":"closed","ping_status":"open","sticky":false,"template":"","format":"standard","meta":{"_exactmetrics_skip_tracking":false,"_exactmetrics_sitenote_active":false,"_exactmetrics_sitenote_note":"","_exactmetrics_sitenote_category":0,"jetpack_post_was_ever_published":false,"_jetpack_newsletter_access":"","_jetpack_dont_email_post_to_subs":false,"_jetpack_newsletter_tier_id":0,"_jetpack_memberships_contains_paywalled_content":false,"_jetpack_memberships_contains_paid_content":false,"footnotes":"","jetpack_publicize_message":"","jetpack_publicize_feature_enabled":true,"jetpack_social_post_already_shared":true,"jetpack_social_options":{"image_generator_settings":{"template":"highway","enabled":false},"version":2}},"categories":[1],"tags":[],"class_list":["post-24686","post","type-post","status-publish","format-standard","hentry","category-notas"],"jetpack_publicize_connections":[],"jetpack_sharing_enabled":true,"jetpack_featured_media_url":"","jetpack_shortlink":"https:\/\/wp.me\/p7wKYW-6qa","jetpack-related-posts":[],"_links":{"self":[{"href":"http:\/\/blogdalucianaoliveira.com.br\/blog\/wp-json\/wp\/v2\/posts\/24686","targetHints":{"allow":["GET"]}}],"collection":[{"href":"http:\/\/blogdalucianaoliveira.com.br\/blog\/wp-json\/wp\/v2\/posts"}],"about":[{"href":"http:\/\/blogdalucianaoliveira.com.br\/blog\/wp-json\/wp\/v2\/types\/post"}],"author":[{"embeddable":true,"href":"http:\/\/blogdalucianaoliveira.com.br\/blog\/wp-json\/wp\/v2\/users\/1"}],"replies":[{"embeddable":true,"href":"http:\/\/blogdalucianaoliveira.com.br\/blog\/wp-json\/wp\/v2\/comments?post=24686"}],"version-history":[{"count":1,"href":"http:\/\/blogdalucianaoliveira.com.br\/blog\/wp-json\/wp\/v2\/posts\/24686\/revisions"}],"predecessor-version":[{"id":24687,"href":"http:\/\/blogdalucianaoliveira.com.br\/blog\/wp-json\/wp\/v2\/posts\/24686\/revisions\/24687"}],"wp:attachment":[{"href":"http:\/\/blogdalucianaoliveira.com.br\/blog\/wp-json\/wp\/v2\/media?parent=24686"}],"wp:term":[{"taxonomy":"category","embeddable":true,"href":"http:\/\/blogdalucianaoliveira.com.br\/blog\/wp-json\/wp\/v2\/categories?post=24686"},{"taxonomy":"post_tag","embeddable":true,"href":"http:\/\/blogdalucianaoliveira.com.br\/blog\/wp-json\/wp\/v2\/tags?post=24686"}],"curies":[{"name":"wp","href":"https:\/\/api.w.org\/{rel}","templated":true}]}}