{"id":24688,"date":"2019-11-03T21:45:32","date_gmt":"2019-11-04T01:45:32","guid":{"rendered":"http:\/\/blogdalucianaoliveira.com.br\/blog\/?p=24688"},"modified":"2019-11-03T21:45:32","modified_gmt":"2019-11-04T01:45:32","slug":"o-governo-bolsonaro-tem-sangue-indigena-em-suas-maos-afirma-apib-sobre-o-assassinato-do-guardiao-da-floresta-paulo-paulino-guajajara","status":"publish","type":"post","link":"http:\/\/blogdalucianaoliveira.com.br\/blog\/2019\/11\/03\/o-governo-bolsonaro-tem-sangue-indigena-em-suas-maos-afirma-apib-sobre-o-assassinato-do-guardiao-da-floresta-paulo-paulino-guajajara\/","title":{"rendered":"&#8216;O Governo Bolsonaro tem sangue ind\u00edgena em suas m\u00e3os&#8217;, afirma APIB sobre o assassinato do guardi\u00e3o da floresta Paulo Paulino Guajajara"},"content":{"rendered":"<p><img data-recalc-dims=\"1\" decoding=\"async\" src=\"https:\/\/i0.wp.com\/www.ihu.unisinos.br\/images\/ihu\/2019\/11\/04_11_Paulo_Paulino_Guajajara_foto_PatrickRaynaud.jpg?w=600\" alt=\"\" \/><\/p>\n<p>O Governo\u00a0<strong>Bolsonaro<\/strong>\u00a0tem sangue ind\u00edgena em suas m\u00e3os, o aumento da viol\u00eancia nos territ\u00f3rios ind\u00edgenas \u00e9 reflexo direto de seu discurso de \u00f3dio e medidas contra os povos ind\u00edgenas do Brasil, afirma nota da\u00a0<strong>Articula\u00e7\u00e3o dos Povos Ind\u00edgenas do Brasil<\/strong>\u00a0(<strong>APIB<\/strong>).<!--more--><\/p>\n<p>No Humanitas Unisinos<\/p>\n<p>Guardi\u00e3o da Floresta\u00a0<img data-recalc-dims=\"1\" decoding=\"async\" src=\"https:\/\/i0.wp.com\/www.ihu.unisinos.br\/images\/ihu\/2016\/ESCOLHER_A_FOTO.jpg?w=600\" alt=\"\" \/>Paulino Guajajara,\u00a0mais recente v\u00edtima da omiss\u00e3o do Estado brasileiro e do incentivo do governo brasileiro \u00e0s terras ind\u00edgenas.\u00a0<strong>Foto<\/strong>: Patrick Raynaud\/M\u00eddia \u00edndia<\/p>\n<p><strong>Eis a nota<\/strong>.<\/p>\n<p>\u00c9 com profunda tristeza e revolta, que n\u00f3s, da\u00a0<strong>Articula\u00e7\u00e3o dos Povos Ind\u00edgenas do Brasil<\/strong>\u00a0(<strong>APIB<\/strong>), vimos a p\u00fablico denunciar e prestar solidariedade ao\u00a0<strong>Povo Guajajara<\/strong>\u00a0pelo assassinato do guardi\u00e3o\u00a0<strong>Paulo Paulino Guajajara<\/strong>\u00a0ap\u00f3s o grupo dos agentes florestais ind\u00edgenas \u201c<a href=\"http:\/\/www.ihu.unisinos.br\/78-noticias\/592005-a-ativista-que-luta-contra-o-desmatamento-somos-nos-os-indigenas-os-guardioes-da-floresta\" target=\"_blank\" rel=\"noopener noreferrer\"><strong>Guardi\u00f5es da Floresta<\/strong><\/a>\u201d ter sido emboscado por madeireiros dentro de seu pr\u00f3prio territ\u00f3rio. O l\u00edder ind\u00edgena guardi\u00e3o\u00a0<strong>La\u00e9rcio Guajajara<\/strong>\u00a0tamb\u00e9m foi ferido, ele est\u00e1 internado e seu quadro \u00e9 est\u00e1vel.<\/p>\n<p>O crime ocorreu ontem no interior da\u00a0<strong>Terra Ind\u00edgena Ararib\u00f3ia<\/strong>, regi\u00e3o de Bom Jesus das Selvas-MA, entre as aldeias Lagoa Comprida e Jenipapo. Houve intenso confronto. O ind\u00edgena\u00a0<strong>Paulo Paulino Guajajara<\/strong>, conhecido como \u201cLobo mau\u201d, foi brutalmente assassinado com um tiro no rosto; H\u00e1 informa\u00e7\u00f5es de que um madeireiro envolvido no crime tamb\u00e9m pode ter morrido no confronto, seu corpo est\u00e1 desaparecido.<\/p>\n<p>O Governo\u00a0<strong>Bolsonaro<\/strong>\u00a0tem sangue ind\u00edgena em suas m\u00e3os, o aumento da viol\u00eancia nos territ\u00f3rios ind\u00edgenas \u00e9 reflexo direto de seu discurso de \u00f3dio e medidas contra os povos ind\u00edgenas do Brasil. Nossas terras est\u00e3o sendo invadidas, nossas lideran\u00e7as assassinadas, atacadas e criminalizadas e o Estado Brasileiro est\u00e1 deixando os povos abandonados a todo tipo de sorte com o desmonte em curso das pol\u00edticas ambientais e indigenistas.<\/p>\n<p>Neste momento, oito l\u00edderes ind\u00edgenas da\u00a0<strong>APIB<\/strong>\u00a0est\u00e3o em uma intensa jornada pela\u00a0<strong>Europa<\/strong>\u00a0para denunciar a grave crise de direitos humanos que os povos ind\u00edgenas do Brasil enfrentam sob o presidente\u00a0<strong>Jair Bolsonaro<\/strong>. Intitulada \u201c<strong>Sangue Ind\u00edgena: Nenhuma Gota a Mais<\/strong>\u201d, a campanha pede \u00e0s autoridades e aos l\u00edderes empresariais da Europa que respondam \u00e0 crescente viol\u00eancia e devasta\u00e7\u00e3o ambiental na Amaz\u00f4nia e em todo o pa\u00eds.<\/p>\n<p>Um relat\u00f3rio recente do\u00a0<strong>Conselho Mission\u00e1rio Ind\u00edgena do Brasil<\/strong>\u00a0(<strong>CIMI<\/strong>) mostrou um aumento dram\u00e1tico da viol\u00eancia contra comunidades nativas e invas\u00f5es de territ\u00f3rios ind\u00edgenas. Durante os primeiros nove meses de posse de\u00a0<strong>Bolsonaro<\/strong>, houve 160 casos relatados de invas\u00f5es de terras, o dobro dos n\u00fameros registrados no ano passado.<\/p>\n<p><strong>Sonia Guajajara<\/strong>, coordenadora executiva da\u00a0<strong>APIB<\/strong>\u00a0e lideran\u00e7a do P<strong>ovo Guajajara<\/strong>, declarou que o\u00a0<strong>Territ\u00f3rio Ind\u00edgena Ararib\u00f3ia<\/strong>\u00a0est\u00e1 em luto e que j\u00e1 faz tempo que eles v\u00eam denunciando a situa\u00e7\u00e3o de aus\u00eancia do poder p\u00fablico na prote\u00e7\u00e3o dos territ\u00f3rios ind\u00edgenas, assim como a invas\u00e3o do territ\u00f3rio\u00a0<strong>Ararib\u00f3ia<\/strong>\u00a0para a explora\u00e7\u00e3o ilegal de madeira e a luta dos guardi\u00f5es para proteg\u00ea-lo. \u201cN\u00e3o queremos mais ser estat\u00edstica, queremos provid\u00eancias do Poder P\u00fablico, dos \u00f3rg\u00e3os que est\u00e3o cada vez mais sucateados exatamente para n\u00e3o fazerem a prote\u00e7\u00e3o dos povos que est\u00e3o pagando com a pr\u00f3pria vida por fazer o trabalho que \u00e9 responsabilidade do Estado. Exigimos justi\u00e7a urgente!\u201d.<\/p>\n<p>Nesta segunda-feira, dia 4, est\u00e1 agendada audi\u00eancia p\u00fablica em Imperatriz (MA) para discutir o arrendamento dos Territ\u00f3rios Ind\u00edgenas e o entreguismo para o agroneg\u00f3cio. N\u00e3o aceitaremos a legaliza\u00e7\u00e3o da destrui\u00e7\u00e3o de nossos territ\u00f3rios.<\/p>\n<p>Sabemos que os povos ind\u00edgenas em todo mundo s\u00e3o respons\u00e1veis pela preserva\u00e7\u00e3o de 80% da biodiversidade, assim como para o combate \u00e0 crise clim\u00e1tica que \u00e9 um dos maiores problemas enfrentados pela humanidade neste s\u00e9culo XXI. Onde h\u00e1 ind\u00edgenas, h\u00e1 floresta em p\u00e9. Por isso, um ataque aos nossos povos, representa um ataque a todas \u00e0s sociedades e ao futuro das pr\u00f3ximas gera\u00e7\u00f5es.<\/p>\n<p>\u00c9 preciso dar um basta \u00e0 escalada dessa pol\u00edtica genocida contra os nossos povos ind\u00edgenas do Brasil. \u00c9 por isso que estamos com a nossa campanha pelos pa\u00edses da Europa, para alertar ao mundo o que est\u00e1 acontecendo no Brasil e pedir apoio para que nenhuma gota a mais de sangue ind\u00edgena seja derramada.<\/p>\n<p>Sangue Ind\u00edgena: Nenhuma Gota Mais!<\/p>\n","protected":false},"excerpt":{"rendered":"<p>O Governo\u00a0Bolsonaro\u00a0tem sangue ind\u00edgena em suas m\u00e3os, o aumento da viol\u00eancia nos territ\u00f3rios ind\u00edgenas \u00e9 reflexo direto de seu discurso de \u00f3dio e medidas contra os povos ind\u00edgenas do Brasil, afirma nota da\u00a0Articula\u00e7\u00e3o dos Povos Ind\u00edgenas do Brasil\u00a0(APIB).<\/p>\n","protected":false},"author":1,"featured_media":0,"comment_status":"closed","ping_status":"open","sticky":false,"template":"","format":"standard","meta":{"_exactmetrics_skip_tracking":false,"_exactmetrics_sitenote_active":false,"_exactmetrics_sitenote_note":"","_exactmetrics_sitenote_category":0,"jetpack_post_was_ever_published":false,"_jetpack_newsletter_access":"","_jetpack_dont_email_post_to_subs":false,"_jetpack_newsletter_tier_id":0,"_jetpack_memberships_contains_paywalled_content":false,"_jetpack_memberships_contains_paid_content":false,"footnotes":"","jetpack_publicize_message":"","jetpack_publicize_feature_enabled":true,"jetpack_social_post_already_shared":true,"jetpack_social_options":{"image_generator_settings":{"template":"highway","enabled":false},"version":2}},"categories":[1],"tags":[],"class_list":["post-24688","post","type-post","status-publish","format-standard","hentry","category-notas"],"jetpack_publicize_connections":[],"jetpack_sharing_enabled":true,"jetpack_featured_media_url":"","jetpack_shortlink":"https:\/\/wp.me\/p7wKYW-6qc","jetpack-related-posts":[],"_links":{"self":[{"href":"http:\/\/blogdalucianaoliveira.com.br\/blog\/wp-json\/wp\/v2\/posts\/24688","targetHints":{"allow":["GET"]}}],"collection":[{"href":"http:\/\/blogdalucianaoliveira.com.br\/blog\/wp-json\/wp\/v2\/posts"}],"about":[{"href":"http:\/\/blogdalucianaoliveira.com.br\/blog\/wp-json\/wp\/v2\/types\/post"}],"author":[{"embeddable":true,"href":"http:\/\/blogdalucianaoliveira.com.br\/blog\/wp-json\/wp\/v2\/users\/1"}],"replies":[{"embeddable":true,"href":"http:\/\/blogdalucianaoliveira.com.br\/blog\/wp-json\/wp\/v2\/comments?post=24688"}],"version-history":[{"count":1,"href":"http:\/\/blogdalucianaoliveira.com.br\/blog\/wp-json\/wp\/v2\/posts\/24688\/revisions"}],"predecessor-version":[{"id":24689,"href":"http:\/\/blogdalucianaoliveira.com.br\/blog\/wp-json\/wp\/v2\/posts\/24688\/revisions\/24689"}],"wp:attachment":[{"href":"http:\/\/blogdalucianaoliveira.com.br\/blog\/wp-json\/wp\/v2\/media?parent=24688"}],"wp:term":[{"taxonomy":"category","embeddable":true,"href":"http:\/\/blogdalucianaoliveira.com.br\/blog\/wp-json\/wp\/v2\/categories?post=24688"},{"taxonomy":"post_tag","embeddable":true,"href":"http:\/\/blogdalucianaoliveira.com.br\/blog\/wp-json\/wp\/v2\/tags?post=24688"}],"curies":[{"name":"wp","href":"https:\/\/api.w.org\/{rel}","templated":true}]}}