{"id":24690,"date":"2019-11-04T08:19:04","date_gmt":"2019-11-04T12:19:04","guid":{"rendered":"http:\/\/blogdalucianaoliveira.com.br\/blog\/?p=24690"},"modified":"2019-11-04T08:19:04","modified_gmt":"2019-11-04T12:19:04","slug":"twitter-e-facebook-alteraram-a-sua-forma-de-intervir-na-politica","status":"publish","type":"post","link":"http:\/\/blogdalucianaoliveira.com.br\/blog\/2019\/11\/04\/twitter-e-facebook-alteraram-a-sua-forma-de-intervir-na-politica\/","title":{"rendered":"Twitter e Facebook alteraram a sua forma de intervir na pol\u00edtica"},"content":{"rendered":"<p><img data-recalc-dims=\"1\" loading=\"lazy\" decoding=\"async\" data-attachment-id=\"24691\" data-permalink=\"http:\/\/blogdalucianaoliveira.com.br\/blog\/2019\/11\/04\/twitter-e-facebook-alteraram-a-sua-forma-de-intervir-na-politica\/d5d4063e-0663-4600-8d3e-9f573303604c\/\" data-orig-file=\"https:\/\/i0.wp.com\/blogdalucianaoliveira.com.br\/blog\/wp-content\/uploads\/2019\/11\/D5D4063E-0663-4600-8D3E-9F573303604C.jpeg?fit=768%2C512\" data-orig-size=\"768,512\" data-comments-opened=\"0\" data-image-meta=\"{&quot;aperture&quot;:&quot;0&quot;,&quot;credit&quot;:&quot;&quot;,&quot;camera&quot;:&quot;&quot;,&quot;caption&quot;:&quot;&quot;,&quot;created_timestamp&quot;:&quot;0&quot;,&quot;copyright&quot;:&quot;&quot;,&quot;focal_length&quot;:&quot;0&quot;,&quot;iso&quot;:&quot;0&quot;,&quot;shutter_speed&quot;:&quot;0&quot;,&quot;title&quot;:&quot;&quot;,&quot;orientation&quot;:&quot;0&quot;}\" data-image-title=\"D5D4063E-0663-4600-8D3E-9F573303604C\" data-image-description=\"\" data-image-caption=\"\" data-medium-file=\"https:\/\/i0.wp.com\/blogdalucianaoliveira.com.br\/blog\/wp-content\/uploads\/2019\/11\/D5D4063E-0663-4600-8D3E-9F573303604C.jpeg?fit=300%2C200\" data-large-file=\"https:\/\/i0.wp.com\/blogdalucianaoliveira.com.br\/blog\/wp-content\/uploads\/2019\/11\/D5D4063E-0663-4600-8D3E-9F573303604C.jpeg?fit=600%2C400\" src=\"https:\/\/i0.wp.com\/blogdalucianaoliveira.com.br\/blog\/wp-content\/uploads\/2019\/11\/D5D4063E-0663-4600-8D3E-9F573303604C.jpeg?resize=600%2C400\" alt=\"D5D4063E-0663-4600-8D3E-9F573303604C\" width=\"600\" height=\"400\" class=\"alignnone size-full wp-image-24691\" srcset=\"https:\/\/i0.wp.com\/blogdalucianaoliveira.com.br\/blog\/wp-content\/uploads\/2019\/11\/D5D4063E-0663-4600-8D3E-9F573303604C.jpeg?w=768 768w, https:\/\/i0.wp.com\/blogdalucianaoliveira.com.br\/blog\/wp-content\/uploads\/2019\/11\/D5D4063E-0663-4600-8D3E-9F573303604C.jpeg?resize=300%2C200 300w, https:\/\/i0.wp.com\/blogdalucianaoliveira.com.br\/blog\/wp-content\/uploads\/2019\/11\/D5D4063E-0663-4600-8D3E-9F573303604C.jpeg?resize=450%2C300 450w\" sizes=\"auto, (max-width: 600px) 100vw, 600px\" \/><\/p>\n<p>Nova pol\u00edtica de n\u00e3o-interven\u00e7\u00e3o permite ao Facebook lavar as m\u00e3os de graves acusa\u00e7\u00f5es.<!--more--><\/p>\n<p>Na FSP<\/p>\n<p>Mark Zuckerberg, fundador do Facebook, que tamb\u00e9m controla o Whatsapp e Instagram, n\u00e3o apenas se disse preparado para combater os progressistas que tentarem impor novas regulamenta\u00e7\u00f5es no setor, como tamb\u00e9m se reinventou como paladino de liberdade.<\/p>\n<p>Doravante, o Facebook se recusar\u00e1 a restringir postagens de pol\u00edticos que violem as regras b\u00e1sicas de civilidade, o que equivale a um apelo velado \u00e0 cal\u00fania e \u00e0 mentira.<\/p>\n<p>Jack Dorsey optou por um caminho diferente.<\/p>\n<p>Contornando o inextric\u00e1vel debate sobre a liberdade de express\u00e3o, o patr\u00e3o do Twitter anunciou o abandono do sistema de impulsionamento pago para todas as mensagens pol\u00edticas. Uma medida dif\u00edcil de ser implementada, mas com potencial para ser revolucion\u00e1ria. Em tese, ela pode impedir a organiza\u00e7\u00e3o de campanhas de fake news com o n\u00edvel de agressividade visto durante as elei\u00e7\u00f5es no Brasil.<\/p>\n<p>O momento para anunciar essas medidas-chave foi escolhido a dedo. Dez anos atr\u00e1s, em plena Primavera \u00c1rabe, o advento das redes sociais era celebrado como um fator decisivo para a liberaliza\u00e7\u00e3o e democratiza\u00e7\u00e3o da esfera p\u00fablica. As situa\u00e7\u00f5es insurrecionais continuam se espalhando e chegaram recentemente a Espanha, Hong Kong e Chile, mas as redes sociais passaram a ser vistas como vil\u00e3s. Elas facilitaram a ascens\u00e3o de movimentos extremistas que passaram a pautar as narrativas nacionais e globais.<\/p>\n<p>Em consequ\u00eancia, o Vale do Sil\u00edcio deixou de ser visto como a bolha progressista do capitalismo, e os seus executivos como jovens idealistas angustiados com as implica\u00e7\u00f5es \u00e9ticas dos seus neg\u00f3cios. As deteriora\u00e7\u00f5es das maiores democracias do mundo obrigaram Mark Zuckerberg e Jack Dorsey a deixarem cair a m\u00e1scara da inoc\u00eancia.<\/p>\n<p>Mas ao contr\u00e1rio de Dorsey, que parece disposto a tentar mitigar os riscos inerentes ao Twitter, Zuckerberg vestiu a m\u00e1scara do cinismo e se assumiu como um plutocrata. Especializado na drenagem de recursos de outras ind\u00fastrias, o seu grupo se tornou extrativista, rentista e monopolista na sua ess\u00eancia.<\/p>\n<p>A nova pol\u00edtica de n\u00e3o-intervencionismo permite ao Facebook lavar as m\u00e3os das graves acusa\u00e7\u00f5es e conferir um tipo de imunidade para aqueles que a empresa diz combater, mas que, na realidade, foram indispens\u00e1veis para o seu sucesso: os radicais, os demagogos e os populistas.<\/p>\n<p>Nos dias que correm, debater a qualidade da democracia no Facebook equivale a discutir o excesso de \u00e1lcool na sociedade dentro de um bar.<\/p>\n<p>Verdadeira amea\u00e7a existencial para as democracias liberais, o Facebook estar\u00e1 no centro do debate pol\u00edtico no pr\u00f3ximo ano. Se Donald Trump ou algum outro defensor do laissez-faire nas redes sociais vencer a elei\u00e7\u00e3o de 2020, a decomposi\u00e7\u00e3o da esfera p\u00fablica tender\u00e1 a continuar e at\u00e9 se aprofundar. <\/p>\n<p>Para sobreviver, os democratas americanos do s\u00e9culo 21 ter\u00e3o de superar os bar\u00f5es dos dados, tal como os seus predecessores venceram os magnatas da Standard Oil, o imp\u00e9rio petrol\u00edfero desmantelado no come\u00e7o do s\u00e9culo 20.<\/p>\n<p>Mathias Alencastro<br \/>\nPesquisador do Centro Brasileiro de An\u00e1lise e Planejamento e doutor em ci\u00eancia pol\u00edtica pela Universidade de Oxford (Inglaterra).<\/p>\n","protected":false},"excerpt":{"rendered":"<p>Nova pol\u00edtica de n\u00e3o-interven\u00e7\u00e3o permite ao Facebook lavar as m\u00e3os de graves acusa\u00e7\u00f5es.<\/p>\n","protected":false},"author":1,"featured_media":0,"comment_status":"closed","ping_status":"open","sticky":false,"template":"","format":"standard","meta":{"_exactmetrics_skip_tracking":false,"_exactmetrics_sitenote_active":false,"_exactmetrics_sitenote_note":"","_exactmetrics_sitenote_category":0,"jetpack_post_was_ever_published":false,"_jetpack_newsletter_access":"","_jetpack_dont_email_post_to_subs":false,"_jetpack_newsletter_tier_id":0,"_jetpack_memberships_contains_paywalled_content":false,"_jetpack_memberships_contains_paid_content":false,"footnotes":"","jetpack_publicize_message":"","jetpack_publicize_feature_enabled":true,"jetpack_social_post_already_shared":true,"jetpack_social_options":{"image_generator_settings":{"template":"highway","enabled":false},"version":2}},"categories":[1],"tags":[],"class_list":["post-24690","post","type-post","status-publish","format-standard","hentry","category-notas"],"jetpack_publicize_connections":[],"jetpack_sharing_enabled":true,"jetpack_featured_media_url":"","jetpack_shortlink":"https:\/\/wp.me\/p7wKYW-6qe","jetpack-related-posts":[],"_links":{"self":[{"href":"http:\/\/blogdalucianaoliveira.com.br\/blog\/wp-json\/wp\/v2\/posts\/24690","targetHints":{"allow":["GET"]}}],"collection":[{"href":"http:\/\/blogdalucianaoliveira.com.br\/blog\/wp-json\/wp\/v2\/posts"}],"about":[{"href":"http:\/\/blogdalucianaoliveira.com.br\/blog\/wp-json\/wp\/v2\/types\/post"}],"author":[{"embeddable":true,"href":"http:\/\/blogdalucianaoliveira.com.br\/blog\/wp-json\/wp\/v2\/users\/1"}],"replies":[{"embeddable":true,"href":"http:\/\/blogdalucianaoliveira.com.br\/blog\/wp-json\/wp\/v2\/comments?post=24690"}],"version-history":[{"count":1,"href":"http:\/\/blogdalucianaoliveira.com.br\/blog\/wp-json\/wp\/v2\/posts\/24690\/revisions"}],"predecessor-version":[{"id":24692,"href":"http:\/\/blogdalucianaoliveira.com.br\/blog\/wp-json\/wp\/v2\/posts\/24690\/revisions\/24692"}],"wp:attachment":[{"href":"http:\/\/blogdalucianaoliveira.com.br\/blog\/wp-json\/wp\/v2\/media?parent=24690"}],"wp:term":[{"taxonomy":"category","embeddable":true,"href":"http:\/\/blogdalucianaoliveira.com.br\/blog\/wp-json\/wp\/v2\/categories?post=24690"},{"taxonomy":"post_tag","embeddable":true,"href":"http:\/\/blogdalucianaoliveira.com.br\/blog\/wp-json\/wp\/v2\/tags?post=24690"}],"curies":[{"name":"wp","href":"https:\/\/api.w.org\/{rel}","templated":true}]}}