{"id":24693,"date":"2019-11-04T08:23:23","date_gmt":"2019-11-04T12:23:23","guid":{"rendered":"http:\/\/blogdalucianaoliveira.com.br\/blog\/?p=24693"},"modified":"2019-11-04T08:23:23","modified_gmt":"2019-11-04T12:23:23","slug":"organizacoes-convocam-atos-contra-o-autoritarismo-nesta-terca-feira-5","status":"publish","type":"post","link":"http:\/\/blogdalucianaoliveira.com.br\/blog\/2019\/11\/04\/organizacoes-convocam-atos-contra-o-autoritarismo-nesta-terca-feira-5\/","title":{"rendered":"Organiza\u00e7\u00f5es convocam atos contra o autoritarismo nesta ter\u00e7a-feira (5)"},"content":{"rendered":"<p><img data-recalc-dims=\"1\" loading=\"lazy\" decoding=\"async\" data-attachment-id=\"24694\" data-permalink=\"http:\/\/blogdalucianaoliveira.com.br\/blog\/2019\/11\/04\/organizacoes-convocam-atos-contra-o-autoritarismo-nesta-terca-feira-5\/9c93ac6a-e80f-4aa1-b000-f91ed235b84c\/\" data-orig-file=\"https:\/\/i0.wp.com\/blogdalucianaoliveira.com.br\/blog\/wp-content\/uploads\/2019\/11\/9C93AC6A-E80F-4AA1-B000-F91ED235B84C.jpeg?fit=639%2C463\" data-orig-size=\"639,463\" data-comments-opened=\"0\" data-image-meta=\"{&quot;aperture&quot;:&quot;0&quot;,&quot;credit&quot;:&quot;&quot;,&quot;camera&quot;:&quot;&quot;,&quot;caption&quot;:&quot;&quot;,&quot;created_timestamp&quot;:&quot;1572584505&quot;,&quot;copyright&quot;:&quot;&quot;,&quot;focal_length&quot;:&quot;0&quot;,&quot;iso&quot;:&quot;0&quot;,&quot;shutter_speed&quot;:&quot;0&quot;,&quot;title&quot;:&quot;&quot;,&quot;orientation&quot;:&quot;0&quot;}\" data-image-title=\"9C93AC6A-E80F-4AA1-B000-F91ED235B84C\" data-image-description=\"\" data-image-caption=\"\" data-medium-file=\"https:\/\/i0.wp.com\/blogdalucianaoliveira.com.br\/blog\/wp-content\/uploads\/2019\/11\/9C93AC6A-E80F-4AA1-B000-F91ED235B84C.jpeg?fit=300%2C217\" data-large-file=\"https:\/\/i0.wp.com\/blogdalucianaoliveira.com.br\/blog\/wp-content\/uploads\/2019\/11\/9C93AC6A-E80F-4AA1-B000-F91ED235B84C.jpeg?fit=600%2C435\" src=\"https:\/\/i0.wp.com\/blogdalucianaoliveira.com.br\/blog\/wp-content\/uploads\/2019\/11\/9C93AC6A-E80F-4AA1-B000-F91ED235B84C.jpeg?resize=600%2C435\" alt=\"9C93AC6A-E80F-4AA1-B000-F91ED235B84C\" width=\"600\" height=\"435\" class=\"alignnone size-full wp-image-24694\" srcset=\"https:\/\/i0.wp.com\/blogdalucianaoliveira.com.br\/blog\/wp-content\/uploads\/2019\/11\/9C93AC6A-E80F-4AA1-B000-F91ED235B84C.jpeg?w=639 639w, https:\/\/i0.wp.com\/blogdalucianaoliveira.com.br\/blog\/wp-content\/uploads\/2019\/11\/9C93AC6A-E80F-4AA1-B000-F91ED235B84C.jpeg?resize=300%2C217 300w, https:\/\/i0.wp.com\/blogdalucianaoliveira.com.br\/blog\/wp-content\/uploads\/2019\/11\/9C93AC6A-E80F-4AA1-B000-F91ED235B84C.jpeg?resize=414%2C300 414w\" sizes=\"auto, (max-width: 600px) 100vw, 600px\" \/><\/p>\n<p>Manifesta\u00e7\u00f5es foram agendadas em rea\u00e7\u00e3o a declara\u00e7\u00f5es de Eduardo Bolsonaro sobre AI-5<!--more--><\/p>\n<p>Reda\u00e7\u00e3o<br \/>\nBrasil de Fato <\/p>\n<p>Uma s\u00e9rie de organiza\u00e7\u00f5es e movimentos populares convocaram manifesta\u00e7\u00f5es para a pr\u00f3xima ter\u00e7a-feira (5). Protestos j\u00e1 foram agendados em diversas cidades do pa\u00eds tendo como mote o rep\u00fadio \u00e0s declara\u00e7\u00f5es do deputado federal Eduardo Bolsonaro (PSL-RJ), que defendeu a possibilidade de repetir a edi\u00e7\u00e3o de medidas que compuseram o Ato Institucional n\u00ba 5 (AI-5). <\/p>\n<p>Mesmo ap\u00f3s a desautoriza\u00e7\u00e3o p\u00fablica do presidente da Rep\u00fablica e o recuo do pr\u00f3prio Eduardo em rela\u00e7\u00e3o ao tema, as entidades entendem ser necess\u00e1rio repudiar as seguidas posturas de integrantes do governo federal e pol\u00edticos pr\u00f3ximos que flertam com o autoritarismo. Nas redes sociais, a convocat\u00f3ria foi feita atrav\u00e9s da hashtag #5NcontraAI5.<\/p>\n<p>As palavras de ordem &#8220;Basta de Bolsonaro!&#8221; e &#8220;Justi\u00e7a para Marielle&#8221; tamb\u00e9m t\u00eam sido utilizadas para a mobiliza\u00e7\u00e3o, que j\u00e1 tem protestos marcados em Bras\u00edlia, S\u00e3o Paulo, Rio de Janeiro, Curitiba, Porto Alegre, Natal, Belo Horizonte, Goi\u00e2nia, Fortaleza e Bel\u00e9m. <\/p>\n<p>&#8220;Defender um dos per\u00edodos mais sombrios e uma das pr\u00e1ticas mais sanguin\u00e1rias da Hist\u00f3ria brasileira n\u00e3o \u00e9 s\u00f3 um desrespeito \u00e0 mem\u00f3ria do Brasil, mas um crime. O povo vai \u00e0s ruas contra essa atitude&#8221;, defendeu a Funda\u00e7\u00e3o Perseu Abramo.<\/p>\n<p>A Associa\u00e7\u00e3o Nacional de P\u00f3s-Graduandos (ANPG) afirmou que as atitudes e declara\u00e7\u00f5es merecem o rep\u00fadio de todas os setores contr\u00e1rios ao recrudescimento da pol\u00edtica em nosso pa\u00eds: &#8220;\u00c9 preciso unir todas as for\u00e7as sociais que defendem a democracia para derrotar a fam\u00edlia de aprendizes de tiranos que governa o pa\u00eds. Com a democracia n\u00e3o se brinca!&#8221;. <\/p>\n<p>Os protestos no 5 de novembro ganharam tamb\u00e9m o apoio das frentes Brasil Popular e Povo Sem Medo, al\u00e9m de parlamentares da oposi\u00e7\u00e3o ao governo Bolsonaro. <\/p>\n<p>Edi\u00e7\u00e3o: Rafael Tatemoto<\/p>\n","protected":false},"excerpt":{"rendered":"<p>Manifesta\u00e7\u00f5es foram agendadas em rea\u00e7\u00e3o a declara\u00e7\u00f5es de Eduardo Bolsonaro sobre AI-5<\/p>\n","protected":false},"author":1,"featured_media":0,"comment_status":"closed","ping_status":"open","sticky":false,"template":"","format":"standard","meta":{"_exactmetrics_skip_tracking":false,"_exactmetrics_sitenote_active":false,"_exactmetrics_sitenote_note":"","_exactmetrics_sitenote_category":0,"jetpack_post_was_ever_published":false,"_jetpack_newsletter_access":"","_jetpack_dont_email_post_to_subs":false,"_jetpack_newsletter_tier_id":0,"_jetpack_memberships_contains_paywalled_content":false,"_jetpack_memberships_contains_paid_content":false,"footnotes":"","jetpack_publicize_message":"","jetpack_publicize_feature_enabled":true,"jetpack_social_post_already_shared":true,"jetpack_social_options":{"image_generator_settings":{"template":"highway","enabled":false},"version":2}},"categories":[1],"tags":[],"class_list":["post-24693","post","type-post","status-publish","format-standard","hentry","category-notas"],"jetpack_publicize_connections":[],"jetpack_sharing_enabled":true,"jetpack_featured_media_url":"","jetpack_shortlink":"https:\/\/wp.me\/p7wKYW-6qh","jetpack-related-posts":[],"_links":{"self":[{"href":"http:\/\/blogdalucianaoliveira.com.br\/blog\/wp-json\/wp\/v2\/posts\/24693","targetHints":{"allow":["GET"]}}],"collection":[{"href":"http:\/\/blogdalucianaoliveira.com.br\/blog\/wp-json\/wp\/v2\/posts"}],"about":[{"href":"http:\/\/blogdalucianaoliveira.com.br\/blog\/wp-json\/wp\/v2\/types\/post"}],"author":[{"embeddable":true,"href":"http:\/\/blogdalucianaoliveira.com.br\/blog\/wp-json\/wp\/v2\/users\/1"}],"replies":[{"embeddable":true,"href":"http:\/\/blogdalucianaoliveira.com.br\/blog\/wp-json\/wp\/v2\/comments?post=24693"}],"version-history":[{"count":1,"href":"http:\/\/blogdalucianaoliveira.com.br\/blog\/wp-json\/wp\/v2\/posts\/24693\/revisions"}],"predecessor-version":[{"id":24695,"href":"http:\/\/blogdalucianaoliveira.com.br\/blog\/wp-json\/wp\/v2\/posts\/24693\/revisions\/24695"}],"wp:attachment":[{"href":"http:\/\/blogdalucianaoliveira.com.br\/blog\/wp-json\/wp\/v2\/media?parent=24693"}],"wp:term":[{"taxonomy":"category","embeddable":true,"href":"http:\/\/blogdalucianaoliveira.com.br\/blog\/wp-json\/wp\/v2\/categories?post=24693"},{"taxonomy":"post_tag","embeddable":true,"href":"http:\/\/blogdalucianaoliveira.com.br\/blog\/wp-json\/wp\/v2\/tags?post=24693"}],"curies":[{"name":"wp","href":"https:\/\/api.w.org\/{rel}","templated":true}]}}