{"id":24699,"date":"2019-11-04T13:07:41","date_gmt":"2019-11-04T17:07:41","guid":{"rendered":"http:\/\/blogdalucianaoliveira.com.br\/blog\/?p=24699"},"modified":"2019-11-04T13:27:57","modified_gmt":"2019-11-04T17:27:57","slug":"ro-unir-vai-pagar-por-professor-ter-chamado-de-advogada-de-vagabunda-sapatona-e-doida","status":"publish","type":"post","link":"http:\/\/blogdalucianaoliveira.com.br\/blog\/2019\/11\/04\/ro-unir-vai-pagar-por-professor-ter-chamado-de-advogada-de-vagabunda-sapatona-e-doida\/","title":{"rendered":"RO: UNIR vai pagar por professor ter chamado de advogada de vagabunda, sapatona e doida"},"content":{"rendered":"<p><img data-recalc-dims=\"1\" loading=\"lazy\" decoding=\"async\" class=\"attachment-rowling-post-image size-rowling-post-image wp-post-image\" style=\"box-sizing: border-box; -webkit-font-smoothing: antialiased; max-width: 100%; height: auto; border: 0px; font-family: skolar-latin-1, skolar-latin-2, sans-serif; font-size: 22.1px; font-style: normal; font-weight: 400; line-height: 1; margin: 0px auto; padding: 0px; text-align: left; display: block; color: #111111; font-variant-ligatures: normal; font-variant-caps: normal; letter-spacing: normal; orphans: 2; text-indent: 0px; text-transform: none; white-space: normal; widows: 2; word-spacing: 0px; -webkit-text-stroke-width: 0px; background-color: #f1f1f1; text-decoration-style: initial; text-decoration-color: initial;\" src=\"https:\/\/advlinda.files.wordpress.com\/2016\/11\/professor-direito-samuel-milet.jpg?w=720&#038;resize=600%2C392\" sizes=\"auto, (max-width: 720px) 100vw, 720px\" srcset=\"https:\/\/advlinda.files.wordpress.com\/2016\/11\/professor-direito-samuel-milet.jpg 720w, https:\/\/advlinda.files.wordpress.com\/2016\/11\/professor-direito-samuel-milet.jpg?w=150 150w, https:\/\/advlinda.files.wordpress.com\/2016\/11\/professor-direito-samuel-milet.jpg?w=300 300w\" alt=\"Advogada Linda Ostjen Couto\" width=\"600\" height=\"392\" data-attachment-id=\"1639\" data-permalink=\"https:\/\/ostjen.com\/2016\/11\/05\/sapatona-doidavagabunda-bostinha\/professor-direito-samuel-milet\/\" data-orig-file=\"https:\/\/advlinda.files.wordpress.com\/2016\/11\/professor-direito-samuel-milet.jpg\" data-orig-size=\"720,470\" data-comments-opened=\"1\" data-image-meta=\"{&quot;aperture&quot;:&quot;0&quot;,&quot;credit&quot;:&quot;&quot;,&quot;camera&quot;:&quot;&quot;,&quot;caption&quot;:&quot;&quot;,&quot;created_timestamp&quot;:&quot;0&quot;,&quot;copyright&quot;:&quot;&quot;,&quot;focal_length&quot;:&quot;0&quot;,&quot;iso&quot;:&quot;0&quot;,&quot;shutter_speed&quot;:&quot;0&quot;,&quot;title&quot;:&quot;&quot;,&quot;orientation&quot;:&quot;0&quot;}\" data-image-title=\"professor-direito-samuel-milet e a VIOLENCIA CONTRA A MULHER\" data-image-description=\"&lt;p&gt;Adv. Linda Ostjen&lt;\/p&gt; \" data-medium-file=\"https:\/\/advlinda.files.wordpress.com\/2016\/11\/professor-direito-samuel-milet.jpg?w=300\" data-large-file=\"https:\/\/advlinda.files.wordpress.com\/2016\/11\/professor-direito-samuel-milet.jpg?w=616\" \/><\/p>\n<p>&nbsp;<\/p>\n<p>Cabe a\u00e7\u00e3o regressiva contra o professor Samuel Milet, que gerou um preju\u00edzo de 18 mil reais \u00e0 Universidade Federal de Rond\u00f4nia \u2013 UNIR, por ter praticado dano moral contra a advogada Sinara Gumiere.<br \/>\nA pergunta \u00e9: a universidade vai fazer isso?<\/p>\n<p>Quem causou a ofensa vai devolver o dinheiro p\u00fablico que deveria ser investido em educa\u00e7\u00e3o?<!--more--><\/p>\n<p>Era para ser um dia de aula comum no outubro de 2016, mas o professor ganhou o notici\u00e1rio nacional pela forma como criticou a palestra da advogada, dias antes, sobre a discuss\u00e3o de g\u00eanero no \u00e2mbito do Direito.<\/p>\n<p>Milet bateu boca em sala de aula com uma aluna que a pedido dele gravou a discuss\u00e3o, divulgou e moveu um levante de indigna\u00e7\u00e3o.<\/p>\n<p><strong><em>\u201cvagabunda, sapatona muito doida, bostinha, coc\u00f4&#8221;, berrou Samuel.<\/em><\/strong><\/p>\n<p>Relembre o caso:\u00a0<a href=\"https:\/\/www.brasil247.com\/brasil\/professor-universitario-e-denunciado-apos-ofensas-sexistas-contra-pesquisadora\">https:\/\/www.brasil247.com\/brasil\/professor-universitario-e-denunciado-apos-ofensas-sexistas-contra-pesquisadora<\/a><\/p>\n<p>No <a href=\"file:\/\/\/C:\/Users\/Luciana\/Downloads\/Senten%C3%A7a%20Sinara.pdf\">Processo 0006570-89.2018.4.01.3400<\/a> protocolado na 27\u00aa Vara dos Juizados Especiais Federal do Distrito Federal, movido contra Milet e a UNIR, Sinara pediu a condena\u00e7\u00e3o dos r\u00e9us: a) ao pagamento de indeniza\u00e7\u00e3o por danos morais; b) a realizarem retrata\u00e7\u00e3o p\u00fablica; c) e \u00e0 UNIR na obriga\u00e7\u00e3o de promover medidas pedag\u00f3gicas espec\u00edficas acerca do debate da intoler\u00e2ncia, liberdade de express\u00e3o e outros temas correlatos.<\/p>\n<p>O juiz Guilherme Jorge de Resende Brito acatou parcialmente, reconheceu a ilegitimidade passiva do professor e condenou a universidade \u00e0 indenizar a autora.<\/p>\n<p><strong><em>\u201cDiante do exposto, extingo o feito sem resolu\u00e7\u00e3o do m\u00e9rito, com base no art. 485, VI, do CPC (ilegitimidade passiva), em rela\u00e7\u00e3o a SAMUEL MILET; e JULGO PROCEDENTE EM PARTE O PEDIDO, resolvendo o m\u00e9rito (artigo 487, inciso I, do CPC), para condenar a FUNDA\u00c7\u00c3O UNIVERSIDADE FEDERAL DE ROND\u00d4NIA \u2013 UNIR a indenizar a parte autora pelo dano moral sofrido, no valor de R$ 18.000,00 (dezoito mil reais), corrigido a partir da data desta senten\u00e7a, nos termos da s\u00famula 362 do STJ, e acrescido de juros de mora, a partir da data da cita\u00e7\u00e3o, nos termos do Manual de C\u00e1lculos da Justi\u00e7a Federal. Sem custas ou honor\u00e1rios nesta inst\u00e2ncia (art. 55 da Lei 9.0.\u201d<\/em><\/strong><\/p>\n<p>O al\u00edvio do professor pode durar pouco se a universidade seguir a dica do juiz na senten\u00e7a:<\/p>\n<p><strong><em>\u201cIsso n\u00e3o significa que o r\u00e9u SAMUEL MILET n\u00e3o deva responder por seus atos. Apenas h\u00e1 a orienta\u00e7\u00e3o do e. STF que n\u00e3o o seja diretamente, neste processo, mas em a\u00e7\u00e3o de regresso que a outra R\u00e9, a FUNDA\u00c7\u00c3O UNIVERSIDADE FEDERAL DE ROND\u00d4NIA \u2013 UNIR h\u00e1 de promover. Assim, reconhe\u00e7o a ilegitimidade passiva do servidor SAMUEL MILET para figurar no p\u00f3lo passivo da rela\u00e7\u00e3o processual, sem preju\u00edzo de ser o agente p\u00fablico demandado em futura a\u00e7\u00e3o de regresso movida pela Universidade r\u00e9, conforme art. 37, \u00a7 6\u00ba, da CF\/88.\u201d<\/em><\/strong><\/p>\n<p>Repito: a universidade vai fazer isso?<\/p>\n<p>Nada se sabe da iniciativa da UNIR em casos semelhantes para restituir o dano ao er\u00e1rio causado por seus servidores.<\/p>\n<p>Relembre caso semelhante:https:\/\/www.rondoniadinamica.com\/arquivo\/unir-e-condenada-a-pagar-r-10-mil-em-indenizacao-a-professor-ele-foi-ofendido-por-colega-de-trabalho-trancado-para-fora-de-sala-e-teve-bens-sob-sua-responsabilidade-confiscados,46770.shtml<\/p>\n<p>A UNIR foi duramente impactada com o bloqueio de recursos do Minist\u00e9rio da Educa\u00e7\u00e3o e aos trancos e barrancos come\u00e7a a se reerguer com a libera\u00e7\u00e3o recentemente anunciada.<\/p>\n<p>A sociedade exige respostas sobre os preju\u00edzos\u00a0causados por\u00a0maus servidores, pelo que, todos pagam. Se tem, que divulgue.<\/p>\n<p>Em conversa com o blog, Sinara n\u00e3o quis falar muito do fato que a exp\u00f4s em toda a imprensa nacional e trouxe abalos emocionais, pois como ressaltado na senten\u00e7a, os xingamentos <strong><em>&#8220;objetivaram a desqualifica\u00e7\u00e3o e adjetiva\u00e7\u00e3o da pr\u00f3pria demandante como pessoa&#8221;.<\/em><\/strong><\/p>\n<p>A advogada disse apenas que espera que a universidade promova a devida a\u00e7\u00e3o regressiva.<\/p>\n<p>&nbsp;<\/p>\n","protected":false},"excerpt":{"rendered":"<p>&nbsp; Cabe a\u00e7\u00e3o regressiva contra o professor Samuel Milet, que gerou um preju\u00edzo de 18 mil reais \u00e0 Universidade Federal de Rond\u00f4nia \u2013 UNIR, por ter praticado dano moral contra a advogada Sinara Gumiere. A pergunta \u00e9: a universidade vai fazer isso? Quem causou a ofensa vai devolver o dinheiro p\u00fablico que deveria ser investido&#8230;<a class=\"more-link\" href=\"http:\/\/blogdalucianaoliveira.com.br\/blog\/2019\/11\/04\/ro-unir-vai-pagar-por-professor-ter-chamado-de-advogada-de-vagabunda-sapatona-e-doida\/\">Continue a leitura <span class=\"meta-nav\">&raquo;<\/span><\/a><\/p>\n","protected":false},"author":1,"featured_media":0,"comment_status":"closed","ping_status":"open","sticky":false,"template":"","format":"standard","meta":{"_exactmetrics_skip_tracking":false,"_exactmetrics_sitenote_active":false,"_exactmetrics_sitenote_note":"","_exactmetrics_sitenote_category":0,"jetpack_post_was_ever_published":false,"_jetpack_newsletter_access":"","_jetpack_dont_email_post_to_subs":false,"_jetpack_newsletter_tier_id":0,"_jetpack_memberships_contains_paywalled_content":false,"_jetpack_memberships_contains_paid_content":false,"footnotes":"","jetpack_publicize_message":"","jetpack_publicize_feature_enabled":true,"jetpack_social_post_already_shared":true,"jetpack_social_options":{"image_generator_settings":{"template":"highway","enabled":false},"version":2}},"categories":[1],"tags":[],"class_list":["post-24699","post","type-post","status-publish","format-standard","hentry","category-notas"],"jetpack_publicize_connections":[],"jetpack_sharing_enabled":true,"jetpack_featured_media_url":"","jetpack_shortlink":"https:\/\/wp.me\/p7wKYW-6qn","jetpack-related-posts":[],"_links":{"self":[{"href":"http:\/\/blogdalucianaoliveira.com.br\/blog\/wp-json\/wp\/v2\/posts\/24699","targetHints":{"allow":["GET"]}}],"collection":[{"href":"http:\/\/blogdalucianaoliveira.com.br\/blog\/wp-json\/wp\/v2\/posts"}],"about":[{"href":"http:\/\/blogdalucianaoliveira.com.br\/blog\/wp-json\/wp\/v2\/types\/post"}],"author":[{"embeddable":true,"href":"http:\/\/blogdalucianaoliveira.com.br\/blog\/wp-json\/wp\/v2\/users\/1"}],"replies":[{"embeddable":true,"href":"http:\/\/blogdalucianaoliveira.com.br\/blog\/wp-json\/wp\/v2\/comments?post=24699"}],"version-history":[{"count":7,"href":"http:\/\/blogdalucianaoliveira.com.br\/blog\/wp-json\/wp\/v2\/posts\/24699\/revisions"}],"predecessor-version":[{"id":24707,"href":"http:\/\/blogdalucianaoliveira.com.br\/blog\/wp-json\/wp\/v2\/posts\/24699\/revisions\/24707"}],"wp:attachment":[{"href":"http:\/\/blogdalucianaoliveira.com.br\/blog\/wp-json\/wp\/v2\/media?parent=24699"}],"wp:term":[{"taxonomy":"category","embeddable":true,"href":"http:\/\/blogdalucianaoliveira.com.br\/blog\/wp-json\/wp\/v2\/categories?post=24699"},{"taxonomy":"post_tag","embeddable":true,"href":"http:\/\/blogdalucianaoliveira.com.br\/blog\/wp-json\/wp\/v2\/tags?post=24699"}],"curies":[{"name":"wp","href":"https:\/\/api.w.org\/{rel}","templated":true}]}}