{"id":24710,"date":"2019-11-04T18:59:11","date_gmt":"2019-11-04T22:59:11","guid":{"rendered":"http:\/\/blogdalucianaoliveira.com.br\/blog\/?p=24710"},"modified":"2019-11-04T19:20:53","modified_gmt":"2019-11-04T23:20:53","slug":"resumo-dos-protestos-no-chile-por-18-dias-seguidos","status":"publish","type":"post","link":"http:\/\/blogdalucianaoliveira.com.br\/blog\/2019\/11\/04\/resumo-dos-protestos-no-chile-por-18-dias-seguidos\/","title":{"rendered":"Resumo dos protestos no Chile por 18 dias seguidos"},"content":{"rendered":"<p><img data-recalc-dims=\"1\" loading=\"lazy\" decoding=\"async\" data-attachment-id=\"24716\" data-permalink=\"http:\/\/blogdalucianaoliveira.com.br\/blog\/2019\/11\/04\/resumo-dos-protestos-no-chile-por-18-dias-seguidos\/e1b3bc17-9a52-4850-9d7b-d4f2607b1afc\/\" data-orig-file=\"https:\/\/i0.wp.com\/blogdalucianaoliveira.com.br\/blog\/wp-content\/uploads\/2019\/11\/E1B3BC17-9A52-4850-9D7B-D4F2607B1AFC.jpeg?fit=700%2C394\" data-orig-size=\"700,394\" data-comments-opened=\"0\" data-image-meta=\"{&quot;aperture&quot;:&quot;0&quot;,&quot;credit&quot;:&quot;&quot;,&quot;camera&quot;:&quot;&quot;,&quot;caption&quot;:&quot;&quot;,&quot;created_timestamp&quot;:&quot;0&quot;,&quot;copyright&quot;:&quot;&quot;,&quot;focal_length&quot;:&quot;0&quot;,&quot;iso&quot;:&quot;0&quot;,&quot;shutter_speed&quot;:&quot;0&quot;,&quot;title&quot;:&quot;&quot;,&quot;orientation&quot;:&quot;0&quot;}\" data-image-title=\"E1B3BC17-9A52-4850-9D7B-D4F2607B1AFC\" data-image-description=\"\" data-image-caption=\"\" data-medium-file=\"https:\/\/i0.wp.com\/blogdalucianaoliveira.com.br\/blog\/wp-content\/uploads\/2019\/11\/E1B3BC17-9A52-4850-9D7B-D4F2607B1AFC.jpeg?fit=300%2C169\" data-large-file=\"https:\/\/i0.wp.com\/blogdalucianaoliveira.com.br\/blog\/wp-content\/uploads\/2019\/11\/E1B3BC17-9A52-4850-9D7B-D4F2607B1AFC.jpeg?fit=600%2C338\" src=\"https:\/\/i0.wp.com\/blogdalucianaoliveira.com.br\/blog\/wp-content\/uploads\/2019\/11\/E1B3BC17-9A52-4850-9D7B-D4F2607B1AFC.jpeg?resize=600%2C338\" alt=\"E1B3BC17-9A52-4850-9D7B-D4F2607B1AFC\" width=\"600\" height=\"338\" class=\"alignnone size-full wp-image-24716\" srcset=\"https:\/\/i0.wp.com\/blogdalucianaoliveira.com.br\/blog\/wp-content\/uploads\/2019\/11\/E1B3BC17-9A52-4850-9D7B-D4F2607B1AFC.jpeg?w=700 700w, https:\/\/i0.wp.com\/blogdalucianaoliveira.com.br\/blog\/wp-content\/uploads\/2019\/11\/E1B3BC17-9A52-4850-9D7B-D4F2607B1AFC.jpeg?resize=300%2C169 300w, https:\/\/i0.wp.com\/blogdalucianaoliveira.com.br\/blog\/wp-content\/uploads\/2019\/11\/E1B3BC17-9A52-4850-9D7B-D4F2607B1AFC.jpeg?resize=533%2C300 533w\" sizes=\"auto, (max-width: 600px) 100vw, 600px\" \/><\/p>\n<p>20 mortos<\/p>\n<p>4364 pris\u00f5es<\/p>\n<div class=\"text_exposed_show\">\n<p>450 adolescentes apreendidos<\/p>\n<p>1658 feridos<\/p>\n<p>5 perderam a vis\u00e3o<\/p>\n<p>181 a\u00e7\u00f5es judiciais<\/p>\n<p>19 queixas de viol\u00eancia sexual<\/p>\n<p>Entre os motivos da revolta popular est\u00e1 o fracasso da pol\u00edtica de Previd\u00eancia no Chile, que Bolsonaro prop\u00f4s ao Brasil.<\/p>\n<p>\u201cO presidente Sebasti\u00e1n Pi\u00f1era, de centro-direita, demorou para entender o pano de fundo da raiva de seus compatriotas e, no in\u00edcio, concentrou seu discurso exclusivamente na ordem p\u00fablica, dada a intensidade da viol\u00eancia simult\u00e2nea que destro\u00e7ou a cidade. Colocou os militares nas ruas, em uma decis\u00e3o pol\u00edtica complexa: as For\u00e7as Armadas n\u00e3o sa\u00edam de seus quart\u00e9is para tomar o controle das cidades desde a ditadura, exceto em casos de desastres naturais.\u201d (El Pa\u00eds)<\/p>\n<p>O deputado Eduardo Bolsonaro sugeriu um novo AI-5, caso haja um levante parecido aqui.<\/p>\n<p>Ele achou pouco \u2018energ\u00e9tica\u2019 a a\u00e7\u00e3o do governo para frear o povo na luta por seus direitos.<\/p>\n<\/div>\n<\/div>\n<\/div>\n<div class=\"_3x-2\" data-ft=\"{&quot;tn&quot;:&quot;H&quot;}\"><\/div>\n","protected":false},"excerpt":{"rendered":"<p>20 mortos 4364 pris\u00f5es 450 adolescentes apreendidos 1658 feridos 5 perderam a vis\u00e3o 181 a\u00e7\u00f5es judiciais 19 queixas de viol\u00eancia sexual Entre os motivos da revolta popular est\u00e1 o fracasso da pol\u00edtica de Previd\u00eancia no Chile, que Bolsonaro prop\u00f4s ao Brasil. \u201cO presidente Sebasti\u00e1n Pi\u00f1era, de centro-direita, demorou para entender o pano de fundo da&#8230;<a class=\"more-link\" href=\"http:\/\/blogdalucianaoliveira.com.br\/blog\/2019\/11\/04\/resumo-dos-protestos-no-chile-por-18-dias-seguidos\/\">Continue a leitura <span class=\"meta-nav\">&raquo;<\/span><\/a><\/p>\n","protected":false},"author":1,"featured_media":0,"comment_status":"closed","ping_status":"open","sticky":false,"template":"","format":"standard","meta":{"_exactmetrics_skip_tracking":false,"_exactmetrics_sitenote_active":false,"_exactmetrics_sitenote_note":"","_exactmetrics_sitenote_category":0,"jetpack_post_was_ever_published":false,"_jetpack_newsletter_access":"","_jetpack_dont_email_post_to_subs":false,"_jetpack_newsletter_tier_id":0,"_jetpack_memberships_contains_paywalled_content":false,"_jetpack_memberships_contains_paid_content":false,"footnotes":"","jetpack_publicize_message":"","jetpack_publicize_feature_enabled":true,"jetpack_social_post_already_shared":true,"jetpack_social_options":{"image_generator_settings":{"template":"highway","enabled":false},"version":2}},"categories":[1],"tags":[],"class_list":["post-24710","post","type-post","status-publish","format-standard","hentry","category-notas"],"jetpack_publicize_connections":[],"jetpack_sharing_enabled":true,"jetpack_featured_media_url":"","jetpack_shortlink":"https:\/\/wp.me\/p7wKYW-6qy","jetpack-related-posts":[],"_links":{"self":[{"href":"http:\/\/blogdalucianaoliveira.com.br\/blog\/wp-json\/wp\/v2\/posts\/24710","targetHints":{"allow":["GET"]}}],"collection":[{"href":"http:\/\/blogdalucianaoliveira.com.br\/blog\/wp-json\/wp\/v2\/posts"}],"about":[{"href":"http:\/\/blogdalucianaoliveira.com.br\/blog\/wp-json\/wp\/v2\/types\/post"}],"author":[{"embeddable":true,"href":"http:\/\/blogdalucianaoliveira.com.br\/blog\/wp-json\/wp\/v2\/users\/1"}],"replies":[{"embeddable":true,"href":"http:\/\/blogdalucianaoliveira.com.br\/blog\/wp-json\/wp\/v2\/comments?post=24710"}],"version-history":[{"count":3,"href":"http:\/\/blogdalucianaoliveira.com.br\/blog\/wp-json\/wp\/v2\/posts\/24710\/revisions"}],"predecessor-version":[{"id":24718,"href":"http:\/\/blogdalucianaoliveira.com.br\/blog\/wp-json\/wp\/v2\/posts\/24710\/revisions\/24718"}],"wp:attachment":[{"href":"http:\/\/blogdalucianaoliveira.com.br\/blog\/wp-json\/wp\/v2\/media?parent=24710"}],"wp:term":[{"taxonomy":"category","embeddable":true,"href":"http:\/\/blogdalucianaoliveira.com.br\/blog\/wp-json\/wp\/v2\/categories?post=24710"},{"taxonomy":"post_tag","embeddable":true,"href":"http:\/\/blogdalucianaoliveira.com.br\/blog\/wp-json\/wp\/v2\/tags?post=24710"}],"curies":[{"name":"wp","href":"https:\/\/api.w.org\/{rel}","templated":true}]}}