{"id":24712,"date":"2019-11-04T19:10:50","date_gmt":"2019-11-04T23:10:50","guid":{"rendered":"http:\/\/blogdalucianaoliveira.com.br\/blog\/?p=24712"},"modified":"2019-11-04T19:10:50","modified_gmt":"2019-11-04T23:10:50","slug":"governo-bolsonaro-reage-e-diz-que-globo-deve-investigar-sua-propria-corrupcao-em-copas-do-mundo","status":"publish","type":"post","link":"http:\/\/blogdalucianaoliveira.com.br\/blog\/2019\/11\/04\/governo-bolsonaro-reage-e-diz-que-globo-deve-investigar-sua-propria-corrupcao-em-copas-do-mundo\/","title":{"rendered":"Governo Bolsonaro reage e diz que Globo deve investigar sua pr\u00f3pria corrup\u00e7\u00e3o em Copas do Mundo"},"content":{"rendered":"<figure><picture><img data-recalc-dims=\"1\" decoding=\"async\" title=\" \" src=\"https:\/\/i0.wp.com\/publisher-publish.s3.eu-central-1.amazonaws.com\/pb-brasil247\/swp\/jtjeq9\/media\/20191104211120_f167b52c-8172-413f-8aad-9b202ada1ab5.jpeg?w=600&#038;ssl=1\" alt=\"\" \/><\/picture><\/figure>\n<figure>\n<div class=\"ad-first-text\"><\/div>\n<p style=\"text-align: left;\"><b>247 &#8211;<\/b>\u00a0A Secretaria de Comunica\u00e7\u00e3o Social da Presid\u00eancia da Rep\u00fablica (Secom), comandada por F\u00e1bio Wajngarten, rebateu nesta segunda-feira, 4, a nota interna divulgada pelo diretor de Jornalista da Globo, Ali Kamel, em que ele arma\u00e7\u00e3o bolsonarista antes da reportagem sobre o caso Marielle e a liga\u00e7\u00e3o do porteiro do &#8220;seu Jair&#8221;.<\/p>\n<p>Em uma sequ\u00eancia de mensagens pelo Twitter, a Secom disse que a Globo levou &#8220;desinforma\u00e7\u00e3o&#8221; com a reportagem exibida pelo Jornal Nacional e que seria &#8220;evidente&#8221; que o foco da emissora da fam\u00edlia Marinho \u00e9 &#8220;enfraquecer&#8221; o governo de Jair Bolsonaro.<!--more--><\/p>\n<p>A Secom finalizou a nota pedindo que a Globo investigue as den\u00fancias de corrup\u00e7\u00e3o que pesam contra ela na compra de direitos de transmiss\u00e3o da Copa do Mundo.<\/p>\n<p>&#8220;Se a TV Globo fizesse bom jornalismo, como defende, investigaria e publicaria, por exemplo, sua pr\u00f3pria participa\u00e7\u00e3o em supostos pagamentos de propina a dirigentes da Fifa para compra de direitos de transmiss\u00e3o da Copa do Mundo&#8221;, diz a Secom.<\/p>\n<p>Em nota interna para a equipe de jornalismo, Ali Kamel revelou que a emissora foi procurada por fonte pr\u00f3xima a Jair Bolsonaro antes da publica\u00e7\u00e3o da reportagem sobre o caso Marielle Franco. Segundo ele, havia interesse em empurrar a Globo para uma narrativa que rapidamente seria desmentida pelo bolsonarismo, abrindo a discuss\u00e3o sobre a cassa\u00e7\u00e3o da concess\u00e3o da emissora (leia mais no\u00a0<a href=\"https:\/\/www.brasil247.com\/midia\/fonte-proxima-a-bolsonaro-procurou-a-globo-antes-da-reportagem-sobre-o-caso-marielle-e-cobrou-a-publicacao\"><b>Brasil 247<\/b><\/a>).<\/p>\n<p><b>Leia, abaixo, a \u00edntegra da nota da Secom, publicada em uma sequ\u00eancia de tweets:<\/b><\/p>\n<p><i>Em resposta \u00e0 carta do diretor-geral de jornalismo da Rede Globo, Ali Kamel, na qual o executivo celebra erros grosseiros da reportagem que tenta envolver o presidente Bolsonaro com a execu\u00e7\u00e3o da vereadora Marielle Franco, a Secom publica a seguinte nota oficial. Segue a thread.<\/i><\/p>\n<p><i>A Secretaria Especial de Comunica\u00e7\u00e3o Social da Presid\u00eancia da Rep\u00fablica (Secom) repudia a persegui\u00e7\u00e3o da TV Globo ao presidente Jair Bolsonaro, na tentativa de envolv\u00ea-lo no caso Marielle.<\/i><\/p>\n<p><i>\u00c9 lament\u00e1vel que a TV Globo considere motivo de comemora\u00e7\u00e3o a veicula\u00e7\u00e3o de mat\u00e9ria que, sob o verniz de jornalismo imparcial, somente leva desinforma\u00e7\u00e3o aos brasileiros.<\/i><\/p>\n<div class=\"contentAd contentAd--noBackground marginBottom30\">\n<p><i>Caso a emissora tivesse realmente pautado seu trabalho pela imparcialidade, rigor na apura\u00e7\u00e3o e profundidade de investiga\u00e7\u00e3o, n\u00e3o teria levado ao ar mat\u00e9ria t\u00e3o fr\u00e1gil do ponto de vista jornal\u00edstico.<\/i><\/p>\n<p><i>A reportagem seguiu adiante mesmo sabendo que o depoimento que relacionava o presidente da Rep\u00fablica n\u00e3o passou de fraude e se apresenta como outro crime que merece apura\u00e7\u00e3o. Jornalismo n\u00e3o pode ser feito com suposi\u00e7\u00f5es.<\/i><\/p>\n<p><i>\u00c9 evidente o foco da emissora em promover disc\u00f3rdias e enfraquecer o governo, enquanto outros fatos not\u00f3rios positivos do pa\u00eds s\u00e3o silenciados, pois n\u00e3o interessam aos cofres da empresa.<\/i><\/p>\n<p><i>Se a TV Globo fizesse bom jornalismo, como defende, investigaria e publicaria, por exemplo, sua pr\u00f3pria participa\u00e7\u00e3o em supostos pagamentos de propina a dirigentes da Fifa para compra de direitos de transmiss\u00e3o da Copa do Mundo.<\/i><\/p>\n<div class=\"embed-block\">\n<div class=\"SandboxRoot env-bp-350\" data-twitter-event-id=\"0\">\n<div id=\"twitter-widget-0\" class=\"EmbeddedTweet EmbeddedTweet--cta js-clickToOpenTarget\" lang=\"pt\" data-click-to-open-target=\"https:\/\/twitter.com\/secomvc\/status\/1191433338776641538\" data-iframe-title=\"Tweet do Twitter\" data-scribe=\"page:tweet\" data-twitter-event-id=\"1\">\n<div class=\"EmbeddedTweet-tweetContainer\">\n<div class=\"EmbeddedTweet-tweet\">\n<blockquote class=\"Tweet h-entry js-tweetIdInfo subject expanded\" cite=\"https:\/\/twitter.com\/secomvc\/status\/1191433338776641538\" data-tweet-id=\"1191433338776641538\" data-scribe=\"section:subject\">\n<div class=\"Tweet-header\">\n<p><a class=\"TweetAuthor-avatar Identity-avatar u-linkBlend\" href=\"https:\/\/twitter.com\/secomvc\" data-scribe=\"element:user_link\"><img data-recalc-dims=\"1\" decoding=\"async\" class=\"Avatar\" src=\"https:\/\/i0.wp.com\/pbs.twimg.com\/profile_images\/1180189573269327872\/w0iuLDP7_normal.jpg?w=600&#038;ssl=1\" alt=\"\" data-scribe=\"element:avatar\" data-src-2x=\"https:\/\/pbs.twimg.com\/profile_images\/1180189573269327872\/w0iuLDP7_bigger.jpg\" data-src-1x=\"https:\/\/pbs.twimg.com\/profile_images\/1180189573269327872\/w0iuLDP7_normal.jpg\" \/><\/a><\/p>\n<div class=\"TweetAuthor js-inViewportScribingTarget\" data-scribe=\"component:author\">\n<div class=\"TweetAuthor-nameScreenNameContainer\">\n<p><span class=\"TweetAuthor-decoratedName\"><span class=\"TweetAuthor-name Identity-name customisable-highlight\" title=\"SecomVc\" data-scribe=\"element:name\">SecomVc<\/span><\/span><\/p>\n<div class=\"Icon Icon--verified \" title=\"Conta Verificada\"><\/div>\n<p><span class=\"TweetAuthor-decoratedName\"><span class=\"TweetAuthor-verifiedBadge\" data-scribe=\"element:verified_badge\"><b class=\"u-hiddenVisually\">\u2714<\/b><\/span><\/span><span class=\"TweetAuthor-screenName Identity-screenName\" dir=\"ltr\" title=\"@secomvc\" data-scribe=\"element:screen_name\">@secomvc<\/span><\/p>\n<\/div>\n<\/div>\n<div class=\"Tweet-brand\"><\/div>\n<\/div>\n<div class=\"Tweet-body e-entry-content\" data-scribe=\"component:tweet\">\n<div class=\"Tweet-target js-inViewportScribingTarget\"><\/div>\n<p class=\"Tweet-text e-entry-title\" dir=\"ltr\" lang=\"pt\">Em resposta \u00e0 carta do diretor-geral de jornalismo da Rede Globo, Ali Kamel, na qual o executivo celebra erros grosseiros da reportagem que tenta envolver o presidente Bolsonaro com a execu\u00e7\u00e3o da vereadora Marielle Franco, a Secom publica a seguinte nota oficial. Segue a thread.<\/p>\n<div class=\"Tweet-card\">\n<article class=\"MediaCard customisable-border\" dir=\"ltr\" data-scribe=\"component:card\">\n<div class=\"MediaCard-media\" data-scribe=\"element:photo\">\n<div class=\"MediaCard-widthConstraint js-cspForcedStyle\" data-style=\"max-width: 1200px\">\n<div class=\"MediaCard-mediaContainer js-cspForcedStyle MediaCard--roundedTop MediaCard--roundedBottom\" data-style=\"padding-bottom: 56.2500%\"><a class=\"MediaCard-mediaAsset NaturalImage\" href=\"https:\/\/twitter.com\/secomvc\/status\/1191433338776641538\/photo\/1\"><img loading=\"lazy\" decoding=\"async\" class=\"NaturalImage-image\" title=\"Ver imagem no Twitter\" src=\"https:\/\/pbs.twimg.com\/media\/EIjSTYqXkAIxnp5?format=jpg&amp;name=small\" alt=\"Ver imagem no Twitter\" width=\"1200\" height=\"675\" data-image=\"https:\/\/pbs.twimg.com\/media\/EIjSTYqXkAIxnp5\" data-image-format=\"jpg\" \/><\/a><\/div>\n<\/div>\n<\/div>\n<\/article>\n<\/div>\n<div class=\"TweetInfo\"><\/div>\n<\/div>\n<\/blockquote>\n<\/div>\n<\/div>\n<\/div>\n<div class=\"resize-sensor\"><\/div>\n<\/div>\n<\/div>\n<\/div>\n<div class=\"contentAd contentAd--noBackground marginBottom30\"><\/div>\n<\/figure>\n<p>&nbsp;<\/p>\n","protected":false},"excerpt":{"rendered":"<p>247 &#8211;\u00a0A Secretaria de Comunica\u00e7\u00e3o Social da Presid\u00eancia da Rep\u00fablica (Secom), comandada por F\u00e1bio Wajngarten, rebateu nesta segunda-feira, 4, a nota interna divulgada pelo diretor de Jornalista da Globo, Ali Kamel, em que ele arma\u00e7\u00e3o bolsonarista antes da reportagem sobre o caso Marielle e a liga\u00e7\u00e3o do porteiro do &#8220;seu Jair&#8221;. Em uma sequ\u00eancia de&#8230;<a class=\"more-link\" href=\"http:\/\/blogdalucianaoliveira.com.br\/blog\/2019\/11\/04\/governo-bolsonaro-reage-e-diz-que-globo-deve-investigar-sua-propria-corrupcao-em-copas-do-mundo\/\">Continue a leitura <span class=\"meta-nav\">&raquo;<\/span><\/a><\/p>\n","protected":false},"author":1,"featured_media":0,"comment_status":"closed","ping_status":"open","sticky":false,"template":"","format":"standard","meta":{"_exactmetrics_skip_tracking":false,"_exactmetrics_sitenote_active":false,"_exactmetrics_sitenote_note":"","_exactmetrics_sitenote_category":0,"jetpack_post_was_ever_published":false,"_jetpack_newsletter_access":"","_jetpack_dont_email_post_to_subs":false,"_jetpack_newsletter_tier_id":0,"_jetpack_memberships_contains_paywalled_content":false,"_jetpack_memberships_contains_paid_content":false,"footnotes":"","jetpack_publicize_message":"","jetpack_publicize_feature_enabled":true,"jetpack_social_post_already_shared":true,"jetpack_social_options":{"image_generator_settings":{"template":"highway","enabled":false},"version":2}},"categories":[1],"tags":[],"class_list":["post-24712","post","type-post","status-publish","format-standard","hentry","category-notas"],"jetpack_publicize_connections":[],"jetpack_sharing_enabled":true,"jetpack_featured_media_url":"","jetpack_shortlink":"https:\/\/wp.me\/p7wKYW-6qA","jetpack-related-posts":[],"_links":{"self":[{"href":"http:\/\/blogdalucianaoliveira.com.br\/blog\/wp-json\/wp\/v2\/posts\/24712","targetHints":{"allow":["GET"]}}],"collection":[{"href":"http:\/\/blogdalucianaoliveira.com.br\/blog\/wp-json\/wp\/v2\/posts"}],"about":[{"href":"http:\/\/blogdalucianaoliveira.com.br\/blog\/wp-json\/wp\/v2\/types\/post"}],"author":[{"embeddable":true,"href":"http:\/\/blogdalucianaoliveira.com.br\/blog\/wp-json\/wp\/v2\/users\/1"}],"replies":[{"embeddable":true,"href":"http:\/\/blogdalucianaoliveira.com.br\/blog\/wp-json\/wp\/v2\/comments?post=24712"}],"version-history":[{"count":1,"href":"http:\/\/blogdalucianaoliveira.com.br\/blog\/wp-json\/wp\/v2\/posts\/24712\/revisions"}],"predecessor-version":[{"id":24713,"href":"http:\/\/blogdalucianaoliveira.com.br\/blog\/wp-json\/wp\/v2\/posts\/24712\/revisions\/24713"}],"wp:attachment":[{"href":"http:\/\/blogdalucianaoliveira.com.br\/blog\/wp-json\/wp\/v2\/media?parent=24712"}],"wp:term":[{"taxonomy":"category","embeddable":true,"href":"http:\/\/blogdalucianaoliveira.com.br\/blog\/wp-json\/wp\/v2\/categories?post=24712"},{"taxonomy":"post_tag","embeddable":true,"href":"http:\/\/blogdalucianaoliveira.com.br\/blog\/wp-json\/wp\/v2\/tags?post=24712"}],"curies":[{"name":"wp","href":"https:\/\/api.w.org\/{rel}","templated":true}]}}