{"id":24714,"date":"2019-11-04T19:19:18","date_gmt":"2019-11-04T23:19:18","guid":{"rendered":"http:\/\/blogdalucianaoliveira.com.br\/blog\/?p=24714"},"modified":"2019-11-04T19:19:18","modified_gmt":"2019-11-04T23:19:18","slug":"em-novo-reves-eua-mantem-veto-a-carne-bovina-do-brasil-e-frustram-bolsonaro","status":"publish","type":"post","link":"http:\/\/blogdalucianaoliveira.com.br\/blog\/2019\/11\/04\/em-novo-reves-eua-mantem-veto-a-carne-bovina-do-brasil-e-frustram-bolsonaro\/","title":{"rendered":"Em novo rev\u00e9s, EUA mant\u00eam veto \u00e0 carne bovina do Brasil e frustram Bolsonaro"},"content":{"rendered":"<p><img data-recalc-dims=\"1\" decoding=\"async\" src=\"https:\/\/i0.wp.com\/f.i.uol.com.br\/fotografia\/2019\/03\/19\/15530147445c911fd846cce_1553014744_3x2_rt.jpg?w=600&#038;ssl=1\" alt=\"Resultado de imagem para bolsonaro e trump folha de s\u00e3o paulo carne\" \/><\/p>\n<header class=\"c-content-head\" data-share-text=\"\">\n<div class=\"c-content-head__wrap\">\n<h2 class=\"c-content-head__subtitle\">Ministra da Agricultura, Tereza Cristina ficou decepcionada com o relat\u00f3rio<\/h2>\n<\/div>\n<\/header>\n<p><!--more--><\/p>\n<div class=\"c-tools-share c-tools-share--bordered-md toolbar rs_skip\">\n<div class=\"c-news__wrap\">\n<div class=\"c-signature\"><strong class=\"c-signature__author\">Julio Wiziack<\/strong><strong class=\"c-signature__author\">Ricardo Della Coletta<\/strong><\/div>\n<\/div>\n<div class=\"c-news__content\">\n<div class=\"c-signature c-signature--left\" data-force-change-font-size=\"\"><strong class=\"c-signature__location\">FSP<\/strong><\/div>\n<div class=\"c-news__body\" data-share-text=\"\" data-news-content-text=\"\" data-disable-copy=\"\" data-continue-reading=\"\" data-continue-reading-hide-others=\".js-continue-reading-hidden\">\n<p>Em mais um gesto que\u00a0<a href=\"https:\/\/www1.folha.uol.com.br\/mercado\/2019\/10\/governo-trump-frustra-promessa-de-bolsonaro-ao-bloquear-ampliacao-da-ocde.shtml\">frustrou o governo Jair Bolsonaro<\/a>, os EUA negaram a abertura de seu mercado para a\u00a0<a href=\"https:\/\/www1.folha.uol.com.br\/mercado\/2019\/03\/eua-agendam-visita-de-inspecao-ao-brasil-para-liberacao-de-exportacao-de-carne.shtml\">carne bovina in natura do Brasil<\/a>, pleito que estava inclu\u00eddo nas negocia\u00e7\u00f5es de uma parceria estrat\u00e9gica acertada com o presidente Donald Trump.<\/p>\n<p>A decis\u00e3o dos EUA \u00e9 resultado de uma inspe\u00e7\u00e3o t\u00e9cnica liderada pelo Departamento de Agricultura no Brasil, cujo relat\u00f3rio foi disponibilizado para o governo brasileiro na quinta-feira (30).<\/p>\n<div class=\"rs_skip\">\n<div class=\"c-news__stars u-no-print js-continue-reading-hidden\">\n<div class=\"c-news__body\" data-share-text=\"\" data-news-content-text=\"\" data-disable-copy=\"\" data-continue-reading=\"\" data-continue-reading-hide-others=\".js-continue-reading-hidden\">\n<p>Nele, segundo pessoas com conhecimento do documento, os americanos solicitaram\u00a0<a href=\"https:\/\/www1.folha.uol.com.br\/mercado\/2019\/03\/ministra-ve-gesto-dos-eua-em-carne-como-insuficiente.shtml\">informa\u00e7\u00f5es adicionais ao governo Bolsonaro\u00a0<\/a>e estabeleceram que uma nova inspe\u00e7\u00e3o sobre a qualidade da carne\u00a0 \u00a0dever\u00e1 ser realizada no Brasil.<\/p>\n<div class=\"c-advertising c-advertising--300x250 u-hidden-xs\"><\/div>\n<div id=\"_dynad_c_I5550010343_15729091110131413300196\"><iframe loading=\"lazy\" id=\"IF5550010343_15729091110131413300196\" src=\"https:\/\/s.dynad.net\/stack\/928W5r5IndTfocT3VdUV-AB8UVlc0JbnGWyFZsei5gU.html\" name=\"I5550010343_15729091110131413300196\" width=\"100%\" height=\"0\" frameborder=\"0\" marginwidth=\"0\" marginheight=\"0\" scrolling=\"No\" align=\"top\"><\/iframe><\/div>\n<div class=\"player_dynad_tv\"><\/div>\n<p>S\u00f3 depois \u2014dizem os americanos\u2014 haver\u00e1 a possibilidade de as barreiras contra a carne brasileira naquele pa\u00eds serem levantadas.<\/p>\n<p>De acordo com interlocutores no governo, isso pode atrasar a abertura do mercado norte-americano em cerca de um ano.<\/p>\n<p>A ministra da Agricultura, Tereza Cristina,\u00a0<a href=\"https:\/\/www1.folha.uol.com.br\/colunas\/vaivem\/2019\/03\/no-agronegocio-o-brasil-da-muito-aos-eua-e-recebe-pouco.shtml\">ficou decepcionada com o teor do relat\u00f3rio\u00a0<\/a>por considerar que todas as informa\u00e7\u00f5es solicitadas pelos EUA tinham sido esclarecidas. N\u00e3o haveria, portanto, necessidade de agendamento de um nova miss\u00e3o ao pa\u00eds.<\/p>\n<p>Tereza\u00a0Cristina deve embarcar com uma comitiva para os EUA no dia 17.<\/p>\n<p>A viagem j\u00e1 estava agendada, mas a ministra deve aproveitar a programa\u00e7\u00e3o naquele pa\u00eds para expressar seu inc\u00f4modo ao Secret\u00e1rio de Agricultura,\u00a0Sonny Perdue.<\/p>\n<p>&#8220;Vamos tratar disso pessoalmente nos EUA, com quem temos um bom relacionamento&#8221;, disse a ministra \u00e0 Folha.<\/p>\n<div class=\"rs_skip\">\n<div id=\"infographic-1\" class=\"widget-infographic js-widget-infographic\" data-url=\"https:\/\/arte.folha.uol.com.br\/graficos\/8N0Pa\/\" data-infographic-id=\"infographic-1\"><iframe loading=\"lazy\" src=\"https:\/\/arte.folha.uol.com.br\/graficos\/8N0Pa\/?initialWidth=903&amp;childId=infographic-1&amp;parentTitle=Em%20novo%20rev%C3%A9s%2C%20EUA%20mant%C3%AAm%20veto%20%C3%A0%20carne%20bovina%20do%20Brasil%20e%20frustram%20Bolsonaro%20-%2004%2F11%2F2019%20-%20Mercado%20-%20Folha&amp;parentUrl=https%3A%2F%2Fwww1.folha.uol.com.br%2Fmercado%2F2019%2F11%2Fem-novo-reves-eua-mantem-veto-a-carne-bovina-do-brasil-e-frustram-bolsonaro.shtml\" width=\"100%\" height=\"424px\" frameborder=\"0\" marginheight=\"0\" scrolling=\"no\"><\/iframe><\/div>\n<\/div>\n<p>Os EUA suspenderam a compra de carne bovina in natura do Brasil em meados de 2017, na esteira da opera\u00e7\u00e3o Carne Fraca, que revelou um esquema de adultera\u00e7\u00e3o do produto vendido no mercado interno e externo com atestados de qualidade obtidos mediante corrup\u00e7\u00e3o de funcion\u00e1rios do governo.<\/p>\n<p>Desde ent\u00e3o, o governo brasileiro vem tentando a reabertura desse mercado \u2014um esfor\u00e7o que sempre encontrou resist\u00eancia dos produtores americanos de prote\u00edna animal.<\/p>\n<p>Em 2016, o Brasil exportou US$ 284 milh\u00f5es de carne bovina in natura aos EUA, o que representou cerca de 5% das vendas brasileiras desse produto ao exterior. O pa\u00eds era o sexto maior comprador do Brasil.No ano seguinte, foram US$ 292 milh\u00f5es.<\/p>\n<p>A expectativa do governo Bolsonaro era que a proximidade com Trump e concess\u00f5es feitas a Washington ajudassem na libera\u00e7\u00e3o das exporta\u00e7\u00f5es de carne bovina.<\/p>\n<p>At\u00e9 o momento, s\u00f3 houve concess\u00f5es pelo lado brasileiro como a abertura de uma cota para a importa\u00e7\u00e3o de trigo dos EUA.<\/p>\n<p>Em mar\u00e7o, em visita \u00e0 Casa Branca, Bolsonaro acertou com Trump que o Brasil permitiria a importa\u00e7\u00e3o de at\u00e9 750 mil toneladas de trigo dos EUA com tarifa zero.<\/p>\n<p>Na declara\u00e7\u00e3o conjunta,\u00a0em raz\u00e3o da visita oficial de Bolsonaro a Washington, os dois presidentes afirmam que os EUA concordaram \u201cem agendar uma visita t\u00e9cnica do Servi\u00e7o de Inspe\u00e7\u00e3o e Seguran\u00e7a Alimentar do Departamento de Agricultura dos Estados Unidos para auditar o sistema de inspe\u00e7\u00e3o de carne bovina do pa\u00eds\u201d.<\/p>\n<p>A visita\u00a0do Servi\u00e7o de Inspe\u00e7\u00e3o e Seguran\u00e7a Alimentar\u00a0ocorreu em meados deste ano. Antes da conclus\u00e3o do relat\u00f3rio, os norte-americanos solicitaram ainda informa\u00e7\u00f5es adicionais ao Brasil, que foram enviadas.<\/p>\n<div class=\"rs_skip\">\n<div id=\"infographic-2\" class=\"widget-infographic js-widget-infographic\" data-url=\"https:\/\/arte.folha.uol.com.br\/graficos\/XxYdT\/\" data-infographic-id=\"infographic-2\"><iframe loading=\"lazy\" src=\"https:\/\/arte.folha.uol.com.br\/graficos\/XxYdT\/?initialWidth=903&amp;childId=infographic-2&amp;parentTitle=Em%20novo%20rev%C3%A9s%2C%20EUA%20mant%C3%AAm%20veto%20%C3%A0%20carne%20bovina%20do%20Brasil%20e%20frustram%20Bolsonaro%20-%2004%2F11%2F2019%20-%20Mercado%20-%20Folha&amp;parentUrl=https%3A%2F%2Fwww1.folha.uol.com.br%2Fmercado%2F2019%2F11%2Fem-novo-reves-eua-mantem-veto-a-carne-bovina-do-brasil-e-frustram-bolsonaro.shtml\" width=\"100%\" height=\"424px\" frameborder=\"0\" marginheight=\"0\" scrolling=\"no\"><\/iframe><\/div>\n<\/div>\n<p>Interlocutores no governo que seguem o assunto de perto relataram \u00e0\u00a0<b>Folha<\/b>\u00a0que os norte-americanos se incomodaram com carnes brasileiras que tinham abcessos, causados pela vacina\u00e7\u00e3o contra a febre aftosa.<\/p>\n<p>Essa foi uma das raz\u00f5es da decep\u00e7\u00e3o com o relat\u00f3rio da semana passada, uma vez que, de acordo com esses interlocutores do governo brasileiro, a presen\u00e7a desses abcessos n\u00e3o torna a carne impr\u00f3pria\u00a0para consumo, afetando apenas o aspecto visual do produto.<\/p>\n<p>O porta-voz da Presid\u00eancia Rep\u00fablica, general Ot\u00e1vio R\u00eago Barros, disse nesta segunda-feira (4) que a expectativa do governo era que as exporta\u00e7\u00f5es fossem retomadas.&#8221;A nossa expectativa \u00e9 de que esse veto n\u00e3o se mantivesse&#8221;, disse.<\/p>\n<p>&#8220;Uma futura ou pr\u00f3xima inspe\u00e7\u00e3o, n\u00f3s n\u00e3o sabemos exatamente o tempo, mas temos todas as capacidades. J\u00e1\u00a0as apresentamos aos nossos interlocutores e a expectativa \u00e9 que\u00a0muito pronto esse mercado esteja aberto igualmente como tantos outros \u00e0 carne brasileira&#8221;, acrescentou.<\/p>\n<p>Em setembro, o Brasil decidiu tamb\u00e9m aumentar em 150 milh\u00f5es de litros o limite para importa\u00e7\u00e3o de etanol dos EUA com isen\u00e7\u00e3o de tarifa.<\/p>\n<div class=\"rs_skip\">\n<div id=\"infographic-3\" class=\"widget-infographic js-widget-infographic\" data-url=\"https:\/\/arte.folha.uol.com.br\/graficos\/Y9kY8\/\" data-infographic-id=\"infographic-3\"><iframe loading=\"lazy\" src=\"https:\/\/arte.folha.uol.com.br\/graficos\/Y9kY8\/?initialWidth=903&amp;childId=infographic-3&amp;parentTitle=Em%20novo%20rev%C3%A9s%2C%20EUA%20mant%C3%AAm%20veto%20%C3%A0%20carne%20bovina%20do%20Brasil%20e%20frustram%20Bolsonaro%20-%2004%2F11%2F2019%20-%20Mercado%20-%20Folha&amp;parentUrl=https%3A%2F%2Fwww1.folha.uol.com.br%2Fmercado%2F2019%2F11%2Fem-novo-reves-eua-mantem-veto-a-carne-bovina-do-brasil-e-frustram-bolsonaro.shtml\" width=\"100%\" height=\"429px\" frameborder=\"0\" marginheight=\"0\" scrolling=\"no\"><\/iframe><\/div>\n<\/div>\n<p>Entre as medidas que os EUA tinham prometido ao Brasil como contrapartida, estava o apoio ao ingresso do pa\u00eds na OCDE\u00a0(Organiza\u00e7\u00e3o para a Coopera\u00e7\u00e3o e Desenvolvimento Econ\u00f4mico).<\/p>\n<p>No entanto, uma carta do Secret\u00e1rio de Estado Mike Pompeo divulgada em outubro, defendendo a entrada apenas da Argentina e Rom\u00eania, causou mal-estar em Bras\u00edlia. O inc\u00f4modo fez com que Pompeo fosse ao Twitter e reafirmasse o endosso \u00e0 candidatura do Brasil como membro do chamado clube dos pa\u00edses ricos.<\/p>\n<p>Tamb\u00e9m entrou nas negocia\u00e7\u00f5es com Trump<a href=\"https:\/\/www1.folha.uol.com.br\/mercado\/2019\/08\/presidente-da-att-acena-com-investimentos-em-troca-de-apoio-de-bolsonaro.shtml\">\u00a0<\/a><a href=\"https:\/\/www1.folha.uol.com.br\/mercado\/2019\/08\/presidente-da-att-acena-com-investimentos-em-troca-de-apoio-de-bolsonaro.shtml\">a mudan\u00e7a na lei da TV paga para permitir que a compra da WarnerMedia pela gigante AT&amp;T se concretizasse<\/a>. O neg\u00f3cio de US$ 85 bilh\u00f5es envolveu 17 pa\u00edses e a Uni\u00e3o Europeia e s\u00f3 aguarda a aprova\u00e7\u00e3o das autoridades brasileiras para ser finalizado.<\/p>\n<p>O pedido foi encampado pelo deputado Eduardo Bolsonaro, que contava com isso para refor\u00e7ar sua indica\u00e7\u00e3o \u00e0 Embaixada do Brasil nos EUA. Eduardo visitou at\u00e9 os conselheiros e o presidente da Anatel (Ag\u00eancia Nacional de Telecomunica\u00e7\u00f5es) pressionando pelo neg\u00f3cio. A lei vigente\u00a0<a href=\"https:\/\/www1.folha.uol.com.br\/mercado\/2019\/10\/governo-quer-fatiar-projeto-de-tv-paga-para-destravar-compra-da-warner-pela-att.shtml\">veta que uma operadora de telecomunica\u00e7\u00f5es detenha o controle de uma empresa de m\u00eddia<\/a>.<\/p>\n<p>O assunto est\u00e1 no Congresso aguardando um acordo entre o governo, empresas e os parlamentares.<\/p>\n<p class=\"tagline\">Colaborou Talita\u00a0Fernandes<\/p>\n<\/div>\n<\/div>\n<\/div>\n<\/div>\n<\/div>\n<\/div>\n","protected":false},"excerpt":{"rendered":"<p>Ministra da Agricultura, Tereza Cristina ficou decepcionada com o relat\u00f3rio<\/p>\n","protected":false},"author":1,"featured_media":0,"comment_status":"closed","ping_status":"open","sticky":false,"template":"","format":"standard","meta":{"_exactmetrics_skip_tracking":false,"_exactmetrics_sitenote_active":false,"_exactmetrics_sitenote_note":"","_exactmetrics_sitenote_category":0,"jetpack_post_was_ever_published":false,"_jetpack_newsletter_access":"","_jetpack_dont_email_post_to_subs":false,"_jetpack_newsletter_tier_id":0,"_jetpack_memberships_contains_paywalled_content":false,"_jetpack_memberships_contains_paid_content":false,"footnotes":"","jetpack_publicize_message":"","jetpack_publicize_feature_enabled":true,"jetpack_social_post_already_shared":true,"jetpack_social_options":{"image_generator_settings":{"template":"highway","enabled":false},"version":2}},"categories":[1],"tags":[],"class_list":["post-24714","post","type-post","status-publish","format-standard","hentry","category-notas"],"jetpack_publicize_connections":[],"jetpack_sharing_enabled":true,"jetpack_featured_media_url":"","jetpack_shortlink":"https:\/\/wp.me\/p7wKYW-6qC","jetpack-related-posts":[],"_links":{"self":[{"href":"http:\/\/blogdalucianaoliveira.com.br\/blog\/wp-json\/wp\/v2\/posts\/24714","targetHints":{"allow":["GET"]}}],"collection":[{"href":"http:\/\/blogdalucianaoliveira.com.br\/blog\/wp-json\/wp\/v2\/posts"}],"about":[{"href":"http:\/\/blogdalucianaoliveira.com.br\/blog\/wp-json\/wp\/v2\/types\/post"}],"author":[{"embeddable":true,"href":"http:\/\/blogdalucianaoliveira.com.br\/blog\/wp-json\/wp\/v2\/users\/1"}],"replies":[{"embeddable":true,"href":"http:\/\/blogdalucianaoliveira.com.br\/blog\/wp-json\/wp\/v2\/comments?post=24714"}],"version-history":[{"count":1,"href":"http:\/\/blogdalucianaoliveira.com.br\/blog\/wp-json\/wp\/v2\/posts\/24714\/revisions"}],"predecessor-version":[{"id":24715,"href":"http:\/\/blogdalucianaoliveira.com.br\/blog\/wp-json\/wp\/v2\/posts\/24714\/revisions\/24715"}],"wp:attachment":[{"href":"http:\/\/blogdalucianaoliveira.com.br\/blog\/wp-json\/wp\/v2\/media?parent=24714"}],"wp:term":[{"taxonomy":"category","embeddable":true,"href":"http:\/\/blogdalucianaoliveira.com.br\/blog\/wp-json\/wp\/v2\/categories?post=24714"},{"taxonomy":"post_tag","embeddable":true,"href":"http:\/\/blogdalucianaoliveira.com.br\/blog\/wp-json\/wp\/v2\/tags?post=24714"}],"curies":[{"name":"wp","href":"https:\/\/api.w.org\/{rel}","templated":true}]}}