{"id":24719,"date":"2019-11-04T19:52:08","date_gmt":"2019-11-04T23:52:08","guid":{"rendered":"http:\/\/blogdalucianaoliveira.com.br\/blog\/?p=24719"},"modified":"2019-11-04T19:52:08","modified_gmt":"2019-11-04T23:52:08","slug":"caetano-fala-da-censura-ontem-e-hoje","status":"publish","type":"post","link":"http:\/\/blogdalucianaoliveira.com.br\/blog\/2019\/11\/04\/caetano-fala-da-censura-ontem-e-hoje\/","title":{"rendered":"Caetano fala da censura ontem e hoje"},"content":{"rendered":"<div class=\"fb-post\" data-href=\"https:\/\/www.facebook.com\/164188247072662\/posts\/1647956975362441?vh=e&#038;d=n&#038;sfns=mo\" data-width=\"552\"><\/div>\n<p>Durante audi\u00eancia p\u00fablica com a Ministra Carmen L\u00facia no STF contra o decreto de Bolsonaro em censurar a produ\u00e7\u00e3o audiovisual brasileira, onde reuniu diversos artistas pela liberdade de express\u00e3o art\u00edstica.<\/p>\n<p>#censuranuncamais #ditaduranuncamais #democracia<\/p>\n","protected":false},"excerpt":{"rendered":"<p>Durante audi\u00eancia p\u00fablica com a Ministra Carmen L\u00facia no STF contra o decreto de Bolsonaro em censurar a produ\u00e7\u00e3o audiovisual brasileira, onde reuniu diversos artistas pela liberdade de express\u00e3o art\u00edstica. #censuranuncamais #ditaduranuncamais #democracia<\/p>\n","protected":false},"author":1,"featured_media":0,"comment_status":"closed","ping_status":"open","sticky":false,"template":"","format":"standard","meta":{"_exactmetrics_skip_tracking":false,"_exactmetrics_sitenote_active":false,"_exactmetrics_sitenote_note":"","_exactmetrics_sitenote_category":0,"jetpack_post_was_ever_published":false,"_jetpack_newsletter_access":"","_jetpack_dont_email_post_to_subs":false,"_jetpack_newsletter_tier_id":0,"_jetpack_memberships_contains_paywalled_content":false,"_jetpack_memberships_contains_paid_content":false,"footnotes":"","jetpack_publicize_message":"","jetpack_publicize_feature_enabled":true,"jetpack_social_post_already_shared":true,"jetpack_social_options":{"image_generator_settings":{"template":"highway","enabled":false},"version":2}},"categories":[1],"tags":[],"class_list":["post-24719","post","type-post","status-publish","format-standard","hentry","category-notas"],"jetpack_publicize_connections":[],"jetpack_sharing_enabled":true,"jetpack_featured_media_url":"","jetpack_shortlink":"https:\/\/wp.me\/p7wKYW-6qH","jetpack-related-posts":[],"_links":{"self":[{"href":"http:\/\/blogdalucianaoliveira.com.br\/blog\/wp-json\/wp\/v2\/posts\/24719","targetHints":{"allow":["GET"]}}],"collection":[{"href":"http:\/\/blogdalucianaoliveira.com.br\/blog\/wp-json\/wp\/v2\/posts"}],"about":[{"href":"http:\/\/blogdalucianaoliveira.com.br\/blog\/wp-json\/wp\/v2\/types\/post"}],"author":[{"embeddable":true,"href":"http:\/\/blogdalucianaoliveira.com.br\/blog\/wp-json\/wp\/v2\/users\/1"}],"replies":[{"embeddable":true,"href":"http:\/\/blogdalucianaoliveira.com.br\/blog\/wp-json\/wp\/v2\/comments?post=24719"}],"version-history":[{"count":1,"href":"http:\/\/blogdalucianaoliveira.com.br\/blog\/wp-json\/wp\/v2\/posts\/24719\/revisions"}],"predecessor-version":[{"id":24720,"href":"http:\/\/blogdalucianaoliveira.com.br\/blog\/wp-json\/wp\/v2\/posts\/24719\/revisions\/24720"}],"wp:attachment":[{"href":"http:\/\/blogdalucianaoliveira.com.br\/blog\/wp-json\/wp\/v2\/media?parent=24719"}],"wp:term":[{"taxonomy":"category","embeddable":true,"href":"http:\/\/blogdalucianaoliveira.com.br\/blog\/wp-json\/wp\/v2\/categories?post=24719"},{"taxonomy":"post_tag","embeddable":true,"href":"http:\/\/blogdalucianaoliveira.com.br\/blog\/wp-json\/wp\/v2\/tags?post=24719"}],"curies":[{"name":"wp","href":"https:\/\/api.w.org\/{rel}","templated":true}]}}