{"id":2473,"date":"2016-07-18T12:23:45","date_gmt":"2016-07-18T16:23:45","guid":{"rendered":"http:\/\/blogdalucianaoliveira.com.br\/blog\/?p=2473"},"modified":"2016-07-18T12:23:45","modified_gmt":"2016-07-18T16:23:45","slug":"opcoes-de-transporte-para-o-festejo-cultural-de-nazare","status":"publish","type":"post","link":"http:\/\/blogdalucianaoliveira.com.br\/blog\/2016\/07\/18\/opcoes-de-transporte-para-o-festejo-cultural-de-nazare\/","title":{"rendered":"Op\u00e7\u00f5es de transporte para o Festejo Cultural de Nazar\u00e9"},"content":{"rendered":"<p><img data-recalc-dims=\"1\" loading=\"lazy\" decoding=\"async\" data-attachment-id=\"2474\" data-permalink=\"http:\/\/blogdalucianaoliveira.com.br\/blog\/2016\/07\/18\/opcoes-de-transporte-para-o-festejo-cultural-de-nazare\/barco\/\" data-orig-file=\"https:\/\/i0.wp.com\/blogdalucianaoliveira.com.br\/blog\/wp-content\/uploads\/2016\/07\/barco.jpg?fit=1600%2C1200\" data-orig-size=\"1600,1200\" data-comments-opened=\"0\" data-image-meta=\"{&quot;aperture&quot;:&quot;0&quot;,&quot;credit&quot;:&quot;&quot;,&quot;camera&quot;:&quot;&quot;,&quot;caption&quot;:&quot;&quot;,&quot;created_timestamp&quot;:&quot;0&quot;,&quot;copyright&quot;:&quot;&quot;,&quot;focal_length&quot;:&quot;0&quot;,&quot;iso&quot;:&quot;0&quot;,&quot;shutter_speed&quot;:&quot;0&quot;,&quot;title&quot;:&quot;&quot;,&quot;orientation&quot;:&quot;0&quot;}\" data-image-title=\"barco\" data-image-description=\"\" data-image-caption=\"\" data-medium-file=\"https:\/\/i0.wp.com\/blogdalucianaoliveira.com.br\/blog\/wp-content\/uploads\/2016\/07\/barco.jpg?fit=300%2C225\" data-large-file=\"https:\/\/i0.wp.com\/blogdalucianaoliveira.com.br\/blog\/wp-content\/uploads\/2016\/07\/barco.jpg?fit=600%2C450\" src=\"https:\/\/i0.wp.com\/blogdalucianaoliveira.com.br\/blog\/wp-content\/uploads\/2016\/07\/barco.jpg?resize=600%2C450\" alt=\"barco\" width=\"600\" height=\"450\" class=\"alignnone size-full wp-image-2474\" srcset=\"https:\/\/i0.wp.com\/blogdalucianaoliveira.com.br\/blog\/wp-content\/uploads\/2016\/07\/barco.jpg?w=1600 1600w, https:\/\/i0.wp.com\/blogdalucianaoliveira.com.br\/blog\/wp-content\/uploads\/2016\/07\/barco.jpg?resize=300%2C225 300w, https:\/\/i0.wp.com\/blogdalucianaoliveira.com.br\/blog\/wp-content\/uploads\/2016\/07\/barco.jpg?resize=768%2C576 768w, https:\/\/i0.wp.com\/blogdalucianaoliveira.com.br\/blog\/wp-content\/uploads\/2016\/07\/barco.jpg?resize=400%2C300 400w, https:\/\/i0.wp.com\/blogdalucianaoliveira.com.br\/blog\/wp-content\/uploads\/2016\/07\/barco.jpg?w=1200 1200w\" sizes=\"auto, (max-width: 600px) 100vw, 600px\" \/><\/p>\n<p>Oito embarca\u00e7\u00f5es fazem o transporte regular no Rio Madeira, para diferentes destinos. Todos partem do Terminal Hidrovi\u00e1rio Porto do Cai N\u2019\u00e1gua em Porto Velho. Promovem o transporte de pessoas e cargas e s\u00e3o fundamentais para sobreviv\u00eancia do povo ribeirinho, pois atracam em todas as localidades, Vilas e Distritos. Para alguns o ponto de chegada \u00e9 Manicor\u00e9-Am, outros o destino final \u00e9 Calama, maior Distrito de Porto Velho no \u201cMadeir\u00e2o\u201d.<!--more--><\/p>\n<p>Em geral as viagens s\u00e3o longas, para chegar a Nazar\u00e9, por exemplo, leva-se de seis a oito horas, utilizando os barcos grandes, e tr\u00eas horas se a op\u00e7\u00e3o for o Barco Expresso. As \u00fanicas op\u00e7\u00f5es de chegada por terra, utilizando a estrada da Linha Alian\u00e7a at\u00e9 a chamada \u201cBoca do Jamary\u201d, em frente a comunidade da Vila de S\u00e3o Carlos. De S\u00e3o Carlos a Nazar\u00e9 s\u00f3 \u00e9 poss\u00edvel a partir da contrata\u00e7\u00e3o de bandeirinhas, e o prose \u00e9 combinado no local, em m\u00e9dia R$ 200.00.<\/p>\n<p>O Festejo Cultural de Nazar\u00e9 acontece nos dias 22 e 23 de Julho e para contribuir com as pessoas que queiram conhecer a comunidade e participar das festividades, segue as informa\u00e7\u00f5es sobre dias e hor\u00e1rios de partida:<\/p>\n<p>Barco CACOTE Turismo<br \/>\nO CACOTE Turismo at\u00e9 o momento \u00e9 a \u00fanica embarca\u00e7\u00e3o que far\u00e1 a linha exclusiva Porto Velho\/Nazar\u00e9 &#8211; Nazar\u00e9\/Porto Velho. O barco \u00e9 seguro e tem capacidade para 80 passageiros, oferece almo\u00e7o no translado at\u00e9 o Distrito e todos podem se hospedar nele, desde que cada passageiro leve uma rede e cordas para amarrar. Possui banheiros, cozinha e equipamentos de seguran\u00e7a e salvamento.<br \/>\nValor da Passagem ida e volta R$ 100.00 (cem reais)<br \/>\nSa\u00edda: 22 de julho \u00e0s 10h no Porto Hidrovi\u00e1rio do Cai N\u2019\u00e1gua<br \/>\nRetorno 24 de Julho \u00e0s 12h no Porto de Nazar\u00e9<br \/>\nInclui Almo\u00e7o no Translado e Hospedagem no Barco.<br \/>\nTelefones para reserva: 69- 9 9900 8799 whatsApp<\/p>\n<p>Barco Marcos Filho III<br \/>\nMarcos Filho III faz a linha Porto Velho\/Manicor\u00e9, \u00e9 uma embarca\u00e7\u00e3o grande, acomoda muitos passageiros e tem no carisma de sua tripula\u00e7\u00e3o, um servi\u00e7o a parte. Inicia suas viagens pelo Rio Madeira as Sextas feiras, transportando passageiros e cargas passando pelas Vilas e Distritos. Exige rede e corda, serve almo\u00e7o e possui equipamentos de seguran\u00e7a e salvamento. N\u00e3o ficar\u00e1 atracado no Distrito e seu retorno a Capital se d\u00e1 as quartas feiras.<br \/>\nValor da Passagem ida at\u00e9 Nazar\u00e9: R$ 40.00 (quarenta reais)<br \/>\nSa\u00edda todas sextas feiras \u00e0s 9h no Porto Hidrovi\u00e1rio do Cai N\u2019\u00e1gua<br \/>\nCapacidade: 138 passageiros<br \/>\nTelefones para reservas: 69-9 92722053 e 9 93489016<\/p>\n<p>Barco EXPRESSO<br \/>\nO chamado Barco EXPRESSO \u00e9 uma embarca\u00e7\u00e3o nova no Rio Madeira, tem capacidade de passageiros reduzida e maior velocidade. Em \u00e9poca de rio cheio as viagens entre a capital e Nazar\u00e9 acontecem em duas horas e meia. O ponto de chegada \u00e9 Calama, mas o barco transporta pessoas para todas as localidades. \u00c9 dotado de poltronas confort\u00e1veis, possui banheiros e servi\u00e7o de bar e lanche. \u00c9 seguro, tem equipamentos de salvamento, GPS e r\u00e1dio. \u00c9 um atrativo para quem precisa viajar com rapidez.<br \/>\nValor da Passagem ida\/volta at\u00e9 Nazar\u00e9 R$ 100.00 (cem reais)<br \/>\nSa\u00edda \u00e0s segundas e sextas feiras no Porto do Cai N\u2019\u00e1gua sempre \u00e0s 12 horas.<br \/>\nCapacidade 76 passageiros<\/p>\n<p>Barco Comte Paulo Arnold<br \/>\nComte Paulo Arnold \u00e9 um barco muito conhecido na Amaz\u00f4nia. Faz a rota Pvh\/Manicor\u00e9 transportando ribeirinhos e cargas. Sua partida no Porto do Cai N\u2019\u00e1gua \u00e0s quartas feiras \u00e9 pela manh\u00e3. Possui equipamentos de seguran\u00e7a e salvamento.<br \/>\nValor da passagem de ida para Nazar\u00e9: R$ 50.00 (cinquenta reais)<br \/>\nSa\u00edda no Porto do Cai N\u2019\u00e1gua \u00e0s 9h<br \/>\nCapacidade 120 passageiros<\/p>\n<p>Barco CACOTE<br \/>\nEmbarca\u00e7\u00e3o de grande porte faz a rota regular Pvh\/Calama sempre as segundas e sextas feiras. Comporta 120 pessoas, oferece almo\u00e7o. Possui equipamentos de seguran\u00e7a e salvamento.<br \/>\nSa\u00edda Sexta Feira \u00e0s 12 horas<br \/>\nRetorno Domingo \u00e0s 12 horas no porto de Nazar\u00e9<br \/>\nValor da passagem ida e volta para Nazar\u00e9 R$ 80.00 (oitenta reais)<br \/>\nTelefones para contato 69- 9 92382844<\/p>\n<p>Barco ANA DARK<br \/>\nEste barco tamb\u00e9m faz a rota Pvh\/Manicor\u00e9 com sa\u00edda programada semanalmente \u00e0s segundas feiras. A passagem para Nazar\u00e9 custa R$ 40.00 e oferece as mesmas condi\u00e7\u00f5es de viajem que os barcos que fazem a mesma linha.<br \/>\nO Barco MARESIA foi fretado para o transporte de autoridades e convidados a cargo do Instituto Minhas Ra\u00edzes. A hospedagem em Nazar\u00e9 ser\u00e1 feita na rede de pousadas, nos barcos que atracaram no porto e em casas no sistema de hospedagem solid\u00e1ria. Logo mais divulgaremos as condi\u00e7\u00f5es de hospedagem solidaria.<\/p>\n<p>Francisco Leilson Filho<br \/>\nJornalista IMR<br \/>\nFonte: Instituto Minhas Ra\u00edzes<\/p>\n","protected":false},"excerpt":{"rendered":"<p>Oito embarca\u00e7\u00f5es fazem o transporte regular no Rio Madeira, para diferentes destinos. Todos partem do Terminal Hidrovi\u00e1rio Porto do Cai N\u2019\u00e1gua em Porto Velho. Promovem o transporte de pessoas e cargas e s\u00e3o fundamentais para sobreviv\u00eancia do povo ribeirinho, pois atracam em todas as localidades, Vilas e Distritos. Para alguns o ponto de chegada \u00e9&#8230;<a class=\"more-link\" href=\"http:\/\/blogdalucianaoliveira.com.br\/blog\/2016\/07\/18\/opcoes-de-transporte-para-o-festejo-cultural-de-nazare\/\">Continue a leitura <span class=\"meta-nav\">&raquo;<\/span><\/a><\/p>\n","protected":false},"author":1,"featured_media":0,"comment_status":"closed","ping_status":"open","sticky":false,"template":"","format":"standard","meta":{"_exactmetrics_skip_tracking":false,"_exactmetrics_sitenote_active":false,"_exactmetrics_sitenote_note":"","_exactmetrics_sitenote_category":0,"jetpack_post_was_ever_published":false,"_jetpack_newsletter_access":"","_jetpack_dont_email_post_to_subs":false,"_jetpack_newsletter_tier_id":0,"_jetpack_memberships_contains_paywalled_content":false,"_jetpack_memberships_contains_paid_content":false,"footnotes":"","jetpack_publicize_message":"","jetpack_publicize_feature_enabled":true,"jetpack_social_post_already_shared":true,"jetpack_social_options":{"image_generator_settings":{"template":"highway","enabled":false},"version":2}},"categories":[1],"tags":[],"class_list":["post-2473","post","type-post","status-publish","format-standard","hentry","category-notas"],"jetpack_publicize_connections":[],"jetpack_sharing_enabled":true,"jetpack_featured_media_url":"","jetpack_shortlink":"https:\/\/wp.me\/p7wKYW-DT","jetpack-related-posts":[],"_links":{"self":[{"href":"http:\/\/blogdalucianaoliveira.com.br\/blog\/wp-json\/wp\/v2\/posts\/2473","targetHints":{"allow":["GET"]}}],"collection":[{"href":"http:\/\/blogdalucianaoliveira.com.br\/blog\/wp-json\/wp\/v2\/posts"}],"about":[{"href":"http:\/\/blogdalucianaoliveira.com.br\/blog\/wp-json\/wp\/v2\/types\/post"}],"author":[{"embeddable":true,"href":"http:\/\/blogdalucianaoliveira.com.br\/blog\/wp-json\/wp\/v2\/users\/1"}],"replies":[{"embeddable":true,"href":"http:\/\/blogdalucianaoliveira.com.br\/blog\/wp-json\/wp\/v2\/comments?post=2473"}],"version-history":[{"count":1,"href":"http:\/\/blogdalucianaoliveira.com.br\/blog\/wp-json\/wp\/v2\/posts\/2473\/revisions"}],"predecessor-version":[{"id":2475,"href":"http:\/\/blogdalucianaoliveira.com.br\/blog\/wp-json\/wp\/v2\/posts\/2473\/revisions\/2475"}],"wp:attachment":[{"href":"http:\/\/blogdalucianaoliveira.com.br\/blog\/wp-json\/wp\/v2\/media?parent=2473"}],"wp:term":[{"taxonomy":"category","embeddable":true,"href":"http:\/\/blogdalucianaoliveira.com.br\/blog\/wp-json\/wp\/v2\/categories?post=2473"},{"taxonomy":"post_tag","embeddable":true,"href":"http:\/\/blogdalucianaoliveira.com.br\/blog\/wp-json\/wp\/v2\/tags?post=2473"}],"curies":[{"name":"wp","href":"https:\/\/api.w.org\/{rel}","templated":true}]}}