{"id":2479,"date":"2016-07-18T15:01:50","date_gmt":"2016-07-18T19:01:50","guid":{"rendered":"http:\/\/blogdalucianaoliveira.com.br\/blog\/?p=2479"},"modified":"2016-07-18T15:01:50","modified_gmt":"2016-07-18T19:01:50","slug":"advogado-renuncia-mandato-de-conselheiro-pra-poder-criticar-apoio-da-oab-ao-golpe","status":"publish","type":"post","link":"http:\/\/blogdalucianaoliveira.com.br\/blog\/2016\/07\/18\/advogado-renuncia-mandato-de-conselheiro-pra-poder-criticar-apoio-da-oab-ao-golpe\/","title":{"rendered":"Advogado renuncia mandato de Conselheiro pra poder criticar apoio da OAB ao golpe"},"content":{"rendered":"<p><img data-recalc-dims=\"1\" loading=\"lazy\" decoding=\"async\" data-attachment-id=\"2480\" data-permalink=\"http:\/\/blogdalucianaoliveira.com.br\/blog\/2016\/07\/18\/advogado-renuncia-mandato-de-conselheiro-pra-poder-criticar-apoio-da-oab-ao-golpe\/image-567\/\" data-orig-file=\"https:\/\/i0.wp.com\/blogdalucianaoliveira.com.br\/blog\/wp-content\/uploads\/2016\/07\/image-117.jpeg?fit=350%2C200\" data-orig-size=\"350,200\" data-comments-opened=\"0\" data-image-meta=\"{&quot;aperture&quot;:&quot;0&quot;,&quot;credit&quot;:&quot;&quot;,&quot;camera&quot;:&quot;&quot;,&quot;caption&quot;:&quot;&quot;,&quot;created_timestamp&quot;:&quot;0&quot;,&quot;copyright&quot;:&quot;&quot;,&quot;focal_length&quot;:&quot;0&quot;,&quot;iso&quot;:&quot;0&quot;,&quot;shutter_speed&quot;:&quot;0&quot;,&quot;title&quot;:&quot;&quot;,&quot;orientation&quot;:&quot;0&quot;}\" data-image-title=\"image\" data-image-description=\"\" data-image-caption=\"\" data-medium-file=\"https:\/\/i0.wp.com\/blogdalucianaoliveira.com.br\/blog\/wp-content\/uploads\/2016\/07\/image-117.jpeg?fit=300%2C171\" data-large-file=\"https:\/\/i0.wp.com\/blogdalucianaoliveira.com.br\/blog\/wp-content\/uploads\/2016\/07\/image-117.jpeg?fit=350%2C200\" src=\"https:\/\/i0.wp.com\/blogdalucianaoliveira.com.br\/blog\/wp-content\/uploads\/2016\/07\/image-117.jpeg?resize=350%2C200\" alt=\"image\" width=\"350\" height=\"200\" class=\"alignnone size-full wp-image-2480\" srcset=\"https:\/\/i0.wp.com\/blogdalucianaoliveira.com.br\/blog\/wp-content\/uploads\/2016\/07\/image-117.jpeg?w=350 350w, https:\/\/i0.wp.com\/blogdalucianaoliveira.com.br\/blog\/wp-content\/uploads\/2016\/07\/image-117.jpeg?resize=300%2C171 300w\" sizes=\"auto, (max-width: 350px) 100vw, 350px\" \/><\/p>\n<p>Ao Exmo. Sr.<br \/>\nPresidente da Seccional da OAB\/RS<br \/>\nDr. Ricardo Breyer<br \/>\nSenhor Presidente,<\/p>\n<p>Venho pelo presente comunicar nesta data a minha decis\u00e3o de renunciar ao mandato de Conselheiro Titular da OAB\/RS.<br \/>\nFa\u00e7o tal comunicado formal e solene, eis que devoto um grande respeito pela institui\u00e7\u00e3o OAB e assim pretendo manter-me bem como em considera\u00e7\u00e3o \u00e0 Vossa pessoa.<!--more--><\/p>\n<p>N\u00e3o \u00e9 demais registrar que milito desde longa data na pol\u00edtica de ordem e, por isso vim a compor este Conselho desde a primeira elei\u00e7\u00e3o do Grupo OAB MAIS. Neste tempo dediquei-me \u00e0s fun\u00e7\u00f5es de Conselheiro, integrei a E. 2\u00aa C\u00e2mara, bem como a antiga C\u00e2maras Reunidas e depois o \u00d3rg\u00e3o Especial, tendo participado e presidido Comiss\u00f5es. Sempre cumpri as fun\u00e7\u00f5es para qual fui designado com o m\u00e1ximo de empenho e zelo.<\/p>\n<p>Registro, entretanto, que as diverg\u00eancias de car\u00e1ter pol\u00edtico institucionais que eclodiram no \u00faltimo per\u00edodo, notadamente desde o come\u00e7o de 2016, tornam invi\u00e1vel minha perman\u00eancia neste Conselho.<\/p>\n<p>A Ordem, a partir do Conselho Federal, presidido pelo colega ga\u00facho Cl\u00e1udio Lamachia adotou um caminho pol\u00edtico institucional que n\u00e3o contempla meus conceitos de democracia, de estado democr\u00e1tico de direito , incluindo a defesa da ordem constitucional e mesmo de defesa das prerrogativas profissionais, tendo optado por subscrever um pedido de \u201cimpeachment\u201d contra a Sra. Presidente da Rep\u00fablica por motivos absolutamente inconsistentes do ponto de vista jur\u00eddico, pol\u00edtico e factual, como o tempo tem deixado absolutamente claro.<br \/>\nNeste diapas\u00e3o a OAB p\u00f4s-se na mesma trincheira do ent\u00e3o Presidente da C\u00e2mara dos Deputados, Eduardo Cunha, bem como daqueles deputados que votaram pela admissibilidade do processo de impeachment naquele triste domingo de abril, pp., num espet\u00e1culo bizarro e deplor\u00e1vel, transmitido ao vivo em rede nacional de televis\u00e3o. Um dia para se lamentar na hist\u00f3ria e de causar vergonha aos democratas. O Brasil n\u00e3o merecia ficar conhecido no mundo por aquelas pat\u00e9ticas cenas.<\/p>\n<p>E a Ordem continuou calada. Acumularam-se ministros denunciados, ministros processados, ministros renunciantes de seus cargos gra\u00e7as aos esc\u00e2ndalos corruptivos. Acumularam-se den\u00fancias de corrup\u00e7\u00e3o envolvendo o \u201cneo governo\u201d do vice presidente, transformado em Presidente Interino e Provis\u00f3rio, o mesmo que tamb\u00e9m praticara as tais \u201cpedaladas fiscais\u201d. E o sil\u00eancio tem sido eloquente e corrosivo para a democracia.<\/p>\n<p>Os dias passam e os falsos moralistas que foram as ruas, pretensamente contra a corrup\u00e7\u00e3o, continuam em seus lares, quietos, longe das ruas, silentes. Bastou-lhes derrubar \u2013 provisoriamente \u2013 a Sra. Presidenta eleita, era esse seu verdadeiro objetivo. A corrup\u00e7\u00e3o n\u00e3o mais lhes causa furor e indigna\u00e7\u00e3o, muito menos os mobiliza, a indigna\u00e7\u00e3o era absolutamente seletiva.<\/p>\n<p>E a OAB continua silente. Nenhuma atitude grandiloquente como dantes. Nenhum arroubo discursivo. Nada. No Rio Grande do Sul o desgoverno e a ilegalidade grassam, em todos os n\u00edveis e quase nenhuma iniciativa de nossa entidade.<br \/>\nNeste ambiente moralista, udenista e lacerdista de combate a corrup\u00e7\u00e3o muitos tem sido os atentados a advocacia e suas prerrogativas, a Constitui\u00e7\u00e3o, ao devido processo legal, \u00e0 presun\u00e7\u00e3o de inoc\u00eancia. Muitas arbitrariedades t\u00eam sido cometidas. E muitos, em nome de uma pretensa moralidade aplaudem os abusos e nossa entidade n\u00e3o tem feito a diferen\u00e7a. Muitos sucumbem \u00e0 uma unanimidade obtusa criada pela grande m\u00eddia que sufoca os que discordam, os cr\u00edticos e at\u00e9 os que deveriam zelar pelo DIREITO e a JUSTI\u00c7A. N\u00e3o posso calar e concordar com isso.<br \/>\nEsta situa\u00e7\u00e3o conjuntural somada \u00e0 falta de um espa\u00e7o democr\u00e1tico para o debate real, internamente na ordem me fazem decidir deixar de pertencer a estrutura dirigente da OAB no RS.<\/p>\n<p>Deixo quem fica livre para fazer o que entende certo, embora discorde profundamente dos caminhos escolhidos. Fico, a meu turno, livre para expressar minha opini\u00e3o, quer seja contra esses descaminhos, quer seja, quando poss\u00edvel, em apoio a decis\u00f5es acertadas. Penso ser mais justo e leg\u00edtimo agir assim, de forma transparente e sincera, como \u00e9 o meu modo de ser.<\/p>\n<p>Continuo devotando minha absoluta fidelidade \u00e0 advocacia, como forma de vida e um profundo respeito \u00e0 OAB e, em especial, a seu papel definido pela Constitui\u00e7\u00e3o Federal e espero de forma absolutamente sincera, n\u00e3o persista neste caminho err\u00e1tico e danoso \u00e0 democracia, aliada a gente sem nenhum compromisso com ela.<\/p>\n<p>Criticarei, de fora, como sempre o fiz mesmo estando dentro o que entender mere\u00e7a ser criticado. Continuarei como advogado militante, atuando profissionalmente e tamb\u00e9m politicamente para a constru\u00e7\u00e3o de um Brasil melhor, com democracia, com direitos sociais e sem corrup\u00e7\u00e3o.<\/p>\n<p>Agrade\u00e7o aos amigos que fiz nesta conviv\u00eancia da pol\u00edtica de ordem, e creio sejam muitos, mesmo com as diverg\u00eancias, eis que prezo as rela\u00e7\u00f5es pessoais, a lealdade e a fidalguia, mesmo e independentemente das diverg\u00eancias pol\u00edticas. Continuarei sendo assim.<\/p>\n<p>Cordialmente<br \/>\nLauro W. Magnago<br \/>\nOAB\/RS 22276<\/p>\n","protected":false},"excerpt":{"rendered":"<p>Ao Exmo. Sr. Presidente da Seccional da OAB\/RS Dr. Ricardo Breyer Senhor Presidente, Venho pelo presente comunicar nesta data a minha decis\u00e3o de renunciar ao mandato de Conselheiro Titular da OAB\/RS. Fa\u00e7o tal comunicado formal e solene, eis que devoto um grande respeito pela institui\u00e7\u00e3o OAB e assim pretendo manter-me bem como em considera\u00e7\u00e3o \u00e0&#8230;<a class=\"more-link\" href=\"http:\/\/blogdalucianaoliveira.com.br\/blog\/2016\/07\/18\/advogado-renuncia-mandato-de-conselheiro-pra-poder-criticar-apoio-da-oab-ao-golpe\/\">Continue a leitura <span class=\"meta-nav\">&raquo;<\/span><\/a><\/p>\n","protected":false},"author":1,"featured_media":0,"comment_status":"closed","ping_status":"open","sticky":false,"template":"","format":"standard","meta":{"_exactmetrics_skip_tracking":false,"_exactmetrics_sitenote_active":false,"_exactmetrics_sitenote_note":"","_exactmetrics_sitenote_category":0,"jetpack_post_was_ever_published":false,"_jetpack_newsletter_access":"","_jetpack_dont_email_post_to_subs":false,"_jetpack_newsletter_tier_id":0,"_jetpack_memberships_contains_paywalled_content":false,"_jetpack_memberships_contains_paid_content":false,"footnotes":"","jetpack_publicize_message":"","jetpack_publicize_feature_enabled":true,"jetpack_social_post_already_shared":true,"jetpack_social_options":{"image_generator_settings":{"template":"highway","enabled":false},"version":2}},"categories":[1],"tags":[],"class_list":["post-2479","post","type-post","status-publish","format-standard","hentry","category-notas"],"jetpack_publicize_connections":[],"jetpack_sharing_enabled":true,"jetpack_featured_media_url":"","jetpack_shortlink":"https:\/\/wp.me\/p7wKYW-DZ","jetpack-related-posts":[],"_links":{"self":[{"href":"http:\/\/blogdalucianaoliveira.com.br\/blog\/wp-json\/wp\/v2\/posts\/2479","targetHints":{"allow":["GET"]}}],"collection":[{"href":"http:\/\/blogdalucianaoliveira.com.br\/blog\/wp-json\/wp\/v2\/posts"}],"about":[{"href":"http:\/\/blogdalucianaoliveira.com.br\/blog\/wp-json\/wp\/v2\/types\/post"}],"author":[{"embeddable":true,"href":"http:\/\/blogdalucianaoliveira.com.br\/blog\/wp-json\/wp\/v2\/users\/1"}],"replies":[{"embeddable":true,"href":"http:\/\/blogdalucianaoliveira.com.br\/blog\/wp-json\/wp\/v2\/comments?post=2479"}],"version-history":[{"count":2,"href":"http:\/\/blogdalucianaoliveira.com.br\/blog\/wp-json\/wp\/v2\/posts\/2479\/revisions"}],"predecessor-version":[{"id":2482,"href":"http:\/\/blogdalucianaoliveira.com.br\/blog\/wp-json\/wp\/v2\/posts\/2479\/revisions\/2482"}],"wp:attachment":[{"href":"http:\/\/blogdalucianaoliveira.com.br\/blog\/wp-json\/wp\/v2\/media?parent=2479"}],"wp:term":[{"taxonomy":"category","embeddable":true,"href":"http:\/\/blogdalucianaoliveira.com.br\/blog\/wp-json\/wp\/v2\/categories?post=2479"},{"taxonomy":"post_tag","embeddable":true,"href":"http:\/\/blogdalucianaoliveira.com.br\/blog\/wp-json\/wp\/v2\/tags?post=2479"}],"curies":[{"name":"wp","href":"https:\/\/api.w.org\/{rel}","templated":true}]}}