{"id":2495,"date":"2016-07-19T08:31:37","date_gmt":"2016-07-19T12:31:37","guid":{"rendered":"http:\/\/blogdalucianaoliveira.com.br\/blog\/?p=2495"},"modified":"2016-07-19T08:31:37","modified_gmt":"2016-07-19T12:31:37","slug":"dilma-nao-cometeu-crime-mas-cascata-e-cascatinha-pretendem-seguir-com-a-farsa","status":"publish","type":"post","link":"http:\/\/blogdalucianaoliveira.com.br\/blog\/2016\/07\/19\/dilma-nao-cometeu-crime-mas-cascata-e-cascatinha-pretendem-seguir-com-a-farsa\/","title":{"rendered":"Dilma n\u00e3o cometeu crime, mas Cascata e Cascatinha pretendem seguir com a farsa"},"content":{"rendered":"<p><img data-recalc-dims=\"1\" loading=\"lazy\" decoding=\"async\" data-attachment-id=\"2496\" data-permalink=\"http:\/\/blogdalucianaoliveira.com.br\/blog\/2016\/07\/19\/dilma-nao-cometeu-crime-mas-cascata-e-cascatinha-pretendem-seguir-com-a-farsa\/image-572\/\" data-orig-file=\"https:\/\/i0.wp.com\/blogdalucianaoliveira.com.br\/blog\/wp-content\/uploads\/2016\/07\/image-122.jpeg?fit=290%2C290\" data-orig-size=\"290,290\" data-comments-opened=\"0\" data-image-meta=\"{&quot;aperture&quot;:&quot;0&quot;,&quot;credit&quot;:&quot;&quot;,&quot;camera&quot;:&quot;&quot;,&quot;caption&quot;:&quot;&quot;,&quot;created_timestamp&quot;:&quot;0&quot;,&quot;copyright&quot;:&quot;&quot;,&quot;focal_length&quot;:&quot;0&quot;,&quot;iso&quot;:&quot;0&quot;,&quot;shutter_speed&quot;:&quot;0&quot;,&quot;title&quot;:&quot;&quot;,&quot;orientation&quot;:&quot;0&quot;}\" data-image-title=\"image\" data-image-description=\"\" data-image-caption=\"\" data-medium-file=\"https:\/\/i0.wp.com\/blogdalucianaoliveira.com.br\/blog\/wp-content\/uploads\/2016\/07\/image-122.jpeg?fit=290%2C290\" data-large-file=\"https:\/\/i0.wp.com\/blogdalucianaoliveira.com.br\/blog\/wp-content\/uploads\/2016\/07\/image-122.jpeg?fit=290%2C290\" src=\"https:\/\/i0.wp.com\/blogdalucianaoliveira.com.br\/blog\/wp-content\/uploads\/2016\/07\/image-122.jpeg?resize=290%2C290\" alt=\"image\" width=\"290\" height=\"290\" class=\"alignnone size-full wp-image-2496\" srcset=\"https:\/\/i0.wp.com\/blogdalucianaoliveira.com.br\/blog\/wp-content\/uploads\/2016\/07\/image-122.jpeg?w=290 290w, https:\/\/i0.wp.com\/blogdalucianaoliveira.com.br\/blog\/wp-content\/uploads\/2016\/07\/image-122.jpeg?resize=150%2C150 150w\" sizes=\"auto, (max-width: 290px) 100vw, 290px\" \/><\/p>\n<p>Com que cara o senador tucano Ant\u00f4nio Anastasia vai sustentar o parecer favor\u00e1vel ao impeachment? <!--more--><\/p>\n<p>Faltam dias para que a maioria simples dos senadores decidiam se existe materialidade de autoria da presidente ou se arquivam o processo. <\/p>\n<p>Ele sugeriu que Dilma fosse punida com a perda do mandato pelo que ele e seu aliado fizeram como governadores de Minas Gerais. <\/p>\n<p>Tanto Cascata quanto Cascatinha, ou &#8216;meu garoto, meu pai pai&#8217;, ou A\u00e9cio e Anastasia, pedalaram e muito. Na verdade impuseram um per\u00edodo  permanente de ciclismo fiscal. <\/p>\n<p>Como ciclistas profissionais sabem desde sempre, portanto, que Dilma n\u00e3o cometeu crime de responsabilidade que autorize a perda do mandato. <\/p>\n<p>Seguiram e seguem com a farsa pra tomar na marra o poder que seu partido n\u00e3o conquistou atrav\u00e9s do voto. <\/p>\n<p>Ovulando desde a elei\u00e7\u00e3o de 2014, A\u00e9cio tenta de tudo, porque sabe que dificilmente vai parir o t\u00e3o sonhado mandato presidencial. At\u00e9 ele perdeu as contas das vezes em que foi citado na Opera\u00e7\u00e3o Lava Jato.<\/p>\n<p>Mas, como Anastasia vai sustentar a farsa do relat\u00f3rio em que pede o impeachment de Dilma com os fatos novos que a grande m\u00eddia abafou?<\/p>\n<p>Os peritos do Senado conclu\u00edram que as pedaladas de Dilma n\u00e3o constituem crime de responsabilidade e quanto ao atraso no repasse do Tesouro ao Banco do Brasil, &#8220;n\u00e3o foi identificado ato comissivo que tenha contribu\u00eddo direta ou indiretamente para que ocorressem os atrasos nos pagamentos&#8221;.<\/p>\n<p>N\u00e3o bastasse isso, o MPF n\u00e3o viu crime comum em pedalada, nem atrasos como opera\u00e7\u00f5es de cr\u00e9dito e pediu pra arquivar a investiga\u00e7\u00e3o.<\/p>\n<p>&#8220;Em ambos casos, h\u00e1 um simples inadimplemento contratual quando o pagamento n\u00e3o ocorre na data devida, n\u00e3o se tratando de opera\u00e7\u00e3o de cr\u00e9dito. Entender de modo diverso transformaria qualquer rela\u00e7\u00e3o obrigacional da Uni\u00e3o em opera\u00e7\u00e3o de cr\u00e9dito, dependente de autoriza\u00e7\u00e3o legal, de modo que o sistema resultaria engessado&#8221;, reiterou.<\/p>\n<p>Ent\u00e3o&#8230;<br \/>\nAt\u00e9 quando a farsa?<br \/>\nCad\u00ea a massa que usou como argumento a mera recomenda\u00e7\u00e3o de reprova\u00e7\u00e3o das contas da presidente de 2014 para fazer coro ao impeachment?<br \/>\nAt\u00e9 quando o barulho do sil\u00eancio das panelas?<\/p>\n","protected":false},"excerpt":{"rendered":"<p>Com que cara o senador tucano Ant\u00f4nio Anastasia vai sustentar o parecer favor\u00e1vel ao impeachment?<\/p>\n","protected":false},"author":1,"featured_media":0,"comment_status":"closed","ping_status":"open","sticky":false,"template":"","format":"standard","meta":{"_exactmetrics_skip_tracking":false,"_exactmetrics_sitenote_active":false,"_exactmetrics_sitenote_note":"","_exactmetrics_sitenote_category":0,"jetpack_post_was_ever_published":false,"_jetpack_newsletter_access":"","_jetpack_dont_email_post_to_subs":false,"_jetpack_newsletter_tier_id":0,"_jetpack_memberships_contains_paywalled_content":false,"_jetpack_memberships_contains_paid_content":false,"footnotes":"","jetpack_publicize_message":"","jetpack_publicize_feature_enabled":true,"jetpack_social_post_already_shared":true,"jetpack_social_options":{"image_generator_settings":{"template":"highway","enabled":false},"version":2}},"categories":[1],"tags":[23,169,39,14,166],"class_list":["post-2495","post","type-post","status-publish","format-standard","hentry","category-notas","tag-aecio","tag-anastasia","tag-golpe","tag-impeachment","tag-pedaladas"],"jetpack_publicize_connections":[],"jetpack_sharing_enabled":true,"jetpack_featured_media_url":"","jetpack_shortlink":"https:\/\/wp.me\/p7wKYW-Ef","jetpack-related-posts":[],"_links":{"self":[{"href":"http:\/\/blogdalucianaoliveira.com.br\/blog\/wp-json\/wp\/v2\/posts\/2495","targetHints":{"allow":["GET"]}}],"collection":[{"href":"http:\/\/blogdalucianaoliveira.com.br\/blog\/wp-json\/wp\/v2\/posts"}],"about":[{"href":"http:\/\/blogdalucianaoliveira.com.br\/blog\/wp-json\/wp\/v2\/types\/post"}],"author":[{"embeddable":true,"href":"http:\/\/blogdalucianaoliveira.com.br\/blog\/wp-json\/wp\/v2\/users\/1"}],"replies":[{"embeddable":true,"href":"http:\/\/blogdalucianaoliveira.com.br\/blog\/wp-json\/wp\/v2\/comments?post=2495"}],"version-history":[{"count":2,"href":"http:\/\/blogdalucianaoliveira.com.br\/blog\/wp-json\/wp\/v2\/posts\/2495\/revisions"}],"predecessor-version":[{"id":2498,"href":"http:\/\/blogdalucianaoliveira.com.br\/blog\/wp-json\/wp\/v2\/posts\/2495\/revisions\/2498"}],"wp:attachment":[{"href":"http:\/\/blogdalucianaoliveira.com.br\/blog\/wp-json\/wp\/v2\/media?parent=2495"}],"wp:term":[{"taxonomy":"category","embeddable":true,"href":"http:\/\/blogdalucianaoliveira.com.br\/blog\/wp-json\/wp\/v2\/categories?post=2495"},{"taxonomy":"post_tag","embeddable":true,"href":"http:\/\/blogdalucianaoliveira.com.br\/blog\/wp-json\/wp\/v2\/tags?post=2495"}],"curies":[{"name":"wp","href":"https:\/\/api.w.org\/{rel}","templated":true}]}}