{"id":24990,"date":"2019-11-17T10:47:38","date_gmt":"2019-11-17T14:47:38","guid":{"rendered":"http:\/\/blogdalucianaoliveira.com.br\/blog\/?p=24990"},"modified":"2019-11-17T10:47:38","modified_gmt":"2019-11-17T14:47:38","slug":"santos-o-clube-de-idolos-negros-que-levanta-bandeiras-contra-o-racismo","status":"publish","type":"post","link":"http:\/\/blogdalucianaoliveira.com.br\/blog\/2019\/11\/17\/santos-o-clube-de-idolos-negros-que-levanta-bandeiras-contra-o-racismo\/","title":{"rendered":"Santos, o clube de \u00eddolos negros que levanta bandeiras contra o racismo"},"content":{"rendered":"<div id=\"article_header\" class=\"article-header basic | \">\n<h2 class=\"font_secondary color_gray_dark \"><img data-recalc-dims=\"1\" decoding=\"async\" class=\"width_full\" src=\"https:\/\/i0.wp.com\/brasil.elpais.com\/resizer\/Xuk2Dl9vFGBkkk6nQmvUV0g2ZqI%3D\/1500x0\/smart\/arc-anglerfish-eu-central-1-prod-prisa.s3.amazonaws.com\/public\/WZU5YZQLPK33I3HDCXXEK62LOM.jpg?w=600&#038;ssl=1\" alt=\"Maria Dias, Edu e Ta\u00edlson com crian\u00e7as de comunidade em Praia Grande na campanha de lan\u00e7amento do terceiro uniforme.\" \/><\/h2>\n<div id=\"article_header\" class=\"article-header basic | \">\n<h2 class=\"font_secondary color_gray_dark \">Clube paulista fez uma camisa especial para homenagear \u00eddolos negros de sua hist\u00f3ria e foi contundente ao se manifestar sobre epis\u00f3dio racista em seu est\u00e1dio: &#8220;se voc\u00ea \u00e9 preconceituoso, n\u00e3o tor\u00e7a para o Santos&#8221;.<\/h2>\n<\/div>\n<\/div>\n<p><!--more--><\/p>\n<p class=\"\">\u201cSe voc\u00ea \u00e9 racista, preconceituoso ou xen\u00f3fobo, por favor, n\u00e3o compare\u00e7a aos jogos do\u00a0<a href=\"https:\/\/brasil.elpais.com\/tag\/santos_fc\" data-link-track-dtm=\"\">Santos FC<\/a>. (&#8230;) Melhor ainda: deixe de torcer para o Santos. Voc\u00ea n\u00e3o merece esse clube e n\u00e3o \u00e9 bem-vindo em nossa casa\u201d. Foi com essa\u00a0<a href=\"https:\/\/twitter.com\/SantosFC\/status\/1185362022650859521\" data-link-track-dtm=\"\">mensagem que o perfil oficial do Santos no Twitter<\/a>\u00a0respondeu a den\u00fancia de Thiago Galhardo, meia do Cear\u00e1, que acusou um torcedor santista de\u00a0<a href=\"https:\/\/brasil.elpais.com\/brasil\/2019\/09\/23\/deportes\/1569260359_553745.html\" data-link-track-dtm=\"\">ato racista e xen\u00f3fobo<\/a>\u00a0contra o companheiro Fabinho em partida do clube cearense na Vila Belmiro, em 17 de outubro, pelo\u00a0<a href=\"https:\/\/brasil.elpais.com\/tag\/campeonato_brasileno_futbol\" data-link-track-dtm=\"\">campeonato brasileiro<\/a>. A acusa\u00e7\u00e3o foi feita no fim do jogo, em entrevista ao Esporte Interativo, e corroborada pela rep\u00f3rter presente da mesma emissora, Aline Nastari. Ao contr\u00e1rio de casos onde o clube defendeu sua torcida, o Santos n\u00e3o duvidou de Galhardo e foi al\u00e9m de uma simples nota de rep\u00fadio com a contundente publica\u00e7\u00e3o na rede social. \u201cSem d\u00favidas, foi o\u00a0<a href=\"https:\/\/brasil.elpais.com\/brasil\/2018\/11\/20\/deportes\/1542753637_302970.html\" data-link-track-dtm=\"\">posicionamento mais forte<\/a>\u00a0que j\u00e1 tivemos de um clube no Brasil\u201d, afirma Marcelo Carvalho, criador do\u00a0<a href=\"https:\/\/brasil.elpais.com\/brasil\/2018\/11\/19\/deportes\/1542664009_657682.html\" data-link-track-dtm=\"\">Observat\u00f3rio da Discrimina\u00e7\u00e3o Racial no Futebol<\/a>.<\/p>\n<p class=\"\">A mensagem divulgada pelo clube n\u00e3o foi a \u00fanica vez que os santistas estiveram envolvidos no combate ao racismo neste ano. Em abril, o conselheiro do Santos\u00a0<a href=\"https:\/\/brasil.elpais.com\/brasil\/2019\/04\/18\/deportes\/1555620519_856197.html\" data-link-track-dtm=\"\">Adilson Durante Filho teve um \u00e1udio com ofensas racistas divulgado<\/a>, o que fez a torcida colocar a tag #ExpulsaORacista entre os assuntos mais comentados do Twitter brasileiro. Apesar da revolta, o conselheiro \u2014que na ocasi\u00e3o disse ter se arrependido da &#8220;infeliz&#8221; fala e afirmou que o \u00e1udio era antigo\u2014 s\u00f3 foi exclu\u00eddo do quadro em outubro. No in\u00edcio do mesmo m\u00eas, o clube lan\u00e7ou a s\u00e9rie de v\u00eddeos no YouTube \u201cTime de branco e preto\u201d para promover o novo terceiro uniforme, inteiro preto, feito para homenagear os jogadores negros da hist\u00f3ria do Santos. \u201cEnquanto um homem negro desafiar o sistema com uma bola no p\u00e9, o Santos viver\u00e1\u201d foi um dos lemas da s\u00e9rie estrelada\u00a0<a href=\"https:\/\/brasil.elpais.com\/brasil\/2015\/07\/24\/opinion\/1437757083_532204.html\" data-link-track-dtm=\"\">Mano Brown<\/a>, Emicida, Serginho Chulapa e Maria Dias, entre outros.<\/p>\n<div class=\"embed | flex justify_center\" data-oembed-type=\"twitter\">\n<div class=\"SandboxRoot env-bp-350\" data-twitter-event-id=\"1\">\n<div id=\"twitter-widget-1\" class=\"EmbeddedTweet EmbeddedTweet--cta js-clickToOpenTarget\" lang=\"pt\" data-click-to-open-target=\"https:\/\/twitter.com\/SantosFC\/status\/1185362022650859521\" data-iframe-title=\"Tweet do Twitter\" data-scribe=\"page:tweet\" data-twitter-event-id=\"3\">\n<div class=\"EmbeddedTweet-tweetContainer\">\n<div class=\"EmbeddedTweet-tweet\">\n<blockquote class=\"Tweet h-entry js-tweetIdInfo subject expanded\" cite=\"https:\/\/twitter.com\/SantosFC\/status\/1185362022650859521\" data-tweet-id=\"1185362022650859521\" data-scribe=\"section:subject\">\n<div class=\"Tweet-header\"><a class=\"TweetAuthor-avatar  Identity-avatar u-linkBlend\" href=\"https:\/\/twitter.com\/SantosFC\" data-scribe=\"element:user_link\"><img data-recalc-dims=\"1\" decoding=\"async\" class=\"Avatar\" src=\"https:\/\/i0.wp.com\/pbs.twimg.com\/profile_images\/1190257884543758336\/0RYMcIml_normal.jpg?w=600&#038;ssl=1\" alt=\"\" data-scribe=\"element:avatar\" data-src-2x=\"https:\/\/pbs.twimg.com\/profile_images\/1190257884543758336\/0RYMcIml_bigger.jpg\" data-src-1x=\"https:\/\/pbs.twimg.com\/profile_images\/1190257884543758336\/0RYMcIml_normal.jpg\" \/><\/a><\/p>\n<div class=\"TweetAuthor js-inViewportScribingTarget\" data-scribe=\"component:author\">\n<div class=\"TweetAuthor-nameScreenNameContainer\"><span class=\"TweetAuthor-decoratedName\"><span class=\"TweetAuthor-name Identity-name customisable-highlight\" title=\"Santos Futebol Clube\" data-scribe=\"element:name\">Santos Futebol Clube<\/span><\/span><\/p>\n<div class=\"Icon Icon--verified \" title=\"Conta Verificada\"><\/div>\n<p><span class=\"TweetAuthor-decoratedName\"><span class=\"TweetAuthor-verifiedBadge\" data-scribe=\"element:verified_badge\"><b class=\"u-hiddenVisually\">\u2714<\/b><\/span><\/span><span class=\"TweetAuthor-screenName Identity-screenName\" dir=\"ltr\" title=\"@SantosFC\" data-scribe=\"element:screen_name\">@SantosFC<\/span><\/div>\n<\/div>\n<div class=\"Tweet-brand\"><\/div>\n<\/div>\n<div class=\"Tweet-body e-entry-content\" data-scribe=\"component:tweet\">\n<div class=\"Tweet-target js-inViewportScribingTarget\"><\/div>\n<p class=\"Tweet-text e-entry-title\" dir=\"ltr\" lang=\"pt\">Nossa arquibancada \u00e9 espa\u00e7o para quase todos: temos santistas de todas as ra\u00e7as, idades, origens, moradores de todas as partes do Brasil, g\u00eaneros, diferentes posi\u00e7\u00f5es pol\u00edticas, op\u00e7\u00f5es, gostos e credos. S\u00f3 n\u00e3o temos espa\u00e7o para preconceituosos.<\/p>\n<div class=\"Tweet-card\">\n<article class=\"MediaCard\n\n           customisable-border\" dir=\"ltr\" data-scribe=\"component:card\"><\/p>\n<div class=\"MediaCard-media\" data-scribe=\"element:photo\">\n<div class=\"MediaCard-widthConstraint js-cspForcedStyle\" data-style=\"max-width: 1200px\">\n<div class=\"MediaCard-mediaContainer js-cspForcedStyle MediaCard--roundedTop MediaCard--roundedBottom\" data-style=\"padding-bottom: 100.0000%\"><a class=\"MediaCard-mediaAsset NaturalImage\" href=\"https:\/\/twitter.com\/SantosFC\/status\/1185362022650859521\/photo\/1\"><img loading=\"lazy\" decoding=\"async\" class=\"NaturalImage-image\" title=\"Ver imagem no Twitter\" src=\"https:\/\/pbs.twimg.com\/media\/EHNAeOtX4AES3L2?format=jpg&amp;name=small\" alt=\"Ver imagem no Twitter\" width=\"1200\" height=\"1200\" data-image=\"https:\/\/pbs.twimg.com\/media\/EHNAeOtX4AES3L2\" data-image-format=\"jpg\" \/><\/a><\/div>\n<\/div>\n<\/div>\n<\/article>\n<\/div>\n<div class=\"TweetInfo\">\n<div class=\"TweetInfo-like\">\n<div data-scribe=\"element:heart\"><\/div>\n<p><a class=\"TweetInfo-heart\" title=\"Curtiu\" href=\"https:\/\/twitter.com\/intent\/like?tweet_id=1185362022650859521\" data-scribe=\"component:actions\"><span class=\"TweetInfo-heartStat\" data-scribe=\"element:heart_count\">41,3\u00a0mil<\/span><\/a><\/div>\n<div class=\"TweetInfo-timeGeo\"><a class=\"u-linkBlend u-url customisable-highlight long-permalink\" href=\"https:\/\/twitter.com\/SantosFC\/status\/1185362022650859521\" data-datetime=\"2019-10-19T01:08:23+0000\" data-scribe=\"element:full_timestamp\"><time class=\"dt-updated\" title=\"Hor\u00e1rio da publica\u00e7\u00e3o: 19 de outubro de 2019 01:08:23 (UTC)\" datetime=\"2019-10-19T01:08:23+0000\">22:08 &#8211; 18 de out de 2019<\/time><\/a><\/div>\n<div class=\"tweet-InformationCircle\" data-scribe=\"element:notice\"><a class=\"Icon Icon--informationCircleWhite js-inViewportScribingTarget\" title=\"Informa\u00e7\u00f5es e privacidade no Twitter Ads\" href=\"https:\/\/support.twitter.com\/articles\/20175256\"><span class=\"u-hiddenVisually\">Informa\u00e7\u00f5es e privacidade no Twitter Ads<\/span><\/a><\/div>\n<\/div>\n<\/div>\n<\/blockquote>\n<\/div>\n<div class=\"CallToAction-icon\" data-scribe=\"element:conversation_icon\"><\/div>\n<div class=\"CallToAction-text\" data-scribe=\"element:conversation_text\">11,4\u00a0mil pessoas est\u00e3o falando sobre isso<\/div>\n<div class=\"CallToAction-chevron\" data-scribe=\"element:cta_chevron\"><\/div>\n<\/div>\n<\/div>\n<div class=\"resize-sensor\"><\/div>\n<\/div>\n<\/div>\n<p class=\"\">J\u00e1 neste s\u00e1bado, 16 de novembro, os jogadores do Peixe entraram em campo pela 33\u00aa rodada do Brasileir\u00e3o na Vila Belmiro para encarar o S\u00e3o Paulo com uma camiseta com um s\u00edmbolo de porcentagem ao lado dos n\u00fameros, cada um deles indicando algum \u00edndice de desigualdade racial no Brasil. &#8220;N\u00fameros que representam n\u00e3o somente qu\u00e3o minorit\u00e1rias s\u00e3o as pessoas negras em profiss\u00f5es, mas tamb\u00e9m com forma\u00e7\u00f5es superiores, em diferen\u00e7as salariais e outros dados alarmantes, como em percentual de v\u00edtimas de homic\u00eddios&#8221;, explicava o clube, nas redes sociais, antes do cl\u00e1ssico San-S\u00e3o, que terminou em 1 x 1. A iniciativa, entretanto, acabou sendo ofuscada pela\u00a0<a href=\"https:\/\/globoesporte.globo.com\/sp\/santos-e-regiao\/futebol\/times\/santos\/noticia\/jair-bolsonaro-chega-a-vila-belmiro-para-assistir-ao-classico-entre-santos-e-sao-paulo.ghtml\" target=\"_blank\" data-link-track-dtm=\"\">presen\u00e7a do presidente ultradireitista Jair Bolsonaro<\/a>, que vestia uma camisa do time de Pel\u00e9, e cuja ida desagradou parte a torcida. O mandat\u00e1rio (que \u00e9 torcedor do Palmeiras), foi vaiado \u2014mas tamb\u00e9m aplaudido\u2014 por torcedores tanto do Santos quanto do S\u00e3o Paulo.<\/p>\n<div class=\"embed | flex justify_center\" data-oembed-type=\"instagram\"><iframe loading=\"lazy\" id=\"instagram-embed-1\" class=\"instagram-media instagram-media-rendered\" src=\"https:\/\/www.instagram.com\/p\/B47-Xk0AYJh\/embed\/captioned\/?cr=1&amp;v=12&amp;wp=641&amp;rd=https%3A%2F%2Fbrasil.elpais.com&amp;rp=%2Fbrasil%2F2019%2F11%2F05%2Fdeportes%2F1572987235_119048.html#%7B%22ci%22%3A1%2C%22os%22%3A17694.34500002535%2C%22ls%22%3A6546.029999968596%2C%22le%22%3A6845.755000016652%7D\" width=\"300\" height=\"1743\" frameborder=\"0\" scrolling=\"no\" allowfullscreen=\"allowfullscreen\" data-instgrm-payload-id=\"instagram-media-payload-1\" data-mce-fragment=\"1\"><\/iframe><\/div>\n<p class=\"\">\u201cA campanha da camisa foi planejada mais como\u00a0<a href=\"https:\/\/brasil.elpais.com\/brasil\/2019\/06\/14\/deportes\/1560542966_765592.html\" data-link-track-dtm=\"\">exalta\u00e7\u00e3o dos her\u00f3is negros<\/a>\u00a0que constru\u00edram a hist\u00f3ria do Santos do que como combate ao racismo. Assim que definimos que a camisa seria toda preta, percebemos a oportunidade que t\u00ednhamos de passar uma mensagem clara e forte sobre o tema\u201d, conta o executivo de comunica\u00e7\u00e3o e marketing do clube, Marcelo Fraz\u00e3o. Um dos respons\u00e1veis pela escolha do tema para a divulga\u00e7\u00e3o do uniforme e pela formula\u00e7\u00e3o mensagem ap\u00f3s Santos x Cear\u00e1, Fraz\u00e3o fala da import\u00e2ncia do esporte como ve\u00edculo para esse tipo de posicionamento. \u201cA ideia \u00e9 utilizar a voz e a paix\u00e3o que o futebol movimenta para\u00a0<a href=\"https:\/\/brasil.elpais.com\/brasil\/2019\/02\/18\/deportes\/1550524082_018610.html\" data-link-track-dtm=\"\">abra\u00e7ar causas como a luta contra o racismo e a homofobia<\/a>. Creio que seja uma tend\u00eancia os clubes terem essa responsabilidade social\u201d.<\/p>\n<p class=\"\">Atrav\u00e9s do Observat\u00f3rio Racial, Marcelo Carvalho monitora ofensas raciais e\u00a0<a href=\"https:\/\/brasil.elpais.com\/brasil\/2019\/10\/13\/deportes\/1570983578_952565.html\" data-link-track-dtm=\"\">promove a\u00e7\u00f5es de combate ao preconceito dentro do \u00e2mbito esportivo<\/a>. Segundo ele, comportamentos como o adotado pelo Santos s\u00e3o pontuais em grande parte dos clubes do Brasil, normalmente ligados a datas espec\u00edficas como o dia da Consci\u00eancia Negra, em 20 de novembro. \u201cO Santos foi o primeiro a puxar essa a\u00e7\u00e3o para fora de novembro e demonstrar que de fato n\u00e3o aceita torcedores racistas\u201d, comenta Carvalho. No entanto, a exclus\u00e3o de Durante Filho do quadro de conselheiros e o lan\u00e7amento da camisa aconteceram quase um ano ap\u00f3s o \u00faltimo posicionamento santista acerca do tema, quando o clube utilizou o 20 de novembro para homenagear atletas negros em 2018.<\/p>\n<p class=\"\">Fraz\u00e3o justifica a demora com a necessidade de um contexto para a manifesta\u00e7\u00e3o. No caso da camisa, o lan\u00e7amento de um terceiro uniforme e, no caso da mensagem, o fato de precisar de uma resposta \u201cclara, forte e r\u00e1pida\u201d ao epis\u00f3dio na Vila. Ele ainda ressalta que, apesar do teor do\u00a0<em>post<\/em>\u00a0santista, o texto da mensagem foi rapidamente aprovado dentro do clube por conta da cren\u00e7a em uma continuidade no posicionamento institucional contra o racismo. \u201cRedigimos o texto e imediatamente tivemos a aprova\u00e7\u00e3o para publicar. Eles entenderam que, em alguns momentos,\u00a0<a href=\"https:\/\/brasil.elpais.com\/brasil\/2019\/03\/19\/deportes\/1553034385_131230.html\" data-link-track-dtm=\"\">\u00e9 preciso ser intolerante com intolerantes<\/a>\u201d.<\/p>\n<p class=\"\">\u00c9 consenso entre Fraz\u00e3o e Carvalho que o combate ao preconceito n\u00e3o pode ficar somente no discurso. Para o executivo de marketing, as duas manifesta\u00e7\u00f5es em menos de um m\u00eas provam que o posicionamento antirracista se tornou um norte do clube, o que pode influenciar at\u00e9 na\u00a0<a href=\"https:\/\/brasil.elpais.com\/brasil\/2019\/10\/04\/deportes\/1570142159_844833.html\" data-link-track-dtm=\"\">escolha por profissionais que tenham visibilidade dentro do futebol<\/a>. &#8220;Quando voc\u00ea projeta o valor da desigualdade de oportunidades e descrimina\u00e7\u00e3o pela cor dentro da institui\u00e7\u00e3o, isso deve ter desdobramentos tamb\u00e9m no campo administrativo&#8221;. No pa\u00eds onde somente dois treinadores da elite atual s\u00e3o negros, o Santos esteve entre as exce\u00e7\u00f5es ao contratar Jair Ventura e Serginho Chulapa (auxiliar fixo do clube) como t\u00e9cnicos em 2018, antes da chegada de\u00a0<a href=\"https:\/\/brasil.elpais.com\/tag\/jorge_luis_sampaoli_moya\" data-link-track-dtm=\"\">Jorge Sampaoli<\/a>.<\/p>\n<p class=\"\">&#8220;O sonho do Observat\u00f3rio \u00e9 que os clubes brasileiros tenham um posicionamento mais forte e estabele\u00e7am mais maneiras de inserir o negro em posi\u00e7\u00f5es importantes&#8221;, pontua Carvalho. O departamento de marketing do clube paulista confirma que a ideia \u00e9 planejar mais manifesta\u00e7\u00f5es contra o preconceito em novembro, m\u00eas marcado pelo dia da consci\u00eancia negra, com o objetivo de tornar o pilar algo cada vez mais consistente dentro do Santos. &#8220;A mensagem que o clube tem passado, assim como a fala do\u00a0<a href=\"https:\/\/brasil.elpais.com\/brasil\/2019\/10\/21\/deportes\/1571669573_937967.html\" data-link-track-dtm=\"\">Roger [Machado, treinador negro do Bahia<\/a>\u00a0que discursou contra o racismo ap\u00f3s o jogo contra o\u00a0<a href=\"https:\/\/brasil.elpais.com\/tag\/fluminense\" data-link-track-dtm=\"\">Fluminense<\/a>], n\u00e3o podem cair no esquecimento&#8221;, conclui o pesquisador do Observat\u00f3rio da Discrimina\u00e7\u00e3o Racial no Futebol. &#8220;\u00c9 necess\u00e1rio pensar o que pode ser feito dentro de onde trabalhamos a partir desses posicionamentos, e n\u00e3o somente bater palma. Essa \u00e9 a nossa esperan\u00e7a&#8221;.<\/p>\n","protected":false},"excerpt":{"rendered":"<p>Clube paulista fez uma camisa especial para homenagear \u00eddolos negros de sua hist\u00f3ria e foi contundente ao se manifestar sobre epis\u00f3dio racista em seu est\u00e1dio: &#8220;se voc\u00ea \u00e9 preconceituoso, n\u00e3o tor\u00e7a para o Santos&#8221;.<\/p>\n","protected":false},"author":1,"featured_media":0,"comment_status":"closed","ping_status":"open","sticky":false,"template":"","format":"standard","meta":{"_exactmetrics_skip_tracking":false,"_exactmetrics_sitenote_active":false,"_exactmetrics_sitenote_note":"","_exactmetrics_sitenote_category":0,"jetpack_post_was_ever_published":false,"_jetpack_newsletter_access":"","_jetpack_dont_email_post_to_subs":false,"_jetpack_newsletter_tier_id":0,"_jetpack_memberships_contains_paywalled_content":false,"_jetpack_memberships_contains_paid_content":false,"footnotes":"","jetpack_publicize_message":"","jetpack_publicize_feature_enabled":true,"jetpack_social_post_already_shared":true,"jetpack_social_options":{"image_generator_settings":{"template":"highway","enabled":false},"version":2}},"categories":[1],"tags":[],"class_list":["post-24990","post","type-post","status-publish","format-standard","hentry","category-notas"],"jetpack_publicize_connections":[],"jetpack_sharing_enabled":true,"jetpack_featured_media_url":"","jetpack_shortlink":"https:\/\/wp.me\/p7wKYW-6v4","jetpack-related-posts":[],"_links":{"self":[{"href":"http:\/\/blogdalucianaoliveira.com.br\/blog\/wp-json\/wp\/v2\/posts\/24990","targetHints":{"allow":["GET"]}}],"collection":[{"href":"http:\/\/blogdalucianaoliveira.com.br\/blog\/wp-json\/wp\/v2\/posts"}],"about":[{"href":"http:\/\/blogdalucianaoliveira.com.br\/blog\/wp-json\/wp\/v2\/types\/post"}],"author":[{"embeddable":true,"href":"http:\/\/blogdalucianaoliveira.com.br\/blog\/wp-json\/wp\/v2\/users\/1"}],"replies":[{"embeddable":true,"href":"http:\/\/blogdalucianaoliveira.com.br\/blog\/wp-json\/wp\/v2\/comments?post=24990"}],"version-history":[{"count":1,"href":"http:\/\/blogdalucianaoliveira.com.br\/blog\/wp-json\/wp\/v2\/posts\/24990\/revisions"}],"predecessor-version":[{"id":24991,"href":"http:\/\/blogdalucianaoliveira.com.br\/blog\/wp-json\/wp\/v2\/posts\/24990\/revisions\/24991"}],"wp:attachment":[{"href":"http:\/\/blogdalucianaoliveira.com.br\/blog\/wp-json\/wp\/v2\/media?parent=24990"}],"wp:term":[{"taxonomy":"category","embeddable":true,"href":"http:\/\/blogdalucianaoliveira.com.br\/blog\/wp-json\/wp\/v2\/categories?post=24990"},{"taxonomy":"post_tag","embeddable":true,"href":"http:\/\/blogdalucianaoliveira.com.br\/blog\/wp-json\/wp\/v2\/tags?post=24990"}],"curies":[{"name":"wp","href":"https:\/\/api.w.org\/{rel}","templated":true}]}}