{"id":25006,"date":"2019-11-18T09:19:58","date_gmt":"2019-11-18T13:19:58","guid":{"rendered":"http:\/\/blogdalucianaoliveira.com.br\/blog\/?p=25006"},"modified":"2019-11-18T09:19:58","modified_gmt":"2019-11-18T13:19:58","slug":"carater-religioso-do-golpe-na-bolivia-acende-alerta-sobre-fundamentalismo-no-brasil","status":"publish","type":"post","link":"http:\/\/blogdalucianaoliveira.com.br\/blog\/2019\/11\/18\/carater-religioso-do-golpe-na-bolivia-acende-alerta-sobre-fundamentalismo-no-brasil\/","title":{"rendered":"Car\u00e1ter religioso do golpe na Bol\u00edvia acende alerta sobre fundamentalismo no Brasil"},"content":{"rendered":"<p><img data-recalc-dims=\"1\" loading=\"lazy\" decoding=\"async\" data-attachment-id=\"25007\" data-permalink=\"http:\/\/blogdalucianaoliveira.com.br\/blog\/2019\/11\/18\/carater-religioso-do-golpe-na-bolivia-acende-alerta-sobre-fundamentalismo-no-brasil\/b7ab0190-66e4-43dd-a325-28bc4c68f1af\/\" data-orig-file=\"https:\/\/i0.wp.com\/blogdalucianaoliveira.com.br\/blog\/wp-content\/uploads\/2019\/11\/B7AB0190-66E4-43DD-A325-28BC4C68F1AF.jpeg?fit=639%2C384\" data-orig-size=\"639,384\" data-comments-opened=\"0\" data-image-meta=\"{&quot;aperture&quot;:&quot;0&quot;,&quot;credit&quot;:&quot;&quot;,&quot;camera&quot;:&quot;&quot;,&quot;caption&quot;:&quot;&quot;,&quot;created_timestamp&quot;:&quot;0&quot;,&quot;copyright&quot;:&quot;&quot;,&quot;focal_length&quot;:&quot;0&quot;,&quot;iso&quot;:&quot;0&quot;,&quot;shutter_speed&quot;:&quot;0&quot;,&quot;title&quot;:&quot;&quot;,&quot;orientation&quot;:&quot;0&quot;}\" data-image-title=\"B7AB0190-66E4-43DD-A325-28BC4C68F1AF\" data-image-description=\"\" data-image-caption=\"\" data-medium-file=\"https:\/\/i0.wp.com\/blogdalucianaoliveira.com.br\/blog\/wp-content\/uploads\/2019\/11\/B7AB0190-66E4-43DD-A325-28BC4C68F1AF.jpeg?fit=300%2C180\" data-large-file=\"https:\/\/i0.wp.com\/blogdalucianaoliveira.com.br\/blog\/wp-content\/uploads\/2019\/11\/B7AB0190-66E4-43DD-A325-28BC4C68F1AF.jpeg?fit=600%2C361\" src=\"https:\/\/i0.wp.com\/blogdalucianaoliveira.com.br\/blog\/wp-content\/uploads\/2019\/11\/B7AB0190-66E4-43DD-A325-28BC4C68F1AF.jpeg?resize=600%2C361\" alt=\"B7AB0190-66E4-43DD-A325-28BC4C68F1AF\" width=\"600\" height=\"361\" class=\"alignnone size-full wp-image-25007\" srcset=\"https:\/\/i0.wp.com\/blogdalucianaoliveira.com.br\/blog\/wp-content\/uploads\/2019\/11\/B7AB0190-66E4-43DD-A325-28BC4C68F1AF.jpeg?w=639 639w, https:\/\/i0.wp.com\/blogdalucianaoliveira.com.br\/blog\/wp-content\/uploads\/2019\/11\/B7AB0190-66E4-43DD-A325-28BC4C68F1AF.jpeg?resize=300%2C180 300w, https:\/\/i0.wp.com\/blogdalucianaoliveira.com.br\/blog\/wp-content\/uploads\/2019\/11\/B7AB0190-66E4-43DD-A325-28BC4C68F1AF.jpeg?resize=499%2C300 499w\" sizes=\"auto, (max-width: 600px) 100vw, 600px\" \/><\/p>\n<p>Organiza\u00e7\u00f5es crist\u00e3s t\u00eam se manifestado contra o uso pol\u00edtico da f\u00e9 em golpes e governo de extrema direita<!--more--><\/p>\n<p>Cl\u00edvia Mesquita<br \/>\nBrasil de Fato <\/p>\n<p>O golpe civil-militar na Bol\u00edvia reacendeu o debate sobre pol\u00edtica e fundamentalismo religioso na Am\u00e9rica Latina. \u201cA b\u00edblia volta ao Pal\u00e1cio&#8221;, declarou a senadora boliviana Jeanine \u00c1\u00f1ez, empunhando o livro. A parlamentar opositora que se autoproclamou presidente atropelou o rito constitucional do pa\u00eds ao assumir o cargo.<\/p>\n<p>O uso pol\u00edtico da f\u00e9 para legitimar governos de extrema direita e suas pr\u00e1ticas violentas tamb\u00e9m tem sido motivo de preocupa\u00e7\u00e3o no Brasil, sobretudo ap\u00f3s a elei\u00e7\u00e3o de Jair Bolsonaro. Dentre as diversas imagens do golpe na Bol\u00edvia que tem chocado o mundo, chamou aten\u00e7\u00e3o a de Fernando Camacho, l\u00edder da oposi\u00e7\u00e3o, depositando uma b\u00edblia em cima da bandeira boliviana.  <\/p>\n<p>Organiza\u00e7\u00f5es crist\u00e3s t\u00eam se manifestado contra o uso da religi\u00e3o e o nome de Deus em golpes e governos radicais. Para Rafael Soares de Oliveira, membro da coordena\u00e7\u00e3o do F\u00f3rum Ecum\u00eanico ACT Brasil, o movimento fundamentalista \u00e9 constitu\u00eddo por um n\u00facleo de pessoas que tenta impor ideias a partir de cren\u00e7as para defender um projeto de poder.  <\/p>\n<p>\u201cNo caso Boliviano, o que se alimentou a m\u00e9dio prazo foi o processo fundamentalista de nega\u00e7\u00e3o do que estava sendo feito por Evo Morales como a inclus\u00e3o ind\u00edgena e o reconhecimento de que toda express\u00e3o de f\u00e9 \u00e9 leg\u00edtima. F\u00e9 e pol\u00edtica n\u00e3o deveriam se misturar, mas tem sido uma t\u00f4nica na hist\u00f3ria recente da Am\u00e9rica Latina. Um problema grave que assola diversos pa\u00edses do mundo com o crescimento do fundamentalismo pautado pelos crist\u00e3os\u201d, disse em entrevista ao Programa Brasil de Fato RJ.<\/p>\n<p>Brasil<\/p>\n<p>O avan\u00e7o do fundamentalismo religioso tamb\u00e9m \u00e9 pautado pelo medo. Segundo o religioso, que tamb\u00e9m \u00e9 diretor de Koinonia, o argumento de que existe uma \u201camea\u00e7a \u00e0 fam\u00edlia tradicional\u201d, mensagem que foi amplamente difundida no Brasil durante as elei\u00e7\u00f5es, \u00e9 \u201cuma mentira\u201d e serve como ferramenta de convencimento contra grupos sociais.<\/p>\n<p>\u201cExiste uma bancada crist\u00e3 no Brasil que se move quando se trata de valores anti feministas e anti LBGT. \u00c9 poss\u00edvel chegar a uma afirma\u00e7\u00e3o diferente de f\u00e9 na nossa sociedade. Podemos estar juntos num projeto de resist\u00eancia, n\u00f3s pessoas de f\u00e9 devemos defender a democracia. Na afirma\u00e7\u00e3o de uma paz que se paute pela justi\u00e7a\u201d, completa.<\/p>\n<p>*Entrevista: Denise Viola<\/p>\n","protected":false},"excerpt":{"rendered":"<p>Organiza\u00e7\u00f5es crist\u00e3s t\u00eam se manifestado contra o uso pol\u00edtico da f\u00e9 em golpes e governo de extrema direita<\/p>\n","protected":false},"author":1,"featured_media":0,"comment_status":"closed","ping_status":"open","sticky":false,"template":"","format":"standard","meta":{"_exactmetrics_skip_tracking":false,"_exactmetrics_sitenote_active":false,"_exactmetrics_sitenote_note":"","_exactmetrics_sitenote_category":0,"jetpack_post_was_ever_published":false,"_jetpack_newsletter_access":"","_jetpack_dont_email_post_to_subs":false,"_jetpack_newsletter_tier_id":0,"_jetpack_memberships_contains_paywalled_content":false,"_jetpack_memberships_contains_paid_content":false,"footnotes":"","jetpack_publicize_message":"","jetpack_publicize_feature_enabled":true,"jetpack_social_post_already_shared":true,"jetpack_social_options":{"image_generator_settings":{"template":"highway","enabled":false},"version":2}},"categories":[1],"tags":[],"class_list":["post-25006","post","type-post","status-publish","format-standard","hentry","category-notas"],"jetpack_publicize_connections":[],"jetpack_sharing_enabled":true,"jetpack_featured_media_url":"","jetpack_shortlink":"https:\/\/wp.me\/p7wKYW-6vk","jetpack-related-posts":[],"_links":{"self":[{"href":"http:\/\/blogdalucianaoliveira.com.br\/blog\/wp-json\/wp\/v2\/posts\/25006","targetHints":{"allow":["GET"]}}],"collection":[{"href":"http:\/\/blogdalucianaoliveira.com.br\/blog\/wp-json\/wp\/v2\/posts"}],"about":[{"href":"http:\/\/blogdalucianaoliveira.com.br\/blog\/wp-json\/wp\/v2\/types\/post"}],"author":[{"embeddable":true,"href":"http:\/\/blogdalucianaoliveira.com.br\/blog\/wp-json\/wp\/v2\/users\/1"}],"replies":[{"embeddable":true,"href":"http:\/\/blogdalucianaoliveira.com.br\/blog\/wp-json\/wp\/v2\/comments?post=25006"}],"version-history":[{"count":1,"href":"http:\/\/blogdalucianaoliveira.com.br\/blog\/wp-json\/wp\/v2\/posts\/25006\/revisions"}],"predecessor-version":[{"id":25008,"href":"http:\/\/blogdalucianaoliveira.com.br\/blog\/wp-json\/wp\/v2\/posts\/25006\/revisions\/25008"}],"wp:attachment":[{"href":"http:\/\/blogdalucianaoliveira.com.br\/blog\/wp-json\/wp\/v2\/media?parent=25006"}],"wp:term":[{"taxonomy":"category","embeddable":true,"href":"http:\/\/blogdalucianaoliveira.com.br\/blog\/wp-json\/wp\/v2\/categories?post=25006"},{"taxonomy":"post_tag","embeddable":true,"href":"http:\/\/blogdalucianaoliveira.com.br\/blog\/wp-json\/wp\/v2\/tags?post=25006"}],"curies":[{"name":"wp","href":"https:\/\/api.w.org\/{rel}","templated":true}]}}