{"id":25016,"date":"2019-11-18T15:04:52","date_gmt":"2019-11-18T19:04:52","guid":{"rendered":"http:\/\/blogdalucianaoliveira.com.br\/blog\/?p=25016"},"modified":"2019-11-18T15:04:52","modified_gmt":"2019-11-18T19:04:52","slug":"hermeto-pascoal-e-premiado-no-grammy-latino-nos-eua","status":"publish","type":"post","link":"http:\/\/blogdalucianaoliveira.com.br\/blog\/2019\/11\/18\/hermeto-pascoal-e-premiado-no-grammy-latino-nos-eua\/","title":{"rendered":"Hermeto Pascoal \u00e9 premiado no Grammy Latino nos EUA"},"content":{"rendered":"<p><img data-recalc-dims=\"1\" loading=\"lazy\" decoding=\"async\" data-attachment-id=\"25017\" data-permalink=\"http:\/\/blogdalucianaoliveira.com.br\/blog\/2019\/11\/18\/hermeto-pascoal-e-premiado-no-grammy-latino-nos-eua\/ab709659-4aed-41b9-962c-77b88d0975ac\/\" data-orig-file=\"https:\/\/i0.wp.com\/blogdalucianaoliveira.com.br\/blog\/wp-content\/uploads\/2019\/11\/AB709659-4AED-41B9-962C-77B88D0975AC.jpeg?fit=719%2C700\" data-orig-size=\"719,700\" data-comments-opened=\"0\" data-image-meta=\"{&quot;aperture&quot;:&quot;0&quot;,&quot;credit&quot;:&quot;&quot;,&quot;camera&quot;:&quot;&quot;,&quot;caption&quot;:&quot;&quot;,&quot;created_timestamp&quot;:&quot;0&quot;,&quot;copyright&quot;:&quot;&quot;,&quot;focal_length&quot;:&quot;0&quot;,&quot;iso&quot;:&quot;0&quot;,&quot;shutter_speed&quot;:&quot;0&quot;,&quot;title&quot;:&quot;&quot;,&quot;orientation&quot;:&quot;0&quot;}\" data-image-title=\"AB709659-4AED-41B9-962C-77B88D0975AC\" data-image-description=\"\" data-image-caption=\"\" data-medium-file=\"https:\/\/i0.wp.com\/blogdalucianaoliveira.com.br\/blog\/wp-content\/uploads\/2019\/11\/AB709659-4AED-41B9-962C-77B88D0975AC.jpeg?fit=300%2C292\" data-large-file=\"https:\/\/i0.wp.com\/blogdalucianaoliveira.com.br\/blog\/wp-content\/uploads\/2019\/11\/AB709659-4AED-41B9-962C-77B88D0975AC.jpeg?fit=600%2C584\" src=\"https:\/\/i0.wp.com\/blogdalucianaoliveira.com.br\/blog\/wp-content\/uploads\/2019\/11\/AB709659-4AED-41B9-962C-77B88D0975AC.jpeg?resize=600%2C584\" alt=\"AB709659-4AED-41B9-962C-77B88D0975AC\" width=\"600\" height=\"584\" class=\"alignnone size-full wp-image-25017\" srcset=\"https:\/\/i0.wp.com\/blogdalucianaoliveira.com.br\/blog\/wp-content\/uploads\/2019\/11\/AB709659-4AED-41B9-962C-77B88D0975AC.jpeg?w=719 719w, https:\/\/i0.wp.com\/blogdalucianaoliveira.com.br\/blog\/wp-content\/uploads\/2019\/11\/AB709659-4AED-41B9-962C-77B88D0975AC.jpeg?resize=300%2C292 300w, https:\/\/i0.wp.com\/blogdalucianaoliveira.com.br\/blog\/wp-content\/uploads\/2019\/11\/AB709659-4AED-41B9-962C-77B88D0975AC.jpeg?resize=308%2C300 308w\" sizes=\"auto, (max-width: 600px) 100vw, 600px\" \/><\/p>\n<p>O \u00e1lbum vencedor do artista come\u00e7ou a ser criado h\u00e1 quase 20 anos e foi lan\u00e7ado em 2018. Sobre ele, disse o Pascoal: N\u00e3o \u00e9 apenas para escutar, mas tamb\u00e9m para dan\u00e7ar\u201d.<!--more--><\/p>\n<p>No Op9<\/p>\n<p>O \u00e1lbum Hermeto Pascoal e sua Vis\u00e3o Original do Forr\u00f3 rendeu ao m\u00fasico alagoano o pr\u00eamio no 20\u00ba Grammy Latino na categoria de Melhor \u00c1lbum de M\u00fasica de Ra\u00edzes em L\u00edngua Portuguesa. O \u00e1lbum foi lan\u00e7ado em 2018, quase 20 anos depois de come\u00e7ar a ser criado, em 1999, contendo sons da sanfona, fole de oito baixos, zabumba e tri\u00e2ngulo. A premia\u00e7\u00e3o ocorreu em Las Vegas, no Estados Unidos, na quinta-feira (14).<\/p>\n<p>Outros dois artistas nordestinos tamb\u00e9m foram premiados. Na categoria de Melhor \u00c1lbum de Rock ou de M\u00fasica Alternativa em L\u00edngua Portuguesa, o grupo da Bahia, Baianasystem foi o vencedor. Outro baiano premiado foi Gilberto Gil, na categoria de Melhor \u00c1lbum de M\u00fasica Popular Brasileira. <\/p>\n<p>O cantor alagoano, Mano Walter, chegou a concorrer na categoria Melhor \u00c1lbum de M\u00fasica Sertaneja, com o ao vivo em S\u00e3o Paulo, mas n\u00e3o ganhou a premia\u00e7\u00e3o, que ficou com a cantora Mar\u00edlia Mendon\u00e7a.<\/p>\n<p>Hermeto comemorou a conquista no Instagram. \u201cMuito felizes que o disco Hermeto Pascoal e sua Vis\u00e3o Original do Forr\u00f3 acaba de ganhar um Latin Grammy! O pr\u00eamio \u00e9 tamb\u00e9m de todos os m\u00fasicos que participaram do disco, mas n\u00e3o temos como n\u00e3o lembrar do saudoso Vin\u00edcius Dorin em momentos como este. Viva o Forr\u00f3 e a M\u00fasica Universal\u201d, publicou na rede social, citando nomes de artistas que colaboraram e participaram do disco.<\/p>\n<p>\u201cMinha cabe\u00e7a \u00e9 universal. N\u00e3o nasci para tocar s\u00f3 cl\u00e1ssico ou s\u00f3 jazz. Quem anda sempre na linha \u00e9 trem\u201d. J\u00e1 dizia o multi-instrumentista alagoano Hermeto Pascoal, que tamb\u00e9m foi o grande vencedor do 19\u00ba Grammy Latino, em novembro de 2018, em categorias gerais com o \u00e1lbum Natureza Universal.<\/p>\n<p>O forr\u00f3, segundo ele, \u00e9 aquele aprendido em Lagoa da Canoa, no Agreste alagoano, onde viveu at\u00e9 os 14 anos antes de se mudar para o Recife. Sobre o \u00e1lbum vencedor em 2019, ele diz: \u201cN\u00e3o \u00e9 apenas para escutar, mas tamb\u00e9m para dan\u00e7ar\u201d.<\/p>\n","protected":false},"excerpt":{"rendered":"<p>O \u00e1lbum vencedor do artista come\u00e7ou a ser criado h\u00e1 quase 20 anos e foi lan\u00e7ado em 2018. Sobre ele, disse o Pascoal: N\u00e3o \u00e9 apenas para escutar, mas tamb\u00e9m para dan\u00e7ar\u201d.<\/p>\n","protected":false},"author":1,"featured_media":0,"comment_status":"closed","ping_status":"open","sticky":false,"template":"","format":"standard","meta":{"_exactmetrics_skip_tracking":false,"_exactmetrics_sitenote_active":false,"_exactmetrics_sitenote_note":"","_exactmetrics_sitenote_category":0,"jetpack_post_was_ever_published":false,"_jetpack_newsletter_access":"","_jetpack_dont_email_post_to_subs":false,"_jetpack_newsletter_tier_id":0,"_jetpack_memberships_contains_paywalled_content":false,"_jetpack_memberships_contains_paid_content":false,"footnotes":"","jetpack_publicize_message":"","jetpack_publicize_feature_enabled":true,"jetpack_social_post_already_shared":true,"jetpack_social_options":{"image_generator_settings":{"template":"highway","enabled":false},"version":2}},"categories":[1],"tags":[],"class_list":["post-25016","post","type-post","status-publish","format-standard","hentry","category-notas"],"jetpack_publicize_connections":[],"jetpack_sharing_enabled":true,"jetpack_featured_media_url":"","jetpack_shortlink":"https:\/\/wp.me\/p7wKYW-6vu","jetpack-related-posts":[],"_links":{"self":[{"href":"http:\/\/blogdalucianaoliveira.com.br\/blog\/wp-json\/wp\/v2\/posts\/25016","targetHints":{"allow":["GET"]}}],"collection":[{"href":"http:\/\/blogdalucianaoliveira.com.br\/blog\/wp-json\/wp\/v2\/posts"}],"about":[{"href":"http:\/\/blogdalucianaoliveira.com.br\/blog\/wp-json\/wp\/v2\/types\/post"}],"author":[{"embeddable":true,"href":"http:\/\/blogdalucianaoliveira.com.br\/blog\/wp-json\/wp\/v2\/users\/1"}],"replies":[{"embeddable":true,"href":"http:\/\/blogdalucianaoliveira.com.br\/blog\/wp-json\/wp\/v2\/comments?post=25016"}],"version-history":[{"count":1,"href":"http:\/\/blogdalucianaoliveira.com.br\/blog\/wp-json\/wp\/v2\/posts\/25016\/revisions"}],"predecessor-version":[{"id":25018,"href":"http:\/\/blogdalucianaoliveira.com.br\/blog\/wp-json\/wp\/v2\/posts\/25016\/revisions\/25018"}],"wp:attachment":[{"href":"http:\/\/blogdalucianaoliveira.com.br\/blog\/wp-json\/wp\/v2\/media?parent=25016"}],"wp:term":[{"taxonomy":"category","embeddable":true,"href":"http:\/\/blogdalucianaoliveira.com.br\/blog\/wp-json\/wp\/v2\/categories?post=25016"},{"taxonomy":"post_tag","embeddable":true,"href":"http:\/\/blogdalucianaoliveira.com.br\/blog\/wp-json\/wp\/v2\/tags?post=25016"}],"curies":[{"name":"wp","href":"https:\/\/api.w.org\/{rel}","templated":true}]}}