{"id":25019,"date":"2019-11-18T17:16:07","date_gmt":"2019-11-18T21:16:07","guid":{"rendered":"http:\/\/blogdalucianaoliveira.com.br\/blog\/?p=25019"},"modified":"2019-11-18T17:16:07","modified_gmt":"2019-11-18T21:16:07","slug":"the-intercept-novo-projeto-de-poder-de-bolsonaro-a-alianca-pelo-brasil-e-o-primeiro-partido-neofascista-do-pais","status":"publish","type":"post","link":"http:\/\/blogdalucianaoliveira.com.br\/blog\/2019\/11\/18\/the-intercept-novo-projeto-de-poder-de-bolsonaro-a-alianca-pelo-brasil-e-o-primeiro-partido-neofascista-do-pais\/","title":{"rendered":"THE INTERCEPT: Novo projeto de poder de Bolsonaro, a Alian\u00e7a pelo Brasil \u00e9 o primeiro partido neofascista do pa\u00eds"},"content":{"rendered":"<p><a href=\"https:\/\/i0.wp.com\/theintercept.imgix.net\/wp-uploads\/sites\/1\/2019\/11\/patria_bolsonaro-1573948020.jpg?ssl=1\"><img data-recalc-dims=\"1\" decoding=\"async\" class=\"aligncenter size-article-large wp-image-278485\" src=\"https:\/\/i0.wp.com\/theintercept.imgix.net\/wp-uploads\/sites\/1\/2019\/11\/patria_bolsonaro-1573948020.jpg?w=600&#038;ssl=1\" alt=\"patria_bolsonaro-1573948020\" \/><\/a><\/p>\n<p><u>BOLSONARO ALUGOU\u00a0<\/u>um partido nanico, ajudou a transform\u00e1-lo em um dos maiores partidos do Brasil e agora o abandona ap\u00f3s uma tentativa fracassada de\u00a0<a href=\"https:\/\/theintercept.com\/2019\/10\/20\/treta-psl-bolsonaro-waldir-bivar-lideranca-laranjal\/\" target=\"_blank\">golpe<\/a>\u00a0para tomar o seu controle e abocanhar o fundo partid\u00e1rio. Pela \u00f3tica da din\u00e2mica pol\u00edtica tradicional, esse jogo \u00e9 uma loucura que levaria ao enfraquecimento e isolamento do governo. Mas n\u00e3o \u00e9 assim que pensa quem tem como objetivo destruir a democracia como a conhecemos.<!--more--><\/p>\n<p>O presidente da Rep\u00fablica j\u00e1 mostrou que n\u00e3o tem nenhum interesse em formar uma maioria no Congresso que o ajude a governar. \u00c9 um governo que renega as media\u00e7\u00f5es democr\u00e1ticas e busca a radicaliza\u00e7\u00e3o para atingir seus objetivos.<\/p>\n<p>Desde a posse, a fam\u00edlia Bolsonaro vem implodindo grandes aliados constru\u00eddos durante a campanha. Bebianno, Alexandre Frota, Joice Hasselmann, Witzel, Jo\u00e3o Doria e Luciano Bivar s\u00e3o alguns nomes que foram expurgados de maneira desleal. A tropa de choque bolsonarista vai ficando cada vez mais reduzida e isso n\u00e3o parece ser um problema para a fam\u00edlia Bolsonaro. Ao que tudo indica, a inten\u00e7\u00e3o \u00e9 ir empurrando o governo com a barriga, rezar para a economia sair do buraco e continuar apostando na fideliza\u00e7\u00e3o da sua milit\u00e2ncia alucinada nas redes sociais. N\u00e3o \u00e9 novidade que este \u00e9 um governo preocupado exclusivamente em agradar um s\u00e9quito de reacion\u00e1rios e lun\u00e1ticos catequizados por Olavo de Carvalho.<\/p>\n<div class=\"PostContent\">\n<div>\n<p>O presidente anunciou essa semana a cria\u00e7\u00e3o da Alian\u00e7a pelo Brasil, a futura nova casa da extrema-direita governista brasileira. Mais que isso: ser\u00e1 uma sigla controlada pela fam\u00edlia Bolsonaro e formada apenas por devotos fi\u00e9is do presidente.<br \/>\nN\u00e3o se sabe ainda se a Alian\u00e7a pelo Brasil ser\u00e1 criada a tempo de disputar as elei\u00e7\u00f5es municipais do ano que vem. Se tudo for feito como manda a lei, ser\u00e1 quase imposs\u00edvel. Mas estamos no Brasil 2019 e sabemos que as leis n\u00e3o t\u00eam sido garantia de muita coisa.<\/p>\n<p>Ser\u00e1 necess\u00e1rio coletar quase 500 mil assinaturas em pouco mais de quatro meses, o que seria um feito in\u00e9dito. Mas os bolsonaristas contam que isso ser\u00e1 poss\u00edvel com assinaturas digitais, feitas atrav\u00e9s das redes sociais e de um aplicativo que ser\u00e1 lan\u00e7ado pelo partido. Acontece que a lei n\u00e3o prev\u00ea a possibilidade das assinaturas digitais, apenas em papel. Como ser\u00e1 imposs\u00edvel juntar quase meio milh\u00e3o de assinaturas em papel em quatro meses, o bolsonarismo vai conseguir as assinaturas digitais e tentar jogar essa disputa pro campo jur\u00eddico. Diante da\u00a0<a href=\"https:\/\/www1.folha.uol.com.br\/poder\/2019\/10\/escalada-autoritaria-dos-bolsonaro-e-blefe-mas-pode-sair-de-controle.shtml\" target=\"_blank\">escalada dos discursos autorit\u00e1rios<\/a>\u00a0do governo, algu\u00e9m duvida que haver\u00e1 radicaliza\u00e7\u00e3o e incita\u00e7\u00e3o do povo contra os tribunais quando esse caso for julgado? Ou ser\u00e1 que os Bolsonaro v\u00e3o mandar logo um cabo e um soldado ao TSE? Me parece bastante claro que o bolsonarismo n\u00e3o ir\u00e1 retroceder nem aceitar qualquer decis\u00e3o que n\u00e3o seja a cria\u00e7\u00e3o do partido do presidente. Eles n\u00e3o entraram nessa empreitada para depois ficarem sem partido.<\/p>\n<p>\u00c9 poss\u00edvel que haja,\u00a0<a href=\"https:\/\/epoca.globo.com\/como-bolsonaro-se-tornou-candidato-dos-evangelicos-23126650\" target=\"_blank\">como houve nas elei\u00e7\u00f5es<\/a>, uma grande mobiliza\u00e7\u00e3o das igrejas evang\u00e9licas pela cria\u00e7\u00e3o do partido. Ser\u00e1 que teremos pastores na porta da igreja trocando assinatura por um pedacinho no c\u00e9u? O bispo e prefeito do Rio de Janeiro Marcelo Crivella j\u00e1 colocou a\u00a0<a href=\"https:\/\/extra.globo.com\/noticias\/extra-extra\/novo-partido-crivella-oferece-igreja-bolsonaro-para-recolher-assinaturas-24078409.html\" target=\"_blank\">m\u00e1quina da Igreja Universal \u00e0 disposi\u00e7\u00e3o\u00a0<\/a>para a coleta de assinaturas.<\/p>\n<p>O manifesto de funda\u00e7\u00e3o do partido \u00e9 um ajuntamento de chav\u00f5es fascistoides. N\u00e3o h\u00e1 nada ali que lembre um projeto de pa\u00eds, que pregue a concilia\u00e7\u00e3o, que apresente propostas para a economia e para o desenvolvimento social. \u00c9 s\u00f3 um panfleto rancoroso que aposta no manique\u00edsmo e no confronto como m\u00e9todo de governo, tendo Jair Bolsonaro como um l\u00edder messi\u00e2nico. \u201cMuito mais que um partido, \u00e9 o sonho e a inspira\u00e7\u00e3o de pessoas leais ao Presidente Jair Bolsonaro, de unirmos o pa\u00eds com aliados em ideais e inten\u00e7\u00f5es patri\u00f3ticas\u201d, diz o manifesto. A palavra democracia n\u00e3o \u00e9 citada em nenhum momento do texto. O partido se apresenta oficialmente como um grupo pol\u00edtico formado por pessoas leais a um \u00fanico pol\u00edtico. \u00c9 essa lealdade incondicional ao Messias que motivou o rompimento dos bolsonaristas com o PSL. N\u00e3o havia diverg\u00eancias ideol\u00f3gicas ou program\u00e1ticas entre eles. A separa\u00e7\u00e3o se deu porque o n\u00facleo bolsonarista queria o controle do partido e n\u00e3o admitia conviver com correligion\u00e1rios que n\u00e3o demonstrem lealdade cega e absoluta ao seu grande l\u00edder.<\/p>\n<p>Em outro trecho, o manifesto diz que \u201ca Alian\u00e7a pelo Brasil \u00e9 o caminho que escolhemos e queremos para o futuro e para o resgate de um pa\u00eds massacrado pela corrup\u00e7\u00e3o e pela degrada\u00e7\u00e3o moral contra as boas pr\u00e1ticas e os bons costumes\u201d. As \u201cboas pr\u00e1ticas\u201d e os \u201cbons costumes\u201d certamente n\u00e3o se referem \u00e0s rachadinhas no gabinete do Fl\u00e1vio Bolsonaro nem ao conte\u00fado pornogr\u00e1fico que o presidente publicou no Twitter. \u00c9 s\u00f3 a velha ladainha moralista que os moralistas gostam de pregar, mas n\u00e3o de cumprir.<\/p>\n<p>Nos perfis do projeto de apresenta\u00e7\u00e3o do novo partido de Bolsonaro, as palavras\u00a0<a href=\"https:\/\/oglobo.globo.com\/brasil\/partido-de-bolsonaro-usa-lema-integralista-mas-se-aproxima-da-arena-da-ditadura-diz-sociologo-24079859\" target=\"_blank\">\u201cDeus\u201d, \u201cp\u00e1tria\u201d e \u201cfam\u00edlia\u201d\u00a0<\/a>s\u00e3o exibidas. N\u00e3o parece coincid\u00eancia o fato de esse ser o lema dos integralistas.<\/p>\n<\/div>\n<div class=\"img-wrap align-center width-fixed\">\n<div><a href=\"https:\/\/i0.wp.com\/theintercept.imgix.net\/wp-uploads\/sites\/1\/2019\/11\/fascismo-a-brasileira_home11-1574004670.png?ssl=1\"><img data-recalc-dims=\"1\" decoding=\"async\" class=\"aligncenter size-article-large wp-image-278512\" src=\"https:\/\/i0.wp.com\/theintercept.imgix.net\/wp-uploads\/sites\/1\/2019\/11\/fascismo-a-brasileira_home11-1574004670.png?w=600&#038;ssl=1\" alt=\"\" \/><\/a><\/p>\n<p class=\"caption source\">Reprodu\u00e7\u00e3o<\/p>\n<\/div>\n<\/div>\n<div>\n<p>Inspirados no fascismo italiano, os integralistas s\u00e3o um movimento ultrarreacion\u00e1rio, criado h\u00e1 oito d\u00e9cadas no Brasil para abrigar o ide\u00e1rio fascista.\u00a0A A\u00e7\u00e3o Integralista Brasileira\u00a0teve papel fundamental no golpe militar de 64 e hoje ap\u00f3ia o\u00a0<a href=\"https:\/\/www1.folha.uol.com.br\/poder\/2018\/12\/movimento-integralista-resiste-e-ve-bom-momento-para-difusao-de-suas-ideias.shtml\" target=\"_blank\">governo Bolsonaro<\/a>. Durante as elei\u00e7\u00f5es, o grupo formalizou\u00a0<a href=\"https:\/\/jornalistaslivres.org\/exclusivo-a-relacao-entre-a-candidatura-bolsonaro-e-a-ultradireita-fascista-organizada-no-brasil\/\">apoio \u00e0 candidatura<\/a>\u00a0do ex-capit\u00e3o e chegou a participar de um ato de campanha na avenida Paulista. Muitos integralistas s\u00e3o filiados ao PRTB de Levy Fidelix, cujo\u00a0lema da campanha para deputado federal tamb\u00e9m era \u201cDeus, p\u00e1tria, fam\u00edlia\u201d.<\/p>\n<p>Mas n\u00e3o \u00e9 s\u00f3 o lema. Tudo na Alian\u00e7a pelo Brasil\u00a0lembra os integralistas, desde a est\u00e9tica \u00e0 ideologia. A defesa dos valores crist\u00e3os, a rejei\u00e7\u00e3o \u00e0 democracia liberal, o nacionalismo autorit\u00e1rio \u2014 tudo parece ser uma c\u00f3pia dos integralistas. N\u00e3o d\u00e1 nem para chamar de vers\u00e3o moderna do integralismo, porque tudo no bolsonarismo cheira a mofo.<\/p>\n<p>A Alian\u00e7a pelo Brasil pode ser classificada com tranquilidade como o primeiro partido neofascista do Brasil. Sim, neofascista. Todos os elementos est\u00e3o ali: o ultranacionalismo, o anticomunismo, a contesta\u00e7\u00e3o permanente da democracia liberal, a venera\u00e7\u00e3o por um l\u00edder populista, o discurso autorit\u00e1rio. Ser\u00e1 um partido neofascista de cunho religioso e que j\u00e1 nascer\u00e1 com alguma relev\u00e2ncia no jogo pol\u00edtico partid\u00e1rio, j\u00e1 que foi criado pelo presidente da Rep\u00fablica e tem como uma de suas principais bandeiras a exalta\u00e7\u00e3o de sua figura. \u00c9 uma pena que a grande imprensa nacional, que at\u00e9 hoje<a href=\"https:\/\/www1.folha.uol.com.br\/colunas\/paula-cesarino-costa-ombudsman\/2018\/10\/o-que-e-ser-de-extrema-direita.shtml\" target=\"_blank\">\u00a0evita chamar<\/a>\u00a0o governo Bolsonaro de extrema-direita, jamais chamar\u00e1 o neofascismo pelo nome.<\/p>\n<p>A democracia brasileira est\u00e1 prestes a fornecer espa\u00e7o para um partido cujos fundadores amea\u00e7am constantemente a democracia, atacam princ\u00edpios constitucionais e exaltam os criminosos do regime militar. \u00c9 um partido que resgatar\u00e1 oficialmente o legado do fascismo brasileiro. O Partido Social Liberal, que foi temporariamente ocupado para a extrema-direita poder entrar na democracia, ficou pequeno. Faltava um partido genu\u00edno, criado para unir todos as tribos neofascistas que desejam exaltar Bolsonaro e o Deus crist\u00e3o. N\u00e3o falta mais.<\/p>\n<\/div>\n<\/div>\n<div id=\"third-party--article-bottom\" class=\"InlineDonationPromo-container\"><\/div>\n","protected":false},"excerpt":{"rendered":"<p>BOLSONARO ALUGOU\u00a0um partido nanico, ajudou a transform\u00e1-lo em um dos maiores partidos do Brasil e agora o abandona ap\u00f3s uma tentativa fracassada de\u00a0golpe\u00a0para tomar o seu controle e abocanhar o fundo partid\u00e1rio. Pela \u00f3tica da din\u00e2mica pol\u00edtica tradicional, esse jogo \u00e9 uma loucura que levaria ao enfraquecimento e isolamento do governo. Mas n\u00e3o \u00e9 assim&#8230;<a class=\"more-link\" href=\"http:\/\/blogdalucianaoliveira.com.br\/blog\/2019\/11\/18\/the-intercept-novo-projeto-de-poder-de-bolsonaro-a-alianca-pelo-brasil-e-o-primeiro-partido-neofascista-do-pais\/\">Continue a leitura <span class=\"meta-nav\">&raquo;<\/span><\/a><\/p>\n","protected":false},"author":1,"featured_media":0,"comment_status":"closed","ping_status":"open","sticky":false,"template":"","format":"standard","meta":{"_exactmetrics_skip_tracking":false,"_exactmetrics_sitenote_active":false,"_exactmetrics_sitenote_note":"","_exactmetrics_sitenote_category":0,"jetpack_post_was_ever_published":false,"_jetpack_newsletter_access":"","_jetpack_dont_email_post_to_subs":false,"_jetpack_newsletter_tier_id":0,"_jetpack_memberships_contains_paywalled_content":false,"_jetpack_memberships_contains_paid_content":false,"footnotes":"","jetpack_publicize_message":"","jetpack_publicize_feature_enabled":true,"jetpack_social_post_already_shared":true,"jetpack_social_options":{"image_generator_settings":{"template":"highway","enabled":false},"version":2}},"categories":[1],"tags":[],"class_list":["post-25019","post","type-post","status-publish","format-standard","hentry","category-notas"],"jetpack_publicize_connections":[],"jetpack_sharing_enabled":true,"jetpack_featured_media_url":"","jetpack_shortlink":"https:\/\/wp.me\/p7wKYW-6vx","jetpack-related-posts":[],"_links":{"self":[{"href":"http:\/\/blogdalucianaoliveira.com.br\/blog\/wp-json\/wp\/v2\/posts\/25019","targetHints":{"allow":["GET"]}}],"collection":[{"href":"http:\/\/blogdalucianaoliveira.com.br\/blog\/wp-json\/wp\/v2\/posts"}],"about":[{"href":"http:\/\/blogdalucianaoliveira.com.br\/blog\/wp-json\/wp\/v2\/types\/post"}],"author":[{"embeddable":true,"href":"http:\/\/blogdalucianaoliveira.com.br\/blog\/wp-json\/wp\/v2\/users\/1"}],"replies":[{"embeddable":true,"href":"http:\/\/blogdalucianaoliveira.com.br\/blog\/wp-json\/wp\/v2\/comments?post=25019"}],"version-history":[{"count":1,"href":"http:\/\/blogdalucianaoliveira.com.br\/blog\/wp-json\/wp\/v2\/posts\/25019\/revisions"}],"predecessor-version":[{"id":25020,"href":"http:\/\/blogdalucianaoliveira.com.br\/blog\/wp-json\/wp\/v2\/posts\/25019\/revisions\/25020"}],"wp:attachment":[{"href":"http:\/\/blogdalucianaoliveira.com.br\/blog\/wp-json\/wp\/v2\/media?parent=25019"}],"wp:term":[{"taxonomy":"category","embeddable":true,"href":"http:\/\/blogdalucianaoliveira.com.br\/blog\/wp-json\/wp\/v2\/categories?post=25019"},{"taxonomy":"post_tag","embeddable":true,"href":"http:\/\/blogdalucianaoliveira.com.br\/blog\/wp-json\/wp\/v2\/tags?post=25019"}],"curies":[{"name":"wp","href":"https:\/\/api.w.org\/{rel}","templated":true}]}}