{"id":25023,"date":"2019-11-18T17:24:54","date_gmt":"2019-11-18T21:24:54","guid":{"rendered":"http:\/\/blogdalucianaoliveira.com.br\/blog\/?p=25023"},"modified":"2019-11-18T17:24:54","modified_gmt":"2019-11-18T21:24:54","slug":"a-historia-por-tras-de-foto-viral-que-rendeu-vaga-em-escola-para-menina","status":"publish","type":"post","link":"http:\/\/blogdalucianaoliveira.com.br\/blog\/2019\/11\/18\/a-historia-por-tras-de-foto-viral-que-rendeu-vaga-em-escola-para-menina\/","title":{"rendered":"A hist\u00f3ria por tr\u00e1s de foto viral que rendeu vaga em escola para menina"},"content":{"rendered":"<p><img data-recalc-dims=\"1\" decoding=\"async\" src=\"https:\/\/i0.wp.com\/ichef.bbci.co.uk\/news\/660\/cpsprodpb\/106AE\/production\/_109664276_whatsappimage2019-11-14at10.15.13am.jpg?w=600&#038;ssl=1\" alt=\"A foto que viralizou do jornal\" \/><\/p>\n<p class=\"story-body__introduction\">Uma garota de cinco anos de uma cidade no sudeste da \u00cdndia conseguiu ser matriculada na escola depois que uma foto dela espreitando uma sala de aula viralizou e causou como\u00e7\u00e3o no pa\u00eds. Mas Deepthi Bathini, correspondente da BBC Telugu (servi\u00e7o da BBC em uma das l\u00ednguas oficiais da \u00cdndia), explica por que a foto n\u00e3o conta a hist\u00f3ria inteira.<!--more--><\/p>\n<p class=\"story-body__introduction\">Da BBC<\/p>\n<p>Divya se tornou uma esp\u00e9cie de celebridade na favela onde ela vive. A t\u00edmida garota de cinco anos foi fotografada acompanhando uma aula em p\u00e9, do lado de fora da sala, com uma tigela vazia na m\u00e3o.<\/p>\n<p>A tocante imagem foi publicada por um jornal telugu em 7 de novembro com a legenda &#8220;Olhar faminto&#8221;.<\/p>\n<p>E rapidamente chamou a aten\u00e7\u00e3o das pessoas. Ativistas de direitos das crian\u00e7as compartilharam a foto, lamentando que outra crian\u00e7a tinha negado seu direito de acesso \u00e0 alimenta\u00e7\u00e3o e \u00e0 educa\u00e7\u00e3o.<\/p>\n<p>O impacto foi imediato, e Divya foi matriculada no dia seguinte da publica\u00e7\u00e3o.<\/p>\n<p>Mas seu pai, Lakshman, afirma que a foto e a como\u00e7\u00e3o que ela provocou foram injustas com ele e sua mulher, Yashoda, que trabalha com limpeza.<\/p>\n<figure class=\"media-landscape has-caption full-width\"><span class=\"image-and-copyright-container\"><img data-recalc-dims=\"1\" loading=\"lazy\" decoding=\"async\" class=\"responsive-image__img js-image-replace\" src=\"https:\/\/i0.wp.com\/ichef.bbci.co.uk\/news\/624\/cpsprodpb\/17328\/production\/_109661059_divya2.jpg?resize=600%2C338&#038;ssl=1\" alt=\"Divya na escola\" width=\"600\" height=\"338\" data-highest-encountered-width=\"624\" \/><\/span><figcaption class=\"media-caption\"><span class=\"off-screen\">Image caption<\/span><span class=\"media-caption__text\">Divya foi matriculada no dia seguinte \u00e0 publica\u00e7\u00e3o da foto<\/span><\/figcaption><\/figure>\n<p>&#8220;Fiquei triste quando vi a foto&#8221;, disse ele \u00e0 BBC. &#8220;Divya tem pais e eles est\u00e3o trabalhando duro para dar um bom futuro a ela, mas ela foi retratada como uma \u00f3rf\u00e3 faminta.&#8221;<\/p>\n<p>Lakshman afirmou que aguardava que sua filha, Divya, completasse seis anos para que pudesse inscrev\u00ea-la na escola p\u00fablica onde suas outras duas filhas estudam.<\/p>\n<p>O casal tem tamb\u00e9m um filho, que terminou a escola e agora est\u00e1 tentando entrar na faculdade \u2014 enquanto isso, ele ajuda o pai, que trabalha como catador.<\/p>\n<h2 class=\"story-body__crosshead\">Quebrando o ciclo<\/h2>\n<p>Divya e seus pais moram numa casa de um quarto numa regi\u00e3o pobre no cora\u00e7\u00e3o de Hyderabad, capital do Estado de Telengana. A favela fica a cem metros da escola p\u00fablica onde Divya foi fotografada.<\/p>\n<p>A maioria das quase 300 fam\u00edlias que vivem ali s\u00e3o trabalhadores informais e pais de crian\u00e7as que estudam naquela escola.<\/p>\n<p>Em frente \u00e0 casa de Divya h\u00e1 diversas pilhas de pl\u00e1stico e de vidro, prontas para serem vendidas para reciclagem. O pai dela, Lakshman, afirma que ele e sua mulher ganham cerca 10 mil r\u00fapias mensais (cerca de R$ 580), que servem para comprar roupas e comidas.<\/p>\n<p>Eles n\u00e3o gastam com educa\u00e7\u00e3o porque os filhos est\u00e3o matriculados em escolas p\u00fablicas.<\/p>\n<p>Lakshman sabe o que \u00e9 sobreviver: ele cresceu sem os pais e sempre batalhou para conseguir uma renda. &#8220;Eu sempre quis que meus filhos tivessem uma vida diferente da minha. Ent\u00e3o, fiz com que todos fossem para a escola.&#8221;<\/p>\n<p>A foto da filha pequena, acrescenta, foi especialmente dolorosa porque naquele momento ele estava tomando conta tamb\u00e9m dos cinco filhos de seu irm\u00e3o.<\/p>\n<figure class=\"media-landscape has-caption full-width\"><span class=\"image-and-copyright-container\"><img data-recalc-dims=\"1\" loading=\"lazy\" decoding=\"async\" class=\"responsive-image__img js-image-replace\" src=\"https:\/\/i0.wp.com\/ichef.bbci.co.uk\/news\/624\/cpsprodpb\/AFD8\/production\/_109661054_divya1.jpg?resize=600%2C338&#038;ssl=1\" alt=\"Divya com o pai\" width=\"600\" height=\"338\" data-highest-encountered-width=\"624\" \/><\/span><figcaption class=\"media-caption\"><span class=\"off-screen\">Image caption<\/span><span class=\"media-caption__text\">Pai de Divya diz que interpreta\u00e7\u00e3o dada \u00e0 foto foi &#8216;injusta&#8217; com sua fam\u00edlia<\/span><\/figcaption><\/figure>\n<p>&#8220;Meu irm\u00e3o e minha cunhada morreram h\u00e1 algum tempo. Eu n\u00e3o queria que eles crescessem em orfanatos. Ent\u00e3o, eu coloquei todos em um albergue e tomo conta deles.&#8221;<\/p>\n<p>Quando questionado sobre o motivo para Divya ter ido \u00e0 escola do governo com uma tigela na m\u00e3o, Lakshman explica que muitas crian\u00e7as mais novas que moram naquela favela v\u00e3o \u00e0 escola para aproveitar a merenda. O governo oferece refei\u00e7\u00f5es para crian\u00e7as em mais de 1 milh\u00e3o de escolas.<\/p>\n<p>&#8220;Divya n\u00e3o vai l\u00e1 todos os dias, mas aconteceu de ela estar l\u00e1 naquele dia e algu\u00e9m ter fotografado&#8221;, afirma.<\/p>\n<h2 class=\"story-body__crosshead\">Redistribui\u00e7\u00e3o da merenda<\/h2>\n<p>Professores da escola confirmaram \u00e0 BBC que algumas crian\u00e7as trazem comida de casa, e por isso a institui\u00e7\u00e3o d\u00e1 as refei\u00e7\u00f5es restantes para crian\u00e7as mais novas que ainda n\u00e3o se matricularam.<\/p>\n<p>&#8220;Crian\u00e7as s\u00e3o crian\u00e7as. E n\u00e3o h\u00e1 creches ou centros de conviv\u00eancia para elas durante o dia, ent\u00e3o muitas delas ficam rondando a escola de um jeito ou de outro&#8221;, disse um professor, sob condi\u00e7\u00e3o de anonimato.<\/p>\n<figure class=\"media-landscape has-caption full-width\"><span class=\"image-and-copyright-container\"><img data-recalc-dims=\"1\" loading=\"lazy\" decoding=\"async\" class=\"responsive-image__img js-image-replace\" src=\"https:\/\/i0.wp.com\/ichef.bbci.co.uk\/news\/624\/cpsprodpb\/815C\/production\/_109661133_divya3.jpg?resize=600%2C338&#038;ssl=1\" alt=\"Divya na escola\" width=\"600\" height=\"338\" data-highest-encountered-width=\"624\" \/><\/span><figcaption class=\"media-caption\"><span class=\"off-screen\">Image caption<\/span><span class=\"media-caption__text\">Divya disse estar muito animada para seu primeiro dia na escola<\/span><\/figcaption><\/figure>\n<p>Lakshman e seus vizinhos dizem a falta de creches p\u00fablicas nas redondezas \u00e9 um grande problema, j\u00e1 que os pais n\u00e3o t\u00eam lugar para deixar seus filhos enquanto trabalham.<\/p>\n<p>O superintendente escolar da regi\u00e3o, SU Shivram Prasad, diz esperar que a aten\u00e7\u00e3o gerada pela foto de Divya acelere a cria\u00e7\u00e3o de uma creche. &#8220;Isso ajudar\u00e1 os pais e as crian\u00e7as a comerem refei\u00e7\u00f5es nutritivas.&#8221;<\/p>\n<p>Os professores da escola tamb\u00e9m esperam que os holofotes sobre a escola tragam tamb\u00e9m melhorias \u00e0s instala\u00e7\u00f5es. Eles dizem que h\u00e1 escassez aguda de pessoal e material did\u00e1tico, e a escola nem sequer possui um muro, o que significa que eles devem vigiar constantemente as crian\u00e7as durante os intervalos.<\/p>\n<p>Apesar dessas condi\u00e7\u00f5es, Divya est\u00e1 animada por estar indo para a escola. Ela insiste em levar a mochila com ela em todos os lugares, at\u00e9 ao parquinho. Al\u00e9m de dizer o nome dela, ela n\u00e3o responde a nenhuma pergunta.<\/p>\n<p>&#8220;Ela \u00e9 uma crian\u00e7a muito tranquila&#8221;, diz Lakshman, enquanto a filha segura sua m\u00e3o e a beija.<\/p>\n<p>E ele admite que, apesar de tudo, a foto trouxe algo de bom.<\/p>\n<p>&#8220;Agora, outras crian\u00e7as da idade de Divya tamb\u00e9m foram matriculadas na escola. Ent\u00e3o, isso tudo me deixou feliz.&#8221;<\/p>\n<div id=\"comp-pattern-library\" class=\"distinct-component-group container-parrot wsoj-component\" data-variation=\"default-0\">\n<aside class=\"parrot\"><\/aside>\n<\/div>\n","protected":false},"excerpt":{"rendered":"<p>Uma garota de cinco anos de uma cidade no sudeste da \u00cdndia conseguiu ser matriculada na escola depois que uma foto dela espreitando uma sala de aula viralizou e causou como\u00e7\u00e3o no pa\u00eds. Mas Deepthi Bathini, correspondente da BBC Telugu (servi\u00e7o da BBC em uma das l\u00ednguas oficiais da \u00cdndia), explica por que a foto&#8230;<a class=\"more-link\" href=\"http:\/\/blogdalucianaoliveira.com.br\/blog\/2019\/11\/18\/a-historia-por-tras-de-foto-viral-que-rendeu-vaga-em-escola-para-menina\/\">Continue a leitura <span class=\"meta-nav\">&raquo;<\/span><\/a><\/p>\n","protected":false},"author":1,"featured_media":0,"comment_status":"closed","ping_status":"open","sticky":false,"template":"","format":"standard","meta":{"_exactmetrics_skip_tracking":false,"_exactmetrics_sitenote_active":false,"_exactmetrics_sitenote_note":"","_exactmetrics_sitenote_category":0,"jetpack_post_was_ever_published":false,"_jetpack_newsletter_access":"","_jetpack_dont_email_post_to_subs":false,"_jetpack_newsletter_tier_id":0,"_jetpack_memberships_contains_paywalled_content":false,"_jetpack_memberships_contains_paid_content":false,"footnotes":"","jetpack_publicize_message":"","jetpack_publicize_feature_enabled":true,"jetpack_social_post_already_shared":true,"jetpack_social_options":{"image_generator_settings":{"template":"highway","enabled":false},"version":2}},"categories":[1],"tags":[],"class_list":["post-25023","post","type-post","status-publish","format-standard","hentry","category-notas"],"jetpack_publicize_connections":[],"jetpack_sharing_enabled":true,"jetpack_featured_media_url":"","jetpack_shortlink":"https:\/\/wp.me\/p7wKYW-6vB","jetpack-related-posts":[],"_links":{"self":[{"href":"http:\/\/blogdalucianaoliveira.com.br\/blog\/wp-json\/wp\/v2\/posts\/25023","targetHints":{"allow":["GET"]}}],"collection":[{"href":"http:\/\/blogdalucianaoliveira.com.br\/blog\/wp-json\/wp\/v2\/posts"}],"about":[{"href":"http:\/\/blogdalucianaoliveira.com.br\/blog\/wp-json\/wp\/v2\/types\/post"}],"author":[{"embeddable":true,"href":"http:\/\/blogdalucianaoliveira.com.br\/blog\/wp-json\/wp\/v2\/users\/1"}],"replies":[{"embeddable":true,"href":"http:\/\/blogdalucianaoliveira.com.br\/blog\/wp-json\/wp\/v2\/comments?post=25023"}],"version-history":[{"count":1,"href":"http:\/\/blogdalucianaoliveira.com.br\/blog\/wp-json\/wp\/v2\/posts\/25023\/revisions"}],"predecessor-version":[{"id":25024,"href":"http:\/\/blogdalucianaoliveira.com.br\/blog\/wp-json\/wp\/v2\/posts\/25023\/revisions\/25024"}],"wp:attachment":[{"href":"http:\/\/blogdalucianaoliveira.com.br\/blog\/wp-json\/wp\/v2\/media?parent=25023"}],"wp:term":[{"taxonomy":"category","embeddable":true,"href":"http:\/\/blogdalucianaoliveira.com.br\/blog\/wp-json\/wp\/v2\/categories?post=25023"},{"taxonomy":"post_tag","embeddable":true,"href":"http:\/\/blogdalucianaoliveira.com.br\/blog\/wp-json\/wp\/v2\/tags?post=25023"}],"curies":[{"name":"wp","href":"https:\/\/api.w.org\/{rel}","templated":true}]}}