{"id":25025,"date":"2019-11-18T17:33:49","date_gmt":"2019-11-18T21:33:49","guid":{"rendered":"http:\/\/blogdalucianaoliveira.com.br\/blog\/?p=25025"},"modified":"2019-11-18T17:33:49","modified_gmt":"2019-11-18T21:33:49","slug":"bolivia-a-anatomia-de-um-golpe-por-slavoj-zizek","status":"publish","type":"post","link":"http:\/\/blogdalucianaoliveira.com.br\/blog\/2019\/11\/18\/bolivia-a-anatomia-de-um-golpe-por-slavoj-zizek\/","title":{"rendered":"Bol\u00edvia: a anatomia de um golpe. Por Slavoj \u017di\u017eek"},"content":{"rendered":"<p><img data-recalc-dims=\"1\" loading=\"lazy\" decoding=\"async\" class=\"wp-image-411675 size-large\" src=\"https:\/\/i0.wp.com\/www.diariodocentrodomundo.com.br\/wp-content\/uploads\/2019\/11\/bolivia-golpe-2-600x450.jpg?resize=600%2C450&#038;ssl=1\" sizes=\"auto, (max-width: 600px) 100vw, 600px\" srcset=\"https:\/\/www.diariodocentrodomundo.com.br\/wp-content\/uploads\/2019\/11\/bolivia-golpe-2-600x450.jpg 600w, https:\/\/www.diariodocentrodomundo.com.br\/wp-content\/uploads\/2019\/11\/bolivia-golpe-2-300x225.jpg 300w, https:\/\/www.diariodocentrodomundo.com.br\/wp-content\/uploads\/2019\/11\/bolivia-golpe-2-560x420.jpg 560w, https:\/\/www.diariodocentrodomundo.com.br\/wp-content\/uploads\/2019\/11\/bolivia-golpe-2-80x60.jpg 80w, https:\/\/www.diariodocentrodomundo.com.br\/wp-content\/uploads\/2019\/11\/bolivia-golpe-2-100x75.jpg 100w, https:\/\/www.diariodocentrodomundo.com.br\/wp-content\/uploads\/2019\/11\/bolivia-golpe-2-180x135.jpg 180w, https:\/\/www.diariodocentrodomundo.com.br\/wp-content\/uploads\/2019\/11\/bolivia-golpe-2-238x178.jpg 238w, https:\/\/www.diariodocentrodomundo.com.br\/wp-content\/uploads\/2019\/11\/bolivia-golpe-2.jpg 620w\" alt=\"\" width=\"600\" height=\"450\" \/><\/p>\n<p>Embora eu seja por mais de uma d\u00e9cada um firme apoiador de Evo Morales, devo admitir que, depois de ter lido sobre a confus\u00e3o que se seguiu a controversa vit\u00f3ria eleitoral de Morales, fiquei mergulhado em d\u00favidas\u2026 Teria ele tamb\u00e9m sucumbido \u00e0 tenta\u00e7\u00e3o autorit\u00e1ria, como ocorreu com muitos esquerdistas radicais no poder? Contudo, depois de um ou dois dias, as coisas logo ficaram claras.<!--more--><\/p>\n<p>No Blog da Boitempo<\/p>\n<p>por\u00a0Slavoj \u017di\u017eek<\/p>\n<p>Brandindo uma enorme B\u00edblia encadernada em couro e se autoproclamando presidente interina da Bol\u00edvia, Jeanine A\u00f1es, a segunda vice-presidente do Senado declarou: \u201cA B\u00edblia retornou ao pal\u00e1cio do governo.\u201d E emendou: \u201cQueremos ser uma ferramenta democr\u00e1tica de inclus\u00e3o e unidade\u201d. O rec\u00e9m-empossado gabinete de transi\u00e7\u00e3o, contudo, n\u00e3o continha uma \u00fanica pessoa ind\u00edgena. E isso j\u00e1 diz tudo. Embora a maioria da popula\u00e7\u00e3o da Bol\u00edvia seja composta de ind\u00edgenas ou mesti\u00e7os, at\u00e9 a ascens\u00e3o de Morales esses setores eram efetivamente exclu\u00eddos da vida pol\u00edtica, reduzidos \u00e0 maioria silenciosa daqueles que fazem seu trabalho sujo nas sombras. O que aconteceu com Morales foi o despertar pol\u00edtico dessa maioria silenciosa que n\u00e3o se enquadrava na rede de rela\u00e7\u00f5es capitalistas. N\u00e3o eram ainda prolet\u00e1rios no sentido moderno, permaneciam imersos em suas identidades sociais tribais pr\u00e9-modernas \u2013 foi assim que\u00a0\u00c1lvaro Garc\u00eda Linera, o vice de Morales, descreveu a situa\u00e7\u00e3o:<\/p>\n<div class=\"code-block code-block-1\">\n<p>\u201cNa Bol\u00edvia, a comida era produzida por agricultores ind\u00edgenas, pr\u00e9dios e casas eram constru\u00eddas por trabalhadores ind\u00edgenas, as ruas eram limpas por pessoas ind\u00edgenas, e a elite e as classes m\u00e9dias encarregava a eles o cuidado de seus filhos. No entanto, a esquerda tradicional parecia cega para isso e se ocupava somente com trabalhadores na grande ind\u00fastria, dando pouca aten\u00e7\u00e3o \u00e0 identidade \u00e9tnica desses sujeitos.\u201d<\/p>\n<p><sup>\u00c1lvaro Garcia Linera, em entrevista a Marcello Musto para a\u00a0<em><a href=\"https:\/\/truthout.org\/articles\/bolivian-vice-president-alvaro-garcia-linera-on-marx-and-indigenous-politics\/\">Truth Out<\/a><\/em>, 9 nov. 2019.<\/sup><\/p>\n<p>Para compreend\u00ea-los, precisamos incorporar nesse quadro o peso hist\u00f3rico da condi\u00e7\u00e3o deles: essas pessoas s\u00e3o os sobreviventes de possivelmente o maior holocausto da hist\u00f3ria da humanidade, a oblitera\u00e7\u00e3o das comunidades ind\u00edgenas pela coloniza\u00e7\u00e3o espanhola e inglesa das Am\u00e9ricas.<\/p>\n<p>A express\u00e3o religiosa do estatuto pr\u00e9-moderno deles \u00e9 a combina\u00e7\u00e3o \u00fanica entre catolicismo e a cren\u00e7a na Pacha Mama, a figura da M\u00e3e Terra. \u00c9 por isso que, embora Morales tenha se declarado cat\u00f3lico, na Constitui\u00e7\u00e3o Boliviana vigente (promulgada em 2009), a Igreja Cat\u00f3lica Romana perdeu seu\u00a0<em>status<\/em>\u00a0oficial. No artigo quarto do documento l\u00ea-se: \u201cO Estado respeita e garante a liberdade de religi\u00e3o e de cren\u00e7as religiosas, conforma as cosmovis\u00f5es de cada indiv\u00edduo. O Estado \u00e9 independente da religi\u00e3o.\u201d \u00c9 contra essa afirma\u00e7\u00e3o da cultura ind\u00edgena que o gesto de A\u00f1ez de exibir a B\u00edblia \u00e9 direcionado. A mensagem \u00e9 clara: uma afirma\u00e7\u00e3o aberta de supremacismo religioso branco, e uma tentativa n\u00e3o menos aberta de colocar a maioria silenciosa de volta a seu devido lugar de subordina\u00e7\u00e3o. Do M\u00e9xico, onde atualmente encontra-se exilado, Morales j\u00e1 apelou ao Papa para que intervenha. A rea\u00e7\u00e3o do pont\u00edfice vai nos dizer muito. Ser\u00e1 que Francisco reagir\u00e1 como um verdadeiro crist\u00e3o e rejeitar\u00e1 de maneira firme a re-catoliciza\u00e7\u00e3o for\u00e7ada da Bol\u00edvia como aquilo que ela realmente \u00e9, a saber, como uma jogada pol\u00edtica de poder que trai o\u00a0n\u00facleo emancipat\u00f3rio do cristianismo?<\/p>\n<p>Se deixarmos de lado o poss\u00edvel papel do l\u00edtio no golpe (a Bol\u00edvia possui grandes reservas de l\u00edtio, mat\u00e9ria-prima das baterias dos carros el\u00e9tricos), a grande quest\u00e3o \u00e9: por que a Bol\u00edvia representa, por mais de uma d\u00e9cada, um inc\u00f4modo t\u00e3o grande ao\u00a0<em>establishment<\/em>\u00a0liberal ocidental? O motivo \u00e9 muito peculiar: o fato surpreendente de que o despertar pol\u00edtico do tribalismo pr\u00e9-moderno na Bol\u00edvia n\u00e3o resultou em uma nova vers\u00e3o do Sendero Luminoso ou do show de horrores do Khmer Rouge. O governo Morales n\u00e3o se enquadra na hist\u00f3ria conhecida da esquerda radical que, ao tomar o poder, estragou tudo econ\u00f4mica e politicamente, gerando pobreza e passou a manter seu poder por meio de medidas autorit\u00e1rias. Uma prova do car\u00e1ter n\u00e3o-autorit\u00e1rio do governo Morales \u00e9 que ele n\u00e3o expurgou militares e for\u00e7as policiais de seus opositores (raz\u00e3o pela qual eles se voltaram contra ele).<\/p>\n<p>Morales e seus seguidores, \u00e9 claro, n\u00e3o eram perfeitos: eles cometeram erros, havia conflitos de interesse no interior de seu movimento. No entanto, o balan\u00e7o geral \u00e9 realmente impressionante. Morales n\u00e3o era Ch\u00e1vez, ele n\u00e3o dispunha de recursos do petr\u00f3leo para debelar seus problemas, de forma que seu governo precisou realizar um trabalho duro e paciente de resolu\u00e7\u00e3o de problemas no pa\u00eds mais pobre da Am\u00e9rica Latina. O resultado n\u00e3o foi nada menos do que milagroso: a economia deslanchou, os \u00edndices de pobreza ca\u00edram e a sa\u00fade p\u00fablica melhorou \u2013 e tudo isso garantindo que as institui\u00e7\u00f5es democr\u00e1ticas t\u00e3o caras aos liberais continuaram funcionando. O governo Morales manteve um equil\u00edbrio delicado entre formas ind\u00edgenas de atividade comunal e pol\u00edtica moderna, lutando simultaneamente por tradi\u00e7\u00e3o e pautas como os direitos das mulheres.<\/p>\n<p>Para que seja contada a hist\u00f3ria inteira do golpe na Bol\u00edvia, precisamos de um novo Assange parra trazer \u00e0 tona documentos secretos relevantes. O que \u00e9 poss\u00edvel ver agora \u00e9 que foi precisamente por terem sido bem-sucedidos que Morales, Linera e seus seguidores representavam um inc\u00f4modo t\u00e3o grande ao\u00a0<em>establishment<\/em>\u00a0liberal: por mais de uma d\u00e9cada a esquerda radical esteve no poder na Bol\u00edvia e o pa\u00eds n\u00e3o \u201cvirou uma Cuba ou uma Venezuela\u201d. O socialismo democr\u00e1tico \u00e9 poss\u00edvel.<\/p>\n<div id=\"attachment_22727\" class=\"wp-caption alignnone\"><a href=\"https:\/\/boitempoeditorial.files.wordpress.com\/2019\/11\/0009043325.jpg\" rel=\"prettyPhoto\"><img data-recalc-dims=\"1\" loading=\"lazy\" decoding=\"async\" data-attachment-id=\"22727\" data-permalink=\"http:\/\/blogdalucianaoliveira.com.br\/blog\/2019\/07\/09\/governo-libera-emendas-para-comprar-votos-para-previdencia\/9f8196e7-8764-4456-bc5b-f40ba6364b8b\/\" data-orig-file=\"https:\/\/i0.wp.com\/blogdalucianaoliveira.com.br\/blog\/wp-content\/uploads\/2019\/07\/9F8196E7-8764-4456-BC5B-F40BA6364B8B.jpeg?fit=500%2C240\" data-orig-size=\"500,240\" data-comments-opened=\"0\" data-image-meta=\"{&quot;aperture&quot;:&quot;0&quot;,&quot;credit&quot;:&quot;&quot;,&quot;camera&quot;:&quot;&quot;,&quot;caption&quot;:&quot;&quot;,&quot;created_timestamp&quot;:&quot;0&quot;,&quot;copyright&quot;:&quot;&quot;,&quot;focal_length&quot;:&quot;0&quot;,&quot;iso&quot;:&quot;0&quot;,&quot;shutter_speed&quot;:&quot;0&quot;,&quot;title&quot;:&quot;&quot;,&quot;orientation&quot;:&quot;0&quot;}\" data-image-title=\"9F8196E7-8764-4456-BC5B-F40BA6364B8B\" data-image-description=\"\" data-image-caption=\"\" data-medium-file=\"https:\/\/i0.wp.com\/blogdalucianaoliveira.com.br\/blog\/wp-content\/uploads\/2019\/07\/9F8196E7-8764-4456-BC5B-F40BA6364B8B.jpeg?fit=300%2C144\" data-large-file=\"https:\/\/i0.wp.com\/blogdalucianaoliveira.com.br\/blog\/wp-content\/uploads\/2019\/07\/9F8196E7-8764-4456-BC5B-F40BA6364B8B.jpeg?fit=500%2C240\" class=\"wp-image-22727 size-large\" src=\"https:\/\/boitempoeditorial.files.wordpress.com\/2019\/11\/0009043325.jpg?w=620&#038;h=379&#038;fit=620%2C379&#038;resize=600%2C367\" alt=\"\" width=\"600\" height=\"367\" \/><\/a><\/p>\n<p id=\"caption-attachment-22727\" class=\"wp-caption-text\">Ao lado de Garc\u00eda Linera, Evo Morales faz pronunciamento para imprensa ap\u00f3s desembarcar no M\u00e9xico, pa\u00eds que lhes concedeu asilo pol\u00edtico.<\/p>\n<\/div>\n<p>* * *<\/p>\n<p><strong>Slavoj \u017di\u017eek<\/strong>\u00a0nasceu na cidade de Liubliana, Eslov\u00eania, em 1949. \u00c9 fil\u00f3sofo, psicanalista e um dos principais te\u00f3ricos contempor\u00e2neos. Transita por diversas \u00e1reas do conhecimento e, sob influ\u00eancia principalmente de Karl Marx e Jacques Lacan, efetua uma inovadora cr\u00edtica cultural e pol\u00edtica da p\u00f3s-modernidade. Professor da European Graduate School e do Instituto de Sociologia da Universidade de Liubliana, \u017di\u017eek preside a Society for Theoretical Psychoanalysis, de Liubliana, e \u00e9 um dos diretores do centro de humanidades da University of London. Dele, a Boitempo publicou\u00a0<em>Bem-vindo ao deserto do Real!\u00a0<\/em>(2003),\u00a0<em>\u00c0s portas da revolu\u00e7\u00e3o (escritos de Lenin de 1917)<\/em>\u00a0(2005),\u00a0<em>A vis\u00e3o em paralaxe<\/em>\u00a0(2008),\u00a0<em>Lacrimae rerum<\/em>\u00a0(2009),\u00a0<em>Em defesa das causas perdidas<\/em>,\u00a0<em>Primeiro como trag\u00e9dia, depois como farsa\u00a0<\/em>(ambos de 2011),\u00a0<em>Vivendo no fim dos tempos<\/em>\u00a0(2012),\u00a0<em>O ano em que sonhamos perigosamente<\/em>\u00a0(2012),\u00a0<em>Menos que nada<\/em>\u00a0(2013),\u00a0<em>Viol\u00eancia<\/em>\u00a0(2014),\u00a0\u00a0<em>O absoluto fr\u00e1gil\u00a0<\/em>(2015) e\u00a0<em>O sujeito inc\u00f4modo: o centro ausente da ontologia pol\u00edtica\u00a0<\/em>(2016). Colabora com o\u00a0<strong>Blog da Boitempo<\/strong>\u00a0esporadicamente.<\/p>\n<div id=\"execphp-21\" class=\"td_block_template_1 widget widget_execphp\"><\/div>\n<div id=\"execphp-17\" class=\"td_block_template_1 widget widget_execphp\"><\/div>\n<div id=\"execphp-4\" class=\"td_block_template_1 widget widget_execphp\"><\/div>\n<div class=\"teads-inread sm-screen\"><\/div>\n<\/div>\n","protected":false},"excerpt":{"rendered":"<p>Embora eu seja por mais de uma d\u00e9cada um firme apoiador de Evo Morales, devo admitir que, depois de ter lido sobre a confus\u00e3o que se seguiu a controversa vit\u00f3ria eleitoral de Morales, fiquei mergulhado em d\u00favidas\u2026 Teria ele tamb\u00e9m sucumbido \u00e0 tenta\u00e7\u00e3o autorit\u00e1ria, como ocorreu com muitos esquerdistas radicais no poder? Contudo, depois de&#8230;<a class=\"more-link\" href=\"http:\/\/blogdalucianaoliveira.com.br\/blog\/2019\/11\/18\/bolivia-a-anatomia-de-um-golpe-por-slavoj-zizek\/\">Continue a leitura <span class=\"meta-nav\">&raquo;<\/span><\/a><\/p>\n","protected":false},"author":1,"featured_media":0,"comment_status":"closed","ping_status":"open","sticky":false,"template":"","format":"standard","meta":{"_exactmetrics_skip_tracking":false,"_exactmetrics_sitenote_active":false,"_exactmetrics_sitenote_note":"","_exactmetrics_sitenote_category":0,"jetpack_post_was_ever_published":false,"_jetpack_newsletter_access":"","_jetpack_dont_email_post_to_subs":false,"_jetpack_newsletter_tier_id":0,"_jetpack_memberships_contains_paywalled_content":false,"_jetpack_memberships_contains_paid_content":false,"footnotes":"","jetpack_publicize_message":"","jetpack_publicize_feature_enabled":true,"jetpack_social_post_already_shared":true,"jetpack_social_options":{"image_generator_settings":{"template":"highway","enabled":false},"version":2}},"categories":[1],"tags":[],"class_list":["post-25025","post","type-post","status-publish","format-standard","hentry","category-notas"],"jetpack_publicize_connections":[],"jetpack_sharing_enabled":true,"jetpack_featured_media_url":"","jetpack_shortlink":"https:\/\/wp.me\/p7wKYW-6vD","jetpack-related-posts":[],"_links":{"self":[{"href":"http:\/\/blogdalucianaoliveira.com.br\/blog\/wp-json\/wp\/v2\/posts\/25025","targetHints":{"allow":["GET"]}}],"collection":[{"href":"http:\/\/blogdalucianaoliveira.com.br\/blog\/wp-json\/wp\/v2\/posts"}],"about":[{"href":"http:\/\/blogdalucianaoliveira.com.br\/blog\/wp-json\/wp\/v2\/types\/post"}],"author":[{"embeddable":true,"href":"http:\/\/blogdalucianaoliveira.com.br\/blog\/wp-json\/wp\/v2\/users\/1"}],"replies":[{"embeddable":true,"href":"http:\/\/blogdalucianaoliveira.com.br\/blog\/wp-json\/wp\/v2\/comments?post=25025"}],"version-history":[{"count":1,"href":"http:\/\/blogdalucianaoliveira.com.br\/blog\/wp-json\/wp\/v2\/posts\/25025\/revisions"}],"predecessor-version":[{"id":25026,"href":"http:\/\/blogdalucianaoliveira.com.br\/blog\/wp-json\/wp\/v2\/posts\/25025\/revisions\/25026"}],"wp:attachment":[{"href":"http:\/\/blogdalucianaoliveira.com.br\/blog\/wp-json\/wp\/v2\/media?parent=25025"}],"wp:term":[{"taxonomy":"category","embeddable":true,"href":"http:\/\/blogdalucianaoliveira.com.br\/blog\/wp-json\/wp\/v2\/categories?post=25025"},{"taxonomy":"post_tag","embeddable":true,"href":"http:\/\/blogdalucianaoliveira.com.br\/blog\/wp-json\/wp\/v2\/tags?post=25025"}],"curies":[{"name":"wp","href":"https:\/\/api.w.org\/{rel}","templated":true}]}}