{"id":25030,"date":"2019-11-19T08:27:48","date_gmt":"2019-11-19T12:27:48","guid":{"rendered":"http:\/\/blogdalucianaoliveira.com.br\/blog\/?p=25030"},"modified":"2019-11-19T08:27:48","modified_gmt":"2019-11-19T12:27:48","slug":"america-latina-lidera-trabalho-infantil-em-cadeias-produtivas","status":"publish","type":"post","link":"http:\/\/blogdalucianaoliveira.com.br\/blog\/2019\/11\/19\/america-latina-lidera-trabalho-infantil-em-cadeias-produtivas\/","title":{"rendered":"Am\u00e9rica Latina lidera trabalho infantil em cadeias produtivas"},"content":{"rendered":"<p><img data-recalc-dims=\"1\" loading=\"lazy\" decoding=\"async\" data-attachment-id=\"25031\" data-permalink=\"http:\/\/blogdalucianaoliveira.com.br\/blog\/2019\/11\/19\/america-latina-lidera-trabalho-infantil-em-cadeias-produtivas\/fbf60ad9-e5ff-4aaa-ae62-8ac5e9468ea9\/\" data-orig-file=\"https:\/\/i0.wp.com\/blogdalucianaoliveira.com.br\/blog\/wp-content\/uploads\/2019\/11\/FBF60AD9-E5FF-4AAA-AE62-8AC5E9468EA9.jpeg?fit=560%2C374\" data-orig-size=\"560,374\" data-comments-opened=\"0\" data-image-meta=\"{&quot;aperture&quot;:&quot;0&quot;,&quot;credit&quot;:&quot;&quot;,&quot;camera&quot;:&quot;&quot;,&quot;caption&quot;:&quot;&quot;,&quot;created_timestamp&quot;:&quot;0&quot;,&quot;copyright&quot;:&quot;&quot;,&quot;focal_length&quot;:&quot;0&quot;,&quot;iso&quot;:&quot;0&quot;,&quot;shutter_speed&quot;:&quot;0&quot;,&quot;title&quot;:&quot;&quot;,&quot;orientation&quot;:&quot;0&quot;}\" data-image-title=\"FBF60AD9-E5FF-4AAA-AE62-8AC5E9468EA9\" data-image-description=\"\" data-image-caption=\"\" data-medium-file=\"https:\/\/i0.wp.com\/blogdalucianaoliveira.com.br\/blog\/wp-content\/uploads\/2019\/11\/FBF60AD9-E5FF-4AAA-AE62-8AC5E9468EA9.jpeg?fit=300%2C200\" data-large-file=\"https:\/\/i0.wp.com\/blogdalucianaoliveira.com.br\/blog\/wp-content\/uploads\/2019\/11\/FBF60AD9-E5FF-4AAA-AE62-8AC5E9468EA9.jpeg?fit=560%2C374\" src=\"https:\/\/i0.wp.com\/blogdalucianaoliveira.com.br\/blog\/wp-content\/uploads\/2019\/11\/FBF60AD9-E5FF-4AAA-AE62-8AC5E9468EA9.jpeg?resize=560%2C374\" alt=\"FBF60AD9-E5FF-4AAA-AE62-8AC5E9468EA9\" width=\"560\" height=\"374\" class=\"alignnone size-full wp-image-25031\" srcset=\"https:\/\/i0.wp.com\/blogdalucianaoliveira.com.br\/blog\/wp-content\/uploads\/2019\/11\/FBF60AD9-E5FF-4AAA-AE62-8AC5E9468EA9.jpeg?w=560 560w, https:\/\/i0.wp.com\/blogdalucianaoliveira.com.br\/blog\/wp-content\/uploads\/2019\/11\/FBF60AD9-E5FF-4AAA-AE62-8AC5E9468EA9.jpeg?resize=300%2C200 300w, https:\/\/i0.wp.com\/blogdalucianaoliveira.com.br\/blog\/wp-content\/uploads\/2019\/11\/FBF60AD9-E5FF-4AAA-AE62-8AC5E9468EA9.jpeg?resize=449%2C300 449w\" sizes=\"auto, (max-width: 560px) 100vw, 560px\" \/><\/p>\n<p>ONU tem o p\u00e9ssimo h\u00e1bito de esconder o nome de empresas que violam direitos.<!--more--><\/p>\n<p>No Brasil de Fato<\/p>\n<p>Um relat\u00f3rio conduzido por quadro organismos internacionais, divulgado semana passada, faz uma an\u00e1lise sobre a rela\u00e7\u00e3o entre cadeias produtivas e trabalho infantil. Segundo o estudo, 26% da m\u00e3o de obra nos elos iniciais das cadeias produtivas, na Am\u00e9rica Latina, \u00e9 formada por crian\u00e7as e adolescentes. <\/p>\n<p>As cadeias produtivas s\u00e3o assim chamadas por representarem os diferentes est\u00e1gios que comp\u00f5e a produ\u00e7\u00e3o de uma mercadoria. Quem acompanha esta coluna tem visto, com frequ\u00eancia, rela\u00e7\u00f5es entre cadeias produtivas e viola\u00e7\u00f5es de direitos humanos. Isso acontece porque, ao investigar uma cadeia produtiva \u00e9 poss\u00edvel identificar os agentes que financiam pr\u00e1ticas ilegais. <\/p>\n<p>As viola\u00e7\u00f5es sempre t\u00eam agentes financiadores e s\u00e3o eles que lucram. Para se proteger de den\u00fancias, atuam com atravessadores ou intermedi\u00e1rios, com o prop\u00f3sito de ocultar pr\u00e1ticas danosas.<\/p>\n<p>Os elos intermedi\u00e1rios e os atravessadores s\u00e3o dif\u00edceis de detectar, pois eles existem para embaralhar o cen\u00e1rio. Sempre que h\u00e1 uma viola\u00e7\u00e3o, h\u00e1 uma estrat\u00e9gia para ocult\u00e1-la, com o prop\u00f3sito de proteger quem est\u00e1 no topo da cadeia produtiva: grandes marcas dos setores de alimentos, roupas, medicamentos, minera\u00e7\u00e3o, autom\u00f3veis e equipamentos eletr\u00f4nicos.  <\/p>\n<p>Dados do relat\u00f3rio<\/p>\n<p>O relat\u00f3rio intitulado \u201cFim do trabalho infantil, trabalho for\u00e7ado e tr\u00e1fico humano nas cadeias produtivas\u201d foi produzido pela Organiza\u00e7\u00e3o Internacional do Trabalho (OIT), Organiza\u00e7\u00e3o para a Coopera\u00e7\u00e3o e Desenvolvimento Econ\u00f4mico (OCDE), Organiza\u00e7\u00e3o Internacional para Migra\u00e7\u00e3o (OIM) e Fundo das Na\u00e7\u00f5es Unidas para a Inf\u00e2ncia (UNICEF).<\/p>\n<p>Segundo a Organiza\u00e7\u00e3o das Na\u00e7\u00f5es Unidas (ONU), o documento fornece, pela primeira vez, estimativas de trabalho infantil em cadeias produtivas: 26% na Am\u00e9rica Latina e Caribe, 12% no sul e centro da \u00c1sia, 12% na \u00c1frica Subsaariana, 9% no Norte da \u00c1frica e \u00c1sia Ocidental. As estimativas foram feitas ao combinar dados de trabalho infantil com fluxos de mercadorias em diferentes setores da economia, com destaque para alimentos e extrativismo.<\/p>\n<p>ONU omite nomes das empresas<\/p>\n<p>A ONU tem o p\u00e9ssimo h\u00e1bito de esconder do p\u00fablico o nome de empresas que violam direitos humanos em cadeias produtivas. Essa pr\u00e1tica \u00e9 conhecida e criticada por ativistas ao redor do mundo. Sob o question\u00e1vel argumento de que o objetivo n\u00e3o \u00e9 denunciar, mas promover o di\u00e1logo tripartite, empresas que violam direitos se veem na confort\u00e1vel situa\u00e7\u00e3o de n\u00e3o serem confrontadas, tanto pela ONU quanto pelos seus organismos. Nesse cen\u00e1rio, informa\u00e7\u00f5es s\u00e3o sonegadas \u00e0 sociedade, o que acaba por proteger multinacionais que violam direitos humanos ao redor do planeta.<\/p>\n<p>O relat\u00f3rio aqui mencionado, por exemplo, tinha todas as condi\u00e7\u00f5es de citar as empresas que mais usam trabalho infantil em cadeias produtivas. Essas informa\u00e7\u00f5es s\u00e3o conhecidas pelos t\u00e9cnicos das Na\u00e7\u00f5es Unidas, mas permanecem guardadas em arquivos criptografados.<\/p>\n<p>Vamos torcer para que os arquivos secretos da ONU sejam abertos e iluminados pela luz do conhecimento, este sim, o dispositivo capaz de mudar o mundo.<\/p>\n<p>Edi\u00e7\u00e3o: Julia Chequer<\/p>\n","protected":false},"excerpt":{"rendered":"<p>ONU tem o p\u00e9ssimo h\u00e1bito de esconder o nome de empresas que violam direitos.<\/p>\n","protected":false},"author":1,"featured_media":0,"comment_status":"closed","ping_status":"open","sticky":false,"template":"","format":"standard","meta":{"_exactmetrics_skip_tracking":false,"_exactmetrics_sitenote_active":false,"_exactmetrics_sitenote_note":"","_exactmetrics_sitenote_category":0,"jetpack_post_was_ever_published":false,"_jetpack_newsletter_access":"","_jetpack_dont_email_post_to_subs":false,"_jetpack_newsletter_tier_id":0,"_jetpack_memberships_contains_paywalled_content":false,"_jetpack_memberships_contains_paid_content":false,"footnotes":"","jetpack_publicize_message":"","jetpack_publicize_feature_enabled":true,"jetpack_social_post_already_shared":true,"jetpack_social_options":{"image_generator_settings":{"template":"highway","enabled":false},"version":2}},"categories":[1],"tags":[],"class_list":["post-25030","post","type-post","status-publish","format-standard","hentry","category-notas"],"jetpack_publicize_connections":[],"jetpack_sharing_enabled":true,"jetpack_featured_media_url":"","jetpack_shortlink":"https:\/\/wp.me\/p7wKYW-6vI","jetpack-related-posts":[],"_links":{"self":[{"href":"http:\/\/blogdalucianaoliveira.com.br\/blog\/wp-json\/wp\/v2\/posts\/25030","targetHints":{"allow":["GET"]}}],"collection":[{"href":"http:\/\/blogdalucianaoliveira.com.br\/blog\/wp-json\/wp\/v2\/posts"}],"about":[{"href":"http:\/\/blogdalucianaoliveira.com.br\/blog\/wp-json\/wp\/v2\/types\/post"}],"author":[{"embeddable":true,"href":"http:\/\/blogdalucianaoliveira.com.br\/blog\/wp-json\/wp\/v2\/users\/1"}],"replies":[{"embeddable":true,"href":"http:\/\/blogdalucianaoliveira.com.br\/blog\/wp-json\/wp\/v2\/comments?post=25030"}],"version-history":[{"count":1,"href":"http:\/\/blogdalucianaoliveira.com.br\/blog\/wp-json\/wp\/v2\/posts\/25030\/revisions"}],"predecessor-version":[{"id":25032,"href":"http:\/\/blogdalucianaoliveira.com.br\/blog\/wp-json\/wp\/v2\/posts\/25030\/revisions\/25032"}],"wp:attachment":[{"href":"http:\/\/blogdalucianaoliveira.com.br\/blog\/wp-json\/wp\/v2\/media?parent=25030"}],"wp:term":[{"taxonomy":"category","embeddable":true,"href":"http:\/\/blogdalucianaoliveira.com.br\/blog\/wp-json\/wp\/v2\/categories?post=25030"},{"taxonomy":"post_tag","embeddable":true,"href":"http:\/\/blogdalucianaoliveira.com.br\/blog\/wp-json\/wp\/v2\/tags?post=25030"}],"curies":[{"name":"wp","href":"https:\/\/api.w.org\/{rel}","templated":true}]}}