{"id":25043,"date":"2019-11-19T11:52:00","date_gmt":"2019-11-19T15:52:00","guid":{"rendered":"http:\/\/blogdalucianaoliveira.com.br\/blog\/?p=25043"},"modified":"2019-11-19T11:52:00","modified_gmt":"2019-11-19T15:52:00","slug":"mais-de-100-mil-criancas-estao-retidas-pela-imigracao-dos-estados-unidos","status":"publish","type":"post","link":"http:\/\/blogdalucianaoliveira.com.br\/blog\/2019\/11\/19\/mais-de-100-mil-criancas-estao-retidas-pela-imigracao-dos-estados-unidos\/","title":{"rendered":"Mais de 100 mil crian\u00e7as est\u00e3o retidas pela imigra\u00e7\u00e3o dos Estados Unidos"},"content":{"rendered":"<p><img data-recalc-dims=\"1\" loading=\"lazy\" decoding=\"async\" data-attachment-id=\"25044\" data-permalink=\"http:\/\/blogdalucianaoliveira.com.br\/blog\/2019\/11\/19\/mais-de-100-mil-criancas-estao-retidas-pela-imigracao-dos-estados-unidos\/ffba9162-c241-4161-88b5-904df414cac6\/\" data-orig-file=\"https:\/\/i0.wp.com\/blogdalucianaoliveira.com.br\/blog\/wp-content\/uploads\/2019\/11\/FFBA9162-C241-4161-88B5-904DF414CAC6.jpeg?fit=1024%2C578\" data-orig-size=\"1024,578\" data-comments-opened=\"0\" data-image-meta=\"{&quot;aperture&quot;:&quot;0&quot;,&quot;credit&quot;:&quot;&quot;,&quot;camera&quot;:&quot;&quot;,&quot;caption&quot;:&quot;&quot;,&quot;created_timestamp&quot;:&quot;0&quot;,&quot;copyright&quot;:&quot;&quot;,&quot;focal_length&quot;:&quot;0&quot;,&quot;iso&quot;:&quot;0&quot;,&quot;shutter_speed&quot;:&quot;0&quot;,&quot;title&quot;:&quot;&quot;,&quot;orientation&quot;:&quot;0&quot;}\" data-image-title=\"FFBA9162-C241-4161-88B5-904DF414CAC6\" data-image-description=\"\" data-image-caption=\"\" data-medium-file=\"https:\/\/i0.wp.com\/blogdalucianaoliveira.com.br\/blog\/wp-content\/uploads\/2019\/11\/FFBA9162-C241-4161-88B5-904DF414CAC6.jpeg?fit=300%2C169\" data-large-file=\"https:\/\/i0.wp.com\/blogdalucianaoliveira.com.br\/blog\/wp-content\/uploads\/2019\/11\/FFBA9162-C241-4161-88B5-904DF414CAC6.jpeg?fit=600%2C339\" src=\"https:\/\/i0.wp.com\/blogdalucianaoliveira.com.br\/blog\/wp-content\/uploads\/2019\/11\/FFBA9162-C241-4161-88B5-904DF414CAC6.jpeg?resize=600%2C339\" alt=\"FFBA9162-C241-4161-88B5-904DF414CAC6\" width=\"600\" height=\"339\" class=\"alignnone size-full wp-image-25044\" srcset=\"https:\/\/i0.wp.com\/blogdalucianaoliveira.com.br\/blog\/wp-content\/uploads\/2019\/11\/FFBA9162-C241-4161-88B5-904DF414CAC6.jpeg?w=1024 1024w, https:\/\/i0.wp.com\/blogdalucianaoliveira.com.br\/blog\/wp-content\/uploads\/2019\/11\/FFBA9162-C241-4161-88B5-904DF414CAC6.jpeg?resize=300%2C169 300w, https:\/\/i0.wp.com\/blogdalucianaoliveira.com.br\/blog\/wp-content\/uploads\/2019\/11\/FFBA9162-C241-4161-88B5-904DF414CAC6.jpeg?resize=768%2C434 768w, https:\/\/i0.wp.com\/blogdalucianaoliveira.com.br\/blog\/wp-content\/uploads\/2019\/11\/FFBA9162-C241-4161-88B5-904DF414CAC6.jpeg?resize=531%2C300 531w\" sizes=\"auto, (max-width: 600px) 100vw, 600px\" \/><\/p>\n<p>Mais de 100 mil menores est\u00e3o atualmente retidos, com seus pais ou sozinhos, pela imigra\u00e7\u00e3o dos Estados Unidos. O n\u00famero representa um ter\u00e7o das crian\u00e7as presas por raz\u00f5es migrat\u00f3rias no mundo. A constata\u00e7\u00e3o \u00e9 fruto de um estudo divulgado pelas Na\u00e7\u00f5es Unidas nesta segunda-feira (18).<!--more--><\/p>\n<p>RFI<\/p>\n<p>Segundo Manfred Nowak, autor principal do Estudo Global das Na\u00e7\u00f5es Unidas sobre os Menores Privados de Liberdade, \u201co n\u00famero total das crian\u00e7as retidas \u00e9 de 103 mil&#8221;. A ONU afirma ter chegado a essa cifra a partir de dados oficiais e fontes complementares &#8220;muito confi\u00e1veis&#8221;.<\/p>\n<p>O especialista disse que esse contingente \u00e9 formado por menores n\u00e3o acompanhados, mas tamb\u00e9m por aqueles que foram com suas fam\u00edlias e aqueles que foram separados de seus pais antes da deten\u00e7\u00e3o.<\/p>\n<p>Em todo o mundo, pelo menos 330 mil crian\u00e7as est\u00e3o detidas em 80 pa\u00edses por raz\u00f5es relacionadas \u00e0 migra\u00e7\u00e3o, de acordo com este estudo. &#8220;Esse tipo de deten\u00e7\u00e3o nunca deve ser visto como algo favor\u00e1vel para o interesse da crian\u00e7a. Sempre h\u00e1 outras op\u00e7\u00f5es&#8221;, insistiu Nowak \u00e0 imprensa em Genebra.<\/p>\n<p>Tratamento desumano<\/p>\n<p>O estudo tamb\u00e9m examina as viola\u00e7\u00f5es da Conven\u00e7\u00e3o dos Direitos da Crian\u00e7a. O texto estipula que a deten\u00e7\u00e3o de menores deve ser usada \u201capenas como um \u00faltimo recurso e com a dura\u00e7\u00e3o mais curta poss\u00edvel\u201d.<\/p>\n<p>Os Estados Unidos s\u00e3o o \u00fanico pa\u00eds membro da ONU a n\u00e3o ter ratificado a conven\u00e7\u00e3o, em vigor desde 1990. O governo norte-americano tamb\u00e9m n\u00e3o respondeu ao question\u00e1rio que os organizadores do estudo enviaram aos pa\u00edses membros.<\/p>\n<p>Por\u00e9m, Nowak lembrou que isso n\u00e3o isenta Washington diante de sua pol\u00edtica de deten\u00e7\u00e3o de crian\u00e7as migrantes na fronteira com o M\u00e9xico. \u201cSeparar menores de seus pais, como vem sendo feito a administra\u00e7\u00e3o de Donald Trump, inclusive com crian\u00e7as pequenas, constitui um tratamento desumano tanto para os pais como para os filhos\u201d, insistiu o autor do estudo.<\/p>\n<p>(Com informa\u00e7\u00f5es da AFP)<\/p>\n","protected":false},"excerpt":{"rendered":"<p>Mais de 100 mil menores est\u00e3o atualmente retidos, com seus pais ou sozinhos, pela imigra\u00e7\u00e3o dos Estados Unidos. O n\u00famero representa um ter\u00e7o das crian\u00e7as presas por raz\u00f5es migrat\u00f3rias no mundo. A constata\u00e7\u00e3o \u00e9 fruto de um estudo divulgado pelas Na\u00e7\u00f5es Unidas nesta segunda-feira (18).<\/p>\n","protected":false},"author":1,"featured_media":0,"comment_status":"closed","ping_status":"open","sticky":false,"template":"","format":"standard","meta":{"_exactmetrics_skip_tracking":false,"_exactmetrics_sitenote_active":false,"_exactmetrics_sitenote_note":"","_exactmetrics_sitenote_category":0,"jetpack_post_was_ever_published":false,"_jetpack_newsletter_access":"","_jetpack_dont_email_post_to_subs":false,"_jetpack_newsletter_tier_id":0,"_jetpack_memberships_contains_paywalled_content":false,"_jetpack_memberships_contains_paid_content":false,"footnotes":"","jetpack_publicize_message":"","jetpack_publicize_feature_enabled":true,"jetpack_social_post_already_shared":true,"jetpack_social_options":{"image_generator_settings":{"template":"highway","enabled":false},"version":2}},"categories":[1],"tags":[],"class_list":["post-25043","post","type-post","status-publish","format-standard","hentry","category-notas"],"jetpack_publicize_connections":[],"jetpack_sharing_enabled":true,"jetpack_featured_media_url":"","jetpack_shortlink":"https:\/\/wp.me\/p7wKYW-6vV","jetpack-related-posts":[],"_links":{"self":[{"href":"http:\/\/blogdalucianaoliveira.com.br\/blog\/wp-json\/wp\/v2\/posts\/25043","targetHints":{"allow":["GET"]}}],"collection":[{"href":"http:\/\/blogdalucianaoliveira.com.br\/blog\/wp-json\/wp\/v2\/posts"}],"about":[{"href":"http:\/\/blogdalucianaoliveira.com.br\/blog\/wp-json\/wp\/v2\/types\/post"}],"author":[{"embeddable":true,"href":"http:\/\/blogdalucianaoliveira.com.br\/blog\/wp-json\/wp\/v2\/users\/1"}],"replies":[{"embeddable":true,"href":"http:\/\/blogdalucianaoliveira.com.br\/blog\/wp-json\/wp\/v2\/comments?post=25043"}],"version-history":[{"count":1,"href":"http:\/\/blogdalucianaoliveira.com.br\/blog\/wp-json\/wp\/v2\/posts\/25043\/revisions"}],"predecessor-version":[{"id":25045,"href":"http:\/\/blogdalucianaoliveira.com.br\/blog\/wp-json\/wp\/v2\/posts\/25043\/revisions\/25045"}],"wp:attachment":[{"href":"http:\/\/blogdalucianaoliveira.com.br\/blog\/wp-json\/wp\/v2\/media?parent=25043"}],"wp:term":[{"taxonomy":"category","embeddable":true,"href":"http:\/\/blogdalucianaoliveira.com.br\/blog\/wp-json\/wp\/v2\/categories?post=25043"},{"taxonomy":"post_tag","embeddable":true,"href":"http:\/\/blogdalucianaoliveira.com.br\/blog\/wp-json\/wp\/v2\/tags?post=25043"}],"curies":[{"name":"wp","href":"https:\/\/api.w.org\/{rel}","templated":true}]}}