{"id":25046,"date":"2019-11-19T18:18:04","date_gmt":"2019-11-19T22:18:04","guid":{"rendered":"http:\/\/blogdalucianaoliveira.com.br\/blog\/?p=25046"},"modified":"2019-11-19T18:18:31","modified_gmt":"2019-11-19T22:18:31","slug":"coronel-tadeu-do-psl-vandaliza-exposicao-sobre-consciencia-negra-na-camara","status":"publish","type":"post","link":"http:\/\/blogdalucianaoliveira.com.br\/blog\/2019\/11\/19\/coronel-tadeu-do-psl-vandaliza-exposicao-sobre-consciencia-negra-na-camara\/","title":{"rendered":"Coronel Tadeu, do PSL, vandaliza exposi\u00e7\u00e3o sobre Consci\u00eancia Negra na C\u00e2mara"},"content":{"rendered":"<p><img data-recalc-dims=\"1\" decoding=\"async\" title=\" \" src=\"https:\/\/i0.wp.com\/publisher-publish.s3.eu-central-1.amazonaws.com\/pb-brasil247\/swp\/jtjeq9\/media\/20191119221148_49e01d09-a148-4571-8765-650d10244e50.jpeg?w=600&#038;ssl=1\" alt=\"\" \/><\/p>\n<article>\n<div class=\"article__text marginTop30\">\n<p><b>247 &#8211;<\/b>\u00a0O deputado Coronel Tadeu (PSL) vandalizou nesta ter\u00e7a-feira (19) uma exposi\u00e7\u00e3o na C\u00e2mara dos Deputados sobre o M\u00eas da Consci\u00eancia Negra.<!--more--><\/p>\n<p>Em v\u00eddeo, as deputadas federais Jandira Feghali (PCdoB), Benedita da Silva (PT) e Tal\u00edria Petrone (PSOL), al\u00e9m do deputado David Miranda (PSOL), denunciam os atos violentos do Coronel Tadeu.<\/p>\n<p>&#8220;Essa exposi\u00e7\u00e3o \u00e9 autorizada. O deputado Coronel Tadeu veio aqui e arrancou da parede (as obras de arte) sem nenhuma autoriza\u00e7\u00e3o. Racista. Violento. Isto \u00e9 uma den\u00fancia&#8221;, disse Jandira.<\/p>\n<p>O desenho arruinado pelo deputado do PSL era de autoria do cartunista Carlos Latuff e denucniava a viol\u00eancia policial contra a popula\u00e7\u00e3o negra.<\/p>\n<p>Veja o momento exato em que o deputado Coronel Tadeu destr\u00f3i uma pe\u00e7a da mostra:<\/p>\n<div class=\"embed-block\">\n<div class=\"SandboxRoot env-bp-350\" data-twitter-event-id=\"0\">\n<div id=\"twitter-widget-0\" class=\"EmbeddedTweet EmbeddedTweet--cta js-clickToOpenTarget\" lang=\"pt\" data-click-to-open-target=\"https:\/\/twitter.com\/davidmirandario\/status\/1196888997714440192\" data-iframe-title=\"Tweet do Twitter\" data-scribe=\"page:tweet\" data-twitter-event-id=\"5\">\n<div class=\"EmbeddedTweet-tweetContainer\">\n<div class=\"EmbeddedTweet-tweet\">\n<blockquote class=\"Tweet h-entry js-tweetIdInfo subject expanded\" cite=\"https:\/\/twitter.com\/davidmirandario\/status\/1196888997714440192\" data-tweet-id=\"1196888997714440192\" data-scribe=\"section:subject\">\n<div class=\"Tweet-header\"><a class=\"TweetAuthor-avatar  Identity-avatar u-linkBlend\" href=\"https:\/\/twitter.com\/davidmirandario\" data-scribe=\"element:user_link\"><img data-recalc-dims=\"1\" decoding=\"async\" class=\"Avatar\" src=\"https:\/\/i0.wp.com\/pbs.twimg.com\/profile_images\/1072521321869926401\/1kUAx9j9_normal.jpg?w=600&#038;ssl=1\" alt=\"\" data-scribe=\"element:avatar\" data-src-2x=\"https:\/\/pbs.twimg.com\/profile_images\/1072521321869926401\/1kUAx9j9_bigger.jpg\" data-src-1x=\"https:\/\/pbs.twimg.com\/profile_images\/1072521321869926401\/1kUAx9j9_normal.jpg\" \/><\/a><\/p>\n<div class=\"TweetAuthor js-inViewportScribingTarget\" data-scribe=\"component:author\">\n<div class=\"TweetAuthor-nameScreenNameContainer\"><span class=\"TweetAuthor-decoratedName\"><span class=\"TweetAuthor-name Identity-name customisable-highlight\" title=\"David Miranda\" data-scribe=\"element:name\">David Miranda<\/span><\/span><\/p>\n<div class=\"Icon Icon--verified \" title=\"Conta Verificada\"><\/div>\n<p><span class=\"TweetAuthor-decoratedName\"><span class=\"TweetAuthor-verifiedBadge\" data-scribe=\"element:verified_badge\"><b class=\"u-hiddenVisually\">\u2714<\/b><\/span><\/span><span class=\"TweetAuthor-screenName Identity-screenName\" dir=\"ltr\" title=\"@davidmirandario\" data-scribe=\"element:screen_name\">@davidmirandario<\/span><\/div>\n<\/div>\n<div class=\"Tweet-brand\"><\/div>\n<\/div>\n<div class=\"Tweet-body e-entry-content\" data-scribe=\"component:tweet\">\n<div class=\"Tweet-target js-inViewportScribingTarget\"><\/div>\n<p class=\"Tweet-text e-entry-title\" dir=\"ltr\" lang=\"pt\">O momento exato em que o deputado Coronel Tadeu (PSL\/SP) QUEBRA a pe\u00e7a de uma exposi\u00e7\u00e3o de arte em raz\u00e3o da semana da Consci\u00eancia Negra. Isso \u00e9 racismo, quebra de decoro e dano ao patrim\u00f4nio p\u00fablico! J\u00e1 prestamos queixa e vamos entrar com representa\u00e7\u00e3o no Conselho de \u00c9tica.<\/p>\n<div class=\"Tweet-card\">\n<article class=\"MediaCard\n\n           cards-multimedia\n           customisable-border\" dir=\"ltr\" data-scribe=\"component:card\"><\/p>\n<div class=\"MediaCard-media\">\n<div class=\"MediaCard-widthConstraint js-cspForcedStyle\" data-style=\"max-width: 2000px\">\n<div class=\"MediaCard-mediaContainer MediaCard--roundedTop MediaCard--roundedBottom js-cspForcedStyle\" data-style=\"padding-bottom: 100.0000%\">\n<div class=\"NaturalImage-ctaOverlay PlayButton PlayButton--centered\" data-scribe=\"element:play_button\"><\/div>\n<p><a class=\"MediaCard-mediaAsset MediaCard-mediaPlaceholder NaturalImage NaturalImage--fill js-playableMediaInterstitial\" href=\"https:\/\/twitter.com\/davidmirandario\/status\/1196888997714440192\"><img decoding=\"async\" class=\"NaturalImage-image\" src=\"https:\/\/pbs.twimg.com\/ext_tw_video_thumb\/1196888933130555394\/pu\/img\/_Mnab74AKy2hVsMz?format=jpg&amp;name=small\" alt=\"V\u00eddeo incorporado\" data-image=\"https:\/\/pbs.twimg.com\/ext_tw_video_thumb\/1196888933130555394\/pu\/img\/_Mnab74AKy2hVsMz\" data-scribe=\"element:poster_image\" \/><\/a><\/div>\n<\/div>\n<\/div>\n<\/article>\n<\/div>\n<div class=\"TweetInfo\">\n<div class=\"TweetInfo-like\">\n<div data-scribe=\"element:heart\"><\/div>\n<p><a class=\"TweetInfo-heart\" title=\"Curtiu\" href=\"https:\/\/twitter.com\/intent\/like?tweet_id=1196888997714440192\" data-scribe=\"component:actions\"><span class=\"TweetInfo-heartStat\" data-scribe=\"element:heart_count\">6.168<\/span><\/a><\/div>\n<div class=\"TweetInfo-timeGeo\"><a class=\"u-linkBlend u-url customisable-highlight long-permalink\" href=\"https:\/\/twitter.com\/davidmirandario\/status\/1196888997714440192\" data-datetime=\"2019-11-19T20:32:28+0000\" data-scribe=\"element:full_timestamp\"><time class=\"dt-updated\" title=\"Hor\u00e1rio da publica\u00e7\u00e3o: 19 de novembro de 2019 20:32:28 (UTC)\" datetime=\"2019-11-19T20:32:28+0000\">17:32 &#8211; 19 de nov de 2019<\/time><\/a><\/div>\n<div class=\"tweet-InformationCircle\" data-scribe=\"element:notice\"><a class=\"Icon Icon--informationCircleWhite js-inViewportScribingTarget\" title=\"Informa\u00e7\u00f5es e privacidade no Twitter Ads\" href=\"https:\/\/support.twitter.com\/articles\/20175256\"><span class=\"u-hiddenVisually\">Informa\u00e7\u00f5es e privacidade no Twitter Ads<\/span><\/a><\/div>\n<\/div>\n<\/div>\n<\/blockquote>\n<\/div>\n<div class=\"CallToAction-icon\" data-scribe=\"element:conversation_icon\"><\/div>\n<div class=\"CallToAction-text\" data-scribe=\"element:conversation_text\">1.906 pessoas est\u00e3o falando sobre isso<\/div>\n<div class=\"CallToAction-chevron\" data-scribe=\"element:cta_chevron\"><\/div>\n<\/div>\n<\/div>\n<div class=\"resize-sensor\"><\/div>\n<\/div>\n<\/div>\n<div class=\"embed-block\">\n<div class=\"SandboxRoot env-bp-350\" data-twitter-event-id=\"1\">\n<div id=\"twitter-widget-1\" class=\"EmbeddedTweet EmbeddedTweet--cta js-clickToOpenTarget\" lang=\"pt\" data-click-to-open-target=\"https:\/\/twitter.com\/jandira_feghali\/status\/1196877926786043904\" data-iframe-title=\"Tweet do Twitter\" data-scribe=\"page:tweet\" data-twitter-event-id=\"4\">\n<div class=\"EmbeddedTweet-tweetContainer\">\n<div class=\"EmbeddedTweet-tweet\">\n<blockquote class=\"Tweet h-entry js-tweetIdInfo subject expanded\" cite=\"https:\/\/twitter.com\/jandira_feghali\/status\/1196877926786043904\" data-tweet-id=\"1196877926786043904\" data-scribe=\"section:subject\">\n<div class=\"Tweet-header\"><a class=\"TweetAuthor-avatar  Identity-avatar u-linkBlend\" href=\"https:\/\/twitter.com\/jandira_feghali\" data-scribe=\"element:user_link\"><img data-recalc-dims=\"1\" decoding=\"async\" class=\"Avatar\" src=\"https:\/\/i0.wp.com\/pbs.twimg.com\/profile_images\/1155883695527665665\/Wdg5jL8U_normal.jpg?w=600&#038;ssl=1\" alt=\"\" data-scribe=\"element:avatar\" data-src-2x=\"https:\/\/pbs.twimg.com\/profile_images\/1155883695527665665\/Wdg5jL8U_bigger.jpg\" data-src-1x=\"https:\/\/pbs.twimg.com\/profile_images\/1155883695527665665\/Wdg5jL8U_normal.jpg\" \/><\/a><\/p>\n<div class=\"TweetAuthor js-inViewportScribingTarget\" data-scribe=\"component:author\">\n<div class=\"TweetAuthor-nameScreenNameContainer\"><span class=\"TweetAuthor-decoratedName\"><span class=\"TweetAuthor-name Identity-name customisable-highlight\" title=\"Jandira Feghali\" data-scribe=\"element:name\">Jandira Feghali<\/span><\/span><\/p>\n<div class=\"Icon Icon--verified \" title=\"Conta Verificada\"><\/div>\n<p><span class=\"TweetAuthor-decoratedName\"><span class=\"TweetAuthor-verifiedBadge\" data-scribe=\"element:verified_badge\"><b class=\"u-hiddenVisually\">\u2714<\/b><\/span><\/span><span class=\"TweetAuthor-screenName Identity-screenName\" dir=\"ltr\" title=\"@jandira_feghali\" data-scribe=\"element:screen_name\">@jandira_feghali<\/span><\/div>\n<\/div>\n<div class=\"Tweet-brand\"><\/div>\n<\/div>\n<div class=\"Tweet-body e-entry-content\" data-scribe=\"component:tweet\">\n<div class=\"Tweet-target js-inViewportScribingTarget\"><\/div>\n<p class=\"Tweet-text e-entry-title\" dir=\"ltr\" lang=\"pt\">URGENTE! Deputado Coronel Tadeu (PSL) vandaliza exposi\u00e7\u00e3o na C\u00e2mara sobre o M\u00eas da Consci\u00eancia Negra!!! DIVULGUEM!!!<\/p>\n<div class=\"Tweet-card\">\n<article class=\"MediaCard\n\n           cards-multimedia\n           customisable-border\" dir=\"ltr\" data-scribe=\"component:card\"><\/p>\n<div class=\"MediaCard-media\">\n<div class=\"MediaCard-widthConstraint js-cspForcedStyle\" data-style=\"max-width: 2000px\">\n<div class=\"MediaCard-mediaContainer MediaCard--roundedTop MediaCard--roundedBottom js-cspForcedStyle\" data-style=\"padding-bottom: 100.0000%\">\n<div class=\"NaturalImage-ctaOverlay PlayButton PlayButton--centered\" data-scribe=\"element:play_button\"><\/div>\n<p><a class=\"MediaCard-mediaAsset MediaCard-mediaPlaceholder NaturalImage NaturalImage--fill js-playableMediaInterstitial\" href=\"https:\/\/twitter.com\/jandira_feghali\/status\/1196877926786043904\"><img decoding=\"async\" class=\"NaturalImage-image\" src=\"https:\/\/pbs.twimg.com\/amplify_video_thumb\/1196877826449977346\/img\/EaX9u_aWF7olmTDw?format=jpg&amp;name=small\" alt=\"V\u00eddeo incorporado\" data-image=\"https:\/\/pbs.twimg.com\/amplify_video_thumb\/1196877826449977346\/img\/EaX9u_aWF7olmTDw\" data-scribe=\"element:poster_image\" \/><\/a><\/div>\n<\/div>\n<\/div>\n<\/article>\n<\/div>\n<div class=\"TweetInfo\">\n<div class=\"TweetInfo-like\">\n<div data-scribe=\"element:heart\"><\/div>\n<p><a class=\"TweetInfo-heart\" title=\"Curtiu\" href=\"https:\/\/twitter.com\/intent\/like?tweet_id=1196877926786043904\" data-scribe=\"component:actions\"><span class=\"TweetInfo-heartStat\" data-scribe=\"element:heart_count\">2.602<\/span><\/a><\/div>\n<div class=\"TweetInfo-timeGeo\"><a class=\"u-linkBlend u-url customisable-highlight long-permalink\" href=\"https:\/\/twitter.com\/jandira_feghali\/status\/1196877926786043904\" data-datetime=\"2019-11-19T19:48:29+0000\" data-scribe=\"element:full_timestamp\"><time class=\"dt-updated\" title=\"Hor\u00e1rio da publica\u00e7\u00e3o: 19 de novembro de 2019 19:48:29 (UTC)\" datetime=\"2019-11-19T19:48:29+0000\">16:48 &#8211; 19 de nov de 2019<\/time><\/a><\/div>\n<div class=\"tweet-InformationCircle\" data-scribe=\"element:notice\"><a class=\"Icon Icon--informationCircleWhite js-inViewportScribingTarget\" title=\"Informa\u00e7\u00f5es e privacidade no Twitter Ads\" href=\"https:\/\/support.twitter.com\/articles\/20175256\"><span class=\"u-hiddenVisually\">Informa\u00e7\u00f5es e privacidade no Twitter Ads<\/span><\/a><\/div>\n<\/div>\n<\/div>\n<\/blockquote>\n<\/div>\n<div class=\"CallToAction-icon\" data-scribe=\"element:conversation_icon\"><\/div>\n<div class=\"CallToAction-text\" data-scribe=\"element:conversation_text\">1.295 pessoas est\u00e3o falando sobre isso<\/div>\n<div class=\"CallToAction-chevron\" data-scribe=\"element:cta_chevron\"><\/div>\n<\/div>\n<\/div>\n<div class=\"resize-sensor\"><\/div>\n<\/div>\n<\/div>\n<div class=\"embed-block\">\n<div class=\"SandboxRoot env-bp-350\" data-twitter-event-id=\"2\">\n<div id=\"twitter-widget-2\" class=\"EmbeddedTweet EmbeddedTweet--cta js-clickToOpenTarget\" lang=\"pt\" data-click-to-open-target=\"https:\/\/twitter.com\/davidmirandario\/status\/1196897939106488321\" data-iframe-title=\"Tweet do Twitter\" data-scribe=\"page:tweet\" data-twitter-event-id=\"3\">\n<div class=\"EmbeddedTweet-tweetContainer\">\n<div class=\"EmbeddedTweet-tweet\">\n<blockquote class=\"Tweet h-entry js-tweetIdInfo subject expanded\" cite=\"https:\/\/twitter.com\/davidmirandario\/status\/1196897939106488321\" data-tweet-id=\"1196897939106488321\" data-scribe=\"section:subject\">\n<div class=\"Tweet-header\"><a class=\"TweetAuthor-avatar  Identity-avatar u-linkBlend\" href=\"https:\/\/twitter.com\/davidmirandario\" data-scribe=\"element:user_link\"><img data-recalc-dims=\"1\" decoding=\"async\" class=\"Avatar\" src=\"https:\/\/i0.wp.com\/pbs.twimg.com\/profile_images\/1072521321869926401\/1kUAx9j9_normal.jpg?w=600&#038;ssl=1\" alt=\"\" data-scribe=\"element:avatar\" data-src-2x=\"https:\/\/pbs.twimg.com\/profile_images\/1072521321869926401\/1kUAx9j9_bigger.jpg\" data-src-1x=\"https:\/\/pbs.twimg.com\/profile_images\/1072521321869926401\/1kUAx9j9_normal.jpg\" \/><\/a><\/p>\n<div class=\"TweetAuthor js-inViewportScribingTarget\" data-scribe=\"component:author\">\n<div class=\"TweetAuthor-nameScreenNameContainer\"><span class=\"TweetAuthor-decoratedName\"><span class=\"TweetAuthor-name Identity-name customisable-highlight\" title=\"David Miranda\" data-scribe=\"element:name\">David Miranda<\/span><\/span><\/p>\n<div class=\"Icon Icon--verified \" title=\"Conta Verificada\"><\/div>\n<p><span class=\"TweetAuthor-decoratedName\"><span class=\"TweetAuthor-verifiedBadge\" data-scribe=\"element:verified_badge\"><b class=\"u-hiddenVisually\">\u2714<\/b><\/span><\/span><span class=\"TweetAuthor-screenName Identity-screenName\" dir=\"ltr\" title=\"@davidmirandario\" data-scribe=\"element:screen_name\">@davidmirandario<\/span><\/div>\n<\/div>\n<div class=\"Tweet-brand\"><\/div>\n<\/div>\n<div class=\"Tweet-body e-entry-content\" data-scribe=\"component:tweet\">\n<div class=\"Tweet-target js-inViewportScribingTarget\"><\/div>\n<p class=\"Tweet-text e-entry-title\" dir=\"ltr\" lang=\"pt\">Pra que saibam: essa \u00e9 a arte de <a class=\"PrettyLink profile customisable h-card\" dir=\"ltr\" href=\"https:\/\/twitter.com\/LatuffCartoons\" data-mentioned-user-id=\"1571428436\" data-scribe=\"element:mention\"><span class=\"PrettyLink-prefix\">@<\/span><span class=\"PrettyLink-value\">LatuffCartoons<\/span><\/a> que denuncia a viol\u00eancia policial contra o povo negro e que foi destru\u00edda pelo deputado do PSL. N\u00e3o aceitaremos racismo e nem censura! Tomaremos as devidas provid\u00eancias.<\/p>\n<div class=\"Tweet-card\">\n<article class=\"MediaCard\n\n           customisable-border\" dir=\"ltr\" data-scribe=\"component:card\"><\/p>\n<div class=\"MediaCard-mediaContainer MediaCard--roundedTop MediaCard--roundedBottom js-cspForcedStyle\" data-scribe=\"element:photo_grid\" data-style=\"padding-bottom: 50%\">\n<div class=\"MediaCard-mediaAsset ImageGrid ImageGrid--2\"><a class=\"ImageGrid-image ImageGrid-image-0 CroppedImage CroppedImage--fillHeight\" href=\"https:\/\/twitter.com\/davidmirandario\/status\/1196897939106488321\/photo\/1\"><img loading=\"lazy\" decoding=\"async\" class=\"CroppedImage-image js-cspForcedStyle\" title=\"Ver imagem no Twitter\" src=\"https:\/\/pbs.twimg.com\/media\/EJw8UrHWoAEDlpg?format=jpg&amp;name=360x360\" alt=\"Ver imagem no Twitter\" width=\"785\" height=\"390\" data-image=\"https:\/\/pbs.twimg.com\/media\/EJw8UrHWoAEDlpg\" data-image-format=\"jpg\" data-style=\"left:-50%;\" \/><\/a><a class=\"ImageGrid-image ImageGrid-image-1 CroppedImage CroppedImage--fillHeight\" href=\"https:\/\/twitter.com\/davidmirandario\/status\/1196897939106488321\/photo\/1\"><img loading=\"lazy\" decoding=\"async\" class=\"CroppedImage-image js-cspForcedStyle\" title=\"Ver imagem no Twitter\" src=\"https:\/\/pbs.twimg.com\/media\/EJw8U2xXUAEHZfX?format=jpg&amp;name=360x360\" alt=\"Ver imagem no Twitter\" width=\"1200\" height=\"900\" data-image=\"https:\/\/pbs.twimg.com\/media\/EJw8U2xXUAEHZfX\" data-image-format=\"jpg\" data-style=\"left:-8%;\" \/><\/a><\/div>\n<\/div>\n<\/article>\n<\/div>\n<div class=\"TweetInfo\">\n<div class=\"TweetInfo-like\">\n<div data-scribe=\"element:heart\"><\/div>\n<p><a class=\"TweetInfo-heart\" title=\"Curtiu\" href=\"https:\/\/twitter.com\/intent\/like?tweet_id=1196897939106488321\" data-scribe=\"component:actions\"><span class=\"TweetInfo-heartStat\" data-scribe=\"element:heart_count\">1.180<\/span><\/a><\/div>\n<div class=\"TweetInfo-timeGeo\"><a class=\"u-linkBlend u-url customisable-highlight long-permalink\" href=\"https:\/\/twitter.com\/davidmirandario\/status\/1196897939106488321\" data-datetime=\"2019-11-19T21:08:00+0000\" data-scribe=\"element:full_timestamp\"><time class=\"dt-updated\" title=\"Hor\u00e1rio da publica\u00e7\u00e3o: 19 de novembro de 2019 21:08:00 (UTC)\" datetime=\"2019-11-19T21:08:00+0000\">18:08 &#8211; 19 de nov de 2019<\/time><\/a><\/div>\n<div class=\"tweet-InformationCircle\" data-scribe=\"element:notice\"><a class=\"Icon Icon--informationCircleWhite js-inViewportScribingTarget\" title=\"Informa\u00e7\u00f5es e privacidade no Twitter Ads\" href=\"https:\/\/support.twitter.com\/articles\/20175256\"><span class=\"u-hiddenVisually\">Informa\u00e7\u00f5es e privacidade no Twitter Ads<\/span><\/a><\/div>\n<\/div>\n<\/div>\n<\/blockquote>\n<\/div>\n<div class=\"CallToAction-icon\" data-scribe=\"element:conversation_icon\"><\/div>\n<div class=\"CallToAction-text\" data-scribe=\"element:conversation_text\">353 pessoas est\u00e3o falando sobre isso<\/div>\n<div class=\"CallToAction-chevron\" data-scribe=\"element:cta_chevron\"><\/div>\n<\/div>\n<\/div>\n<div class=\"resize-sensor\"><\/div>\n<\/div>\n<\/div>\n<\/div>\n<\/article>\n<p>&nbsp;<\/p>\n<div><\/div>\n","protected":false},"excerpt":{"rendered":"<p>247 &#8211;\u00a0O deputado Coronel Tadeu (PSL) vandalizou nesta ter\u00e7a-feira (19) uma exposi\u00e7\u00e3o na C\u00e2mara dos Deputados sobre o M\u00eas da Consci\u00eancia Negra.<\/p>\n","protected":false},"author":1,"featured_media":0,"comment_status":"closed","ping_status":"open","sticky":false,"template":"","format":"standard","meta":{"_exactmetrics_skip_tracking":false,"_exactmetrics_sitenote_active":false,"_exactmetrics_sitenote_note":"","_exactmetrics_sitenote_category":0,"jetpack_post_was_ever_published":false,"_jetpack_newsletter_access":"","_jetpack_dont_email_post_to_subs":false,"_jetpack_newsletter_tier_id":0,"_jetpack_memberships_contains_paywalled_content":false,"_jetpack_memberships_contains_paid_content":false,"footnotes":"","jetpack_publicize_message":"","jetpack_publicize_feature_enabled":true,"jetpack_social_post_already_shared":true,"jetpack_social_options":{"image_generator_settings":{"template":"highway","enabled":false},"version":2}},"categories":[1],"tags":[],"class_list":["post-25046","post","type-post","status-publish","format-standard","hentry","category-notas"],"jetpack_publicize_connections":[],"jetpack_sharing_enabled":true,"jetpack_featured_media_url":"","jetpack_shortlink":"https:\/\/wp.me\/p7wKYW-6vY","jetpack-related-posts":[],"_links":{"self":[{"href":"http:\/\/blogdalucianaoliveira.com.br\/blog\/wp-json\/wp\/v2\/posts\/25046","targetHints":{"allow":["GET"]}}],"collection":[{"href":"http:\/\/blogdalucianaoliveira.com.br\/blog\/wp-json\/wp\/v2\/posts"}],"about":[{"href":"http:\/\/blogdalucianaoliveira.com.br\/blog\/wp-json\/wp\/v2\/types\/post"}],"author":[{"embeddable":true,"href":"http:\/\/blogdalucianaoliveira.com.br\/blog\/wp-json\/wp\/v2\/users\/1"}],"replies":[{"embeddable":true,"href":"http:\/\/blogdalucianaoliveira.com.br\/blog\/wp-json\/wp\/v2\/comments?post=25046"}],"version-history":[{"count":2,"href":"http:\/\/blogdalucianaoliveira.com.br\/blog\/wp-json\/wp\/v2\/posts\/25046\/revisions"}],"predecessor-version":[{"id":25048,"href":"http:\/\/blogdalucianaoliveira.com.br\/blog\/wp-json\/wp\/v2\/posts\/25046\/revisions\/25048"}],"wp:attachment":[{"href":"http:\/\/blogdalucianaoliveira.com.br\/blog\/wp-json\/wp\/v2\/media?parent=25046"}],"wp:term":[{"taxonomy":"category","embeddable":true,"href":"http:\/\/blogdalucianaoliveira.com.br\/blog\/wp-json\/wp\/v2\/categories?post=25046"},{"taxonomy":"post_tag","embeddable":true,"href":"http:\/\/blogdalucianaoliveira.com.br\/blog\/wp-json\/wp\/v2\/tags?post=25046"}],"curies":[{"name":"wp","href":"https:\/\/api.w.org\/{rel}","templated":true}]}}