{"id":25049,"date":"2019-11-19T18:24:58","date_gmt":"2019-11-19T22:24:58","guid":{"rendered":"http:\/\/blogdalucianaoliveira.com.br\/blog\/?p=25049"},"modified":"2019-11-19T18:24:58","modified_gmt":"2019-11-19T22:24:58","slug":"latuff-se-fazem-isso-contra-um-cartaz-imagine-contra-gente-de-pele-negra","status":"publish","type":"post","link":"http:\/\/blogdalucianaoliveira.com.br\/blog\/2019\/11\/19\/latuff-se-fazem-isso-contra-um-cartaz-imagine-contra-gente-de-pele-negra\/","title":{"rendered":"Latuff: se fazem isso contra um cartaz, imagine contra gente de pele negra!"},"content":{"rendered":"<figure><picture><img data-recalc-dims=\"1\" decoding=\"async\" title=\" \" src=\"https:\/\/i0.wp.com\/publisher-publish.s3.eu-central-1.amazonaws.com\/pb-brasil247\/swp\/jtjeq9\/media\/20191119221156_e8226610-2ef4-42f2-8295-5588898c8389.jpeg?w=600&#038;ssl=1\" alt=\"\" \/><\/picture><\/figure>\n<p><b>247 &#8211;\u00a0<\/b>O cartunista Carlos Latuff comentou o ato de\u00a0<a href=\"https:\/\/www.brasil247.com\/regionais\/brasilia\/coronel-tadeu-do-psl-vandaliza-exposicao-sobre-consciencia-negra-na-camara\">vandalismo do deputado federal Coronel Tadeu (PSL)<\/a>\u00a0que destruiu um desenho seu no qual denunciava a viol\u00eancia policial contra a popula\u00e7\u00e3o negra.<!--more--><\/p>\n<p>A obra estava exposta na C\u00e2mara dos Deputados, fazendo parte de uma mostra sobre o M\u00eas da Consci\u00eancia Negra.<\/p>\n<div class=\"contentAd contentAd--noBackground marginBottom30\">\u00a0<\/p>\n<article>\n<div class=\"article__text marginTop30\">\n<p>&#8220;Agress\u00e3o de um policial militar, que por acaso tamb\u00e9m \u00e9 um parlamentar, contra uma de minhas charges exposta no Congresso Nacional e que denuncia a viol\u00eancia policial, nos leva a seguinte reflex\u00e3o: se fazem isso contra um cartaz, imagine contra gente de carne, osso e pele negra!&#8221;, escreveu o cartunista no Twitter.<\/p>\n<div class=\"embed-block\">\n<div class=\"SandboxRoot env-bp-350\" data-twitter-event-id=\"0\">\n<div id=\"twitter-widget-0\" class=\"EmbeddedTweet EmbeddedTweet--cta js-clickToOpenTarget\" lang=\"pt\" data-click-to-open-target=\"https:\/\/twitter.com\/LatuffCartoons\/status\/1196881441650597891\" data-iframe-title=\"Tweet do Twitter\" data-scribe=\"page:tweet\" data-twitter-event-id=\"1\">\n<div class=\"EmbeddedTweet-ancestor EmbeddedTweet-ancestor--repliesRefresh\" data-scribe=\"section:conversation\">\n<blockquote class=\"Tweet Tweet--compact h-entry reply js-tweetIdInfo\" cite=\"https:\/\/twitter.com\/GeorgMarques\/status\/1196879737139929089\" data-tweet-id=\"1196879737139929089\">\n<div class=\"Tweet-ancestorContainer Tweet-ancestorContainer--repliesRefresh\"><a class=\"TweetAuthor-avatar TweetAuthor-avatar--ancestor Identity-avatar u-linkBlend\" href=\"https:\/\/twitter.com\/GeorgMarques\" data-scribe=\"element:user_link\"><img data-recalc-dims=\"1\" decoding=\"async\" class=\"Avatar\" src=\"https:\/\/i0.wp.com\/pbs.twimg.com\/profile_images\/1193336877295833089\/OLLojBCK_normal.jpg?w=600&#038;ssl=1\" alt=\"\" data-scribe=\"element:avatar\" data-src-2x=\"https:\/\/pbs.twimg.com\/profile_images\/1193336877295833089\/OLLojBCK_bigger.jpg\" data-src-1x=\"https:\/\/pbs.twimg.com\/profile_images\/1193336877295833089\/OLLojBCK_normal.jpg\" \/><\/a><\/p>\n<div class=\"Tweet-ancestorContents Tweet-ancestorContents--repliesRefresh\">\n<div class=\"Tweet-header\">\n<div class=\"TweetAuthor js-inViewportScribingTarget TweetAuthor--oneLine\" data-scribe=\"component:author\">\n<div class=\"TweetAuthor-nameScreenNameContainer\"><span class=\"TweetAuthor-decoratedName\"><span class=\"TweetAuthor-name Identity-name customisable-highlight\" title=\"George Marques\" data-scribe=\"element:name\">George Marques<\/span><\/span><\/p>\n<div class=\"Icon Icon--verified \" title=\"Conta Verificada\"><\/div>\n<p><span class=\"TweetAuthor-decoratedName\"><span class=\"TweetAuthor-verifiedBadge\" data-scribe=\"element:verified_badge\"><b class=\"u-hiddenVisually\">\u2714<\/b><\/span><\/span><span class=\"TweetAuthor-screenName Identity-screenName\" dir=\"ltr\" title=\"@GeorgMarques\" data-scribe=\"element:screen_name\">@GeorgMarques<\/span><\/div>\n<\/div>\n<div class=\"Tweet-metadata\">\u00a0\u00b7\u00a0<a class=\"u-linkBlend u-url permalink customisable-highlight\" href=\"https:\/\/twitter.com\/GeorgMarques\/status\/1196879737139929089\" data-scribe=\"element:mini_timestamp\"><time class=\"dt-updated\" title=\"Hor\u00e1rio da publica\u00e7\u00e3o: 19 de novembro de 2019 19:55:40 (UTC)\" datetime=\"2019-11-19T19:55:40+0000\">2<abbr title=\" horas\">h<\/abbr><\/time><\/a><\/div>\n<div class=\"Tweet-brand\"><\/div>\n<\/div>\n<div class=\"Tweet-body e-entry-content\" data-scribe=\"component:tweet\">\n<p class=\"Tweet-text e-entry-title\" dir=\"ltr\" lang=\"pt\">Aten\u00e7\u00e3o: o deputado <a class=\"PrettyLink profile customisable h-card\" dir=\"ltr\" href=\"https:\/\/twitter.com\/CoronelTadeu\" data-mentioned-user-id=\"907301328988332033\" data-scribe=\"element:mention\"><span class=\"PrettyLink-prefix\">@<\/span><span class=\"PrettyLink-value\">CoronelTadeu<\/span><\/a> destruiu h\u00e1 pouco a charge do <a class=\"PrettyLink profile customisable h-card\" dir=\"ltr\" href=\"https:\/\/twitter.com\/LatuffCartoons\" data-mentioned-user-id=\"1571428436\" data-scribe=\"element:mention\"><span class=\"PrettyLink-prefix\">@<\/span><span class=\"PrettyLink-value\">LatuffCartoons<\/span><\/a> que estava exposta na C\u00e2mara e simbolizava um PM atirando em um jovem negro. Deputados est\u00e3o neste momento protestando e prometem acionar Conselho de \u00c9tica para que o parlamentar seja punido<\/p>\n<div class=\"Tweet-card\">\n<article class=\"MediaCard\n\n           cards-multimedia\n           customisable-border\" dir=\"ltr\" data-scribe=\"component:card\"><\/p>\n<div class=\"MediaCard-media\">\n<div class=\"MediaCard-widthConstraint js-cspForcedStyle\" data-style=\"max-width: 2000px\">\n<div class=\"MediaCard-mediaContainer MediaCard--roundedTop MediaCard--roundedBottom js-cspForcedStyle\" data-style=\"padding-bottom: 56.2500%\">\n<div class=\"NaturalImage-ctaOverlay PlayButton PlayButton--centered\" data-scribe=\"element:play_button\"><\/div>\n<p><a class=\"MediaCard-mediaAsset MediaCard-mediaPlaceholder NaturalImage NaturalImage--fill js-playableMediaInterstitial\" href=\"https:\/\/twitter.com\/GeorgMarques\/status\/1196879737139929089\"><img decoding=\"async\" class=\"NaturalImage-image\" src=\"https:\/\/pbs.twimg.com\/ext_tw_video_thumb\/1196879599982039041\/pu\/img\/Ewxlne_yQNxQfyqv?format=jpg&amp;name=small\" alt=\"V\u00eddeo incorporado\" data-image=\"https:\/\/pbs.twimg.com\/ext_tw_video_thumb\/1196879599982039041\/pu\/img\/Ewxlne_yQNxQfyqv\" data-scribe=\"element:poster_image\" \/><\/a><\/div>\n<\/div>\n<\/div>\n<\/article>\n<\/div>\n<\/div>\n<\/div>\n<\/div>\n<\/blockquote>\n<\/div>\n<div class=\"EmbeddedTweet-tweetContainer\">\n<div class=\"EmbeddedTweet-tweet\">\n<blockquote class=\"Tweet h-entry js-tweetIdInfo subject expanded\" cite=\"https:\/\/twitter.com\/LatuffCartoons\/status\/1196881441650597891\" data-tweet-id=\"1196881441650597891\" data-scribe=\"section:subject\">\n<div class=\"Tweet-header\"><a class=\"TweetAuthor-avatar  Identity-avatar u-linkBlend\" href=\"https:\/\/twitter.com\/LatuffCartoons\" data-scribe=\"element:user_link\"><img data-recalc-dims=\"1\" decoding=\"async\" class=\"Avatar\" src=\"https:\/\/i0.wp.com\/pbs.twimg.com\/profile_images\/1193072535476289537\/0w1PytPv_normal.jpg?w=600&#038;ssl=1\" alt=\"\" data-scribe=\"element:avatar\" data-src-2x=\"https:\/\/pbs.twimg.com\/profile_images\/1193072535476289537\/0w1PytPv_bigger.jpg\" data-src-1x=\"https:\/\/pbs.twimg.com\/profile_images\/1193072535476289537\/0w1PytPv_normal.jpg\" \/><\/a><\/p>\n<div class=\"TweetAuthor js-inViewportScribingTarget\" data-scribe=\"component:author\">\n<div class=\"TweetAuthor-nameScreenNameContainer\"><span class=\"TweetAuthor-decoratedName\"><span class=\"TweetAuthor-name Identity-name customisable-highlight\" title=\"Carlos Latuff\" data-scribe=\"element:name\">Carlos Latuff<\/span><\/span><\/p>\n<div class=\"Icon Icon--verified \" title=\"Conta Verificada\"><\/div>\n<p><span class=\"TweetAuthor-decoratedName\"><span class=\"TweetAuthor-verifiedBadge\" data-scribe=\"element:verified_badge\"><b class=\"u-hiddenVisually\">\u2714<\/b><\/span><\/span><span class=\"TweetAuthor-screenName Identity-screenName\" dir=\"ltr\" title=\"@LatuffCartoons\" data-scribe=\"element:screen_name\">@LatuffCartoons<\/span><\/div>\n<\/div>\n<\/div>\n<div class=\"Tweet-body e-entry-content\" data-scribe=\"component:tweet\">\n<div class=\"Tweet-target js-inViewportScribingTarget\"><\/div>\n<p class=\"Tweet-text e-entry-title\" dir=\"ltr\" lang=\"pt\">Agress\u00e3o de um policial militar, que por acaso tamb\u00e9m \u00e9 um parlamentar, contra uma de minhas charges exposta no Congresso Nacional e<br \/>\nque denuncia a viol\u00eancia policial, nos leva a seguinte reflex\u00e3o. Se fazem isso contra um cartaz, imagine contra gente de carne, osso e pele negra!<\/p>\n<div class=\"TweetInfo\">\n<div class=\"TweetInfo-like\">\n<div data-scribe=\"element:heart\"><\/div>\n<p><a class=\"TweetInfo-heart\" title=\"Curtiu\" href=\"https:\/\/twitter.com\/intent\/like?tweet_id=1196881441650597891\" data-scribe=\"component:actions\"><span class=\"TweetInfo-heartStat\" data-scribe=\"element:heart_count\">420<\/span><\/a><\/div>\n<div class=\"TweetInfo-timeGeo\"><a class=\"u-linkBlend u-url customisable-highlight long-permalink\" href=\"https:\/\/twitter.com\/LatuffCartoons\/status\/1196881441650597891\" data-datetime=\"2019-11-19T20:02:27+0000\" data-scribe=\"element:full_timestamp\"><time class=\"dt-updated\" title=\"Hor\u00e1rio da publica\u00e7\u00e3o: 19 de novembro de 2019 20:02:27 (UTC)\" datetime=\"2019-11-19T20:02:27+0000\">17:02 &#8211; 19 de nov de 2019<\/time><\/a><\/div>\n<div class=\"tweet-InformationCircle\" data-scribe=\"element:notice\"><a class=\"Icon Icon--informationCircleWhite js-inViewportScribingTarget\" title=\"Informa\u00e7\u00f5es e privacidade no Twitter Ads\" href=\"https:\/\/support.twitter.com\/articles\/20175256\"><span class=\"u-hiddenVisually\">Informa\u00e7\u00f5es e privacidade no Twitter Ads<\/span><\/a><\/div>\n<\/div>\n<\/div>\n<\/blockquote>\n<\/div>\n<div class=\"CallToAction-icon\" data-scribe=\"element:conversation_icon\"><\/div>\n<div class=\"CallToAction-text\" data-scribe=\"element:conversation_text\">171 pessoas est\u00e3o falando sobre isso<\/div>\n<div class=\"CallToAction-chevron\" data-scribe=\"element:cta_chevron\"><\/div>\n<\/div>\n<\/div>\n<div class=\"resize-sensor\"><\/div>\n<\/div>\n<\/div>\n<\/div>\n<\/article>\n<div><\/div>\n<\/div>\n","protected":false},"excerpt":{"rendered":"<p>247 &#8211;\u00a0O cartunista Carlos Latuff comentou o ato de\u00a0vandalismo do deputado federal Coronel Tadeu (PSL)\u00a0que destruiu um desenho seu no qual denunciava a viol\u00eancia policial contra a popula\u00e7\u00e3o negra.<\/p>\n","protected":false},"author":1,"featured_media":0,"comment_status":"closed","ping_status":"open","sticky":false,"template":"","format":"standard","meta":{"_exactmetrics_skip_tracking":false,"_exactmetrics_sitenote_active":false,"_exactmetrics_sitenote_note":"","_exactmetrics_sitenote_category":0,"jetpack_post_was_ever_published":false,"_jetpack_newsletter_access":"","_jetpack_dont_email_post_to_subs":false,"_jetpack_newsletter_tier_id":0,"_jetpack_memberships_contains_paywalled_content":false,"_jetpack_memberships_contains_paid_content":false,"footnotes":"","jetpack_publicize_message":"","jetpack_publicize_feature_enabled":true,"jetpack_social_post_already_shared":true,"jetpack_social_options":{"image_generator_settings":{"template":"highway","enabled":false},"version":2}},"categories":[1],"tags":[],"class_list":["post-25049","post","type-post","status-publish","format-standard","hentry","category-notas"],"jetpack_publicize_connections":[],"jetpack_sharing_enabled":true,"jetpack_featured_media_url":"","jetpack_shortlink":"https:\/\/wp.me\/p7wKYW-6w1","jetpack-related-posts":[],"_links":{"self":[{"href":"http:\/\/blogdalucianaoliveira.com.br\/blog\/wp-json\/wp\/v2\/posts\/25049","targetHints":{"allow":["GET"]}}],"collection":[{"href":"http:\/\/blogdalucianaoliveira.com.br\/blog\/wp-json\/wp\/v2\/posts"}],"about":[{"href":"http:\/\/blogdalucianaoliveira.com.br\/blog\/wp-json\/wp\/v2\/types\/post"}],"author":[{"embeddable":true,"href":"http:\/\/blogdalucianaoliveira.com.br\/blog\/wp-json\/wp\/v2\/users\/1"}],"replies":[{"embeddable":true,"href":"http:\/\/blogdalucianaoliveira.com.br\/blog\/wp-json\/wp\/v2\/comments?post=25049"}],"version-history":[{"count":1,"href":"http:\/\/blogdalucianaoliveira.com.br\/blog\/wp-json\/wp\/v2\/posts\/25049\/revisions"}],"predecessor-version":[{"id":25050,"href":"http:\/\/blogdalucianaoliveira.com.br\/blog\/wp-json\/wp\/v2\/posts\/25049\/revisions\/25050"}],"wp:attachment":[{"href":"http:\/\/blogdalucianaoliveira.com.br\/blog\/wp-json\/wp\/v2\/media?parent=25049"}],"wp:term":[{"taxonomy":"category","embeddable":true,"href":"http:\/\/blogdalucianaoliveira.com.br\/blog\/wp-json\/wp\/v2\/categories?post=25049"},{"taxonomy":"post_tag","embeddable":true,"href":"http:\/\/blogdalucianaoliveira.com.br\/blog\/wp-json\/wp\/v2\/tags?post=25049"}],"curies":[{"name":"wp","href":"https:\/\/api.w.org\/{rel}","templated":true}]}}