{"id":2505,"date":"2016-07-19T16:43:06","date_gmt":"2016-07-19T20:43:06","guid":{"rendered":"http:\/\/blogdalucianaoliveira.com.br\/blog\/?p=2505"},"modified":"2016-07-19T16:43:06","modified_gmt":"2016-07-19T20:43:06","slug":"ta-achando-ruim-o-bloqueio-do-whatsapp-a-cpi-de-crimes-ciberneticos-preve-coisa-muito-pior","status":"publish","type":"post","link":"http:\/\/blogdalucianaoliveira.com.br\/blog\/2016\/07\/19\/ta-achando-ruim-o-bloqueio-do-whatsapp-a-cpi-de-crimes-ciberneticos-preve-coisa-muito-pior\/","title":{"rendered":"T\u00e1 achando ruim o bloqueio do WhatsApp? A CPI de Crimes Cibern\u00e9ticos prev\u00ea coisa muito pior"},"content":{"rendered":"<p><img data-recalc-dims=\"1\" loading=\"lazy\" decoding=\"async\" data-attachment-id=\"2509\" data-permalink=\"http:\/\/blogdalucianaoliveira.com.br\/blog\/2016\/07\/19\/ta-achando-ruim-o-bloqueio-do-whatsapp-a-cpi-de-crimes-ciberneticos-preve-coisa-muito-pior\/image-578\/\" data-orig-file=\"https:\/\/i0.wp.com\/blogdalucianaoliveira.com.br\/blog\/wp-content\/uploads\/2016\/07\/image-128.jpeg?fit=519%2C283\" data-orig-size=\"519,283\" data-comments-opened=\"0\" data-image-meta=\"{&quot;aperture&quot;:&quot;0&quot;,&quot;credit&quot;:&quot;&quot;,&quot;camera&quot;:&quot;&quot;,&quot;caption&quot;:&quot;&quot;,&quot;created_timestamp&quot;:&quot;0&quot;,&quot;copyright&quot;:&quot;&quot;,&quot;focal_length&quot;:&quot;0&quot;,&quot;iso&quot;:&quot;0&quot;,&quot;shutter_speed&quot;:&quot;0&quot;,&quot;title&quot;:&quot;&quot;,&quot;orientation&quot;:&quot;0&quot;}\" data-image-title=\"image\" data-image-description=\"\" data-image-caption=\"\" data-medium-file=\"https:\/\/i0.wp.com\/blogdalucianaoliveira.com.br\/blog\/wp-content\/uploads\/2016\/07\/image-128.jpeg?fit=300%2C164\" data-large-file=\"https:\/\/i0.wp.com\/blogdalucianaoliveira.com.br\/blog\/wp-content\/uploads\/2016\/07\/image-128.jpeg?fit=519%2C283\" src=\"https:\/\/i0.wp.com\/blogdalucianaoliveira.com.br\/blog\/wp-content\/uploads\/2016\/07\/image-128.jpeg?resize=519%2C283\" alt=\"image\" width=\"519\" height=\"283\" class=\"alignnone size-full wp-image-2509\" srcset=\"https:\/\/i0.wp.com\/blogdalucianaoliveira.com.br\/blog\/wp-content\/uploads\/2016\/07\/image-128.jpeg?w=519 519w, https:\/\/i0.wp.com\/blogdalucianaoliveira.com.br\/blog\/wp-content\/uploads\/2016\/07\/image-128.jpeg?resize=300%2C164 300w\" sizes=\"auto, (max-width: 519px) 100vw, 519px\" \/><\/p>\n<p>\u00c9 o quarto pedido de bloqueio do aplicativo \u00e0 justi\u00e7a brasileira. <!--more--><\/p>\n<p>O diretor ITS-RJ (Instituto de Tecnologia e Sociedade do Rio de Janeiro) Ronaldo Lemos disse que a determina\u00e7\u00e3o da ju\u00edza do Rio de Janeiro para o bloqueio do WhatsApp no Brasil viola a Constitui\u00e7\u00e3o e o Marco Civil da Internet. <\/p>\n<p>O ITS Rio promete entrar com um pedido no STF (Supremo Tribunal Federal) para declarar inconstitucional esse tipo de medida no pa\u00eds.<\/p>\n<p>\u201cEst\u00e1 virando \u201cnormal\u201d no pa\u00eds pr\u00e1ticas de bloqueio que s\u00e3o t\u00edpicas somente de pa\u00edses autorit\u00e1rios, como Ar\u00e1bia Saudita ou Coreia do Norte\u201d, afirmou o especialista ao site Brasileiros. <\/p>\n<p>Ronaldo \u00e9 um dos autores do Marco Civil da Internet e cr\u00edtico ferrenho da CPI de Crimes Cibern\u00e9ticos presidida pela deputada Mariana Carvalho. <\/p>\n<p> &#8220;\u00c9 medida feita sob encomenda para pol\u00edticos que se sentem incomodados pela internet. D\u00e1 a eles o direito de apagar tudo que os desagrade. [&#8230;]Vai ter muito pa\u00eds autorit\u00e1rio com inveja desse sistema de controle brasileiro&#8221;, criticou<br \/>\nLemos.<\/p>\n<p><img data-recalc-dims=\"1\" loading=\"lazy\" decoding=\"async\" data-attachment-id=\"2510\" data-permalink=\"http:\/\/blogdalucianaoliveira.com.br\/blog\/2016\/07\/19\/ta-achando-ruim-o-bloqueio-do-whatsapp-a-cpi-de-crimes-ciberneticos-preve-coisa-muito-pior\/image-579\/\" data-orig-file=\"https:\/\/i0.wp.com\/blogdalucianaoliveira.com.br\/blog\/wp-content\/uploads\/2016\/07\/image-129.jpeg?fit=474%2C310\" data-orig-size=\"474,310\" data-comments-opened=\"0\" data-image-meta=\"{&quot;aperture&quot;:&quot;0&quot;,&quot;credit&quot;:&quot;&quot;,&quot;camera&quot;:&quot;&quot;,&quot;caption&quot;:&quot;&quot;,&quot;created_timestamp&quot;:&quot;0&quot;,&quot;copyright&quot;:&quot;&quot;,&quot;focal_length&quot;:&quot;0&quot;,&quot;iso&quot;:&quot;0&quot;,&quot;shutter_speed&quot;:&quot;0&quot;,&quot;title&quot;:&quot;&quot;,&quot;orientation&quot;:&quot;0&quot;}\" data-image-title=\"image\" data-image-description=\"\" data-image-caption=\"\" data-medium-file=\"https:\/\/i0.wp.com\/blogdalucianaoliveira.com.br\/blog\/wp-content\/uploads\/2016\/07\/image-129.jpeg?fit=300%2C196\" data-large-file=\"https:\/\/i0.wp.com\/blogdalucianaoliveira.com.br\/blog\/wp-content\/uploads\/2016\/07\/image-129.jpeg?fit=474%2C310\" src=\"https:\/\/i0.wp.com\/blogdalucianaoliveira.com.br\/blog\/wp-content\/uploads\/2016\/07\/image-129.jpeg?resize=474%2C310\" alt=\"image\" width=\"474\" height=\"310\" class=\"alignnone size-full wp-image-2510\" srcset=\"https:\/\/i0.wp.com\/blogdalucianaoliveira.com.br\/blog\/wp-content\/uploads\/2016\/07\/image-129.jpeg?w=474 474w, https:\/\/i0.wp.com\/blogdalucianaoliveira.com.br\/blog\/wp-content\/uploads\/2016\/07\/image-129.jpeg?resize=300%2C196 300w, https:\/\/i0.wp.com\/blogdalucianaoliveira.com.br\/blog\/wp-content\/uploads\/2016\/07\/image-129.jpeg?resize=459%2C300 459w\" sizes=\"auto, (max-width: 474px) 100vw, 474px\" \/><\/p>\n<p>O relat\u00f3rio da CPI resultou no encaminhamento de primetos de lei bizarros, como o que d\u00e1 \u00e0 Pol\u00edcia Federal a atribui\u00e7\u00e3o para lidar com tais crimes, a divulga\u00e7\u00e3o de IP de usu\u00e1rios, cancelamento de contas nas redes sociais, a exclus\u00e3o em 48 horas de posts que possam se enquadrar em crit\u00e9rios subjetivos como &#8220;acintoso&#8221; e &#8220;difamat\u00f3rio&#8221;.<\/p>\n<p>Confira o artigo de Ronaldo Lemos: <\/p>\n<p>http:\/\/m.folha.uol.com.br\/colunas\/ronaldolemos\/2016\/04\/1756693-comissao-quer-criar-censura-20.shtml<\/p>\n","protected":false},"excerpt":{"rendered":"<p>\u00c9 o quarto pedido de bloqueio do aplicativo \u00e0 justi\u00e7a brasileira.<\/p>\n","protected":false},"author":1,"featured_media":0,"comment_status":"closed","ping_status":"open","sticky":false,"template":"","format":"standard","meta":{"_exactmetrics_skip_tracking":false,"_exactmetrics_sitenote_active":false,"_exactmetrics_sitenote_note":"","_exactmetrics_sitenote_category":0,"jetpack_post_was_ever_published":false,"_jetpack_newsletter_access":"","_jetpack_dont_email_post_to_subs":false,"_jetpack_newsletter_tier_id":0,"_jetpack_memberships_contains_paywalled_content":false,"_jetpack_memberships_contains_paid_content":false,"footnotes":"","jetpack_publicize_message":"","jetpack_publicize_feature_enabled":true,"jetpack_social_post_already_shared":true,"jetpack_social_options":{"image_generator_settings":{"template":"highway","enabled":false},"version":2}},"categories":[1],"tags":[],"class_list":["post-2505","post","type-post","status-publish","format-standard","hentry","category-notas"],"jetpack_publicize_connections":[],"jetpack_sharing_enabled":true,"jetpack_featured_media_url":"","jetpack_shortlink":"https:\/\/wp.me\/p7wKYW-Ep","jetpack-related-posts":[],"_links":{"self":[{"href":"http:\/\/blogdalucianaoliveira.com.br\/blog\/wp-json\/wp\/v2\/posts\/2505","targetHints":{"allow":["GET"]}}],"collection":[{"href":"http:\/\/blogdalucianaoliveira.com.br\/blog\/wp-json\/wp\/v2\/posts"}],"about":[{"href":"http:\/\/blogdalucianaoliveira.com.br\/blog\/wp-json\/wp\/v2\/types\/post"}],"author":[{"embeddable":true,"href":"http:\/\/blogdalucianaoliveira.com.br\/blog\/wp-json\/wp\/v2\/users\/1"}],"replies":[{"embeddable":true,"href":"http:\/\/blogdalucianaoliveira.com.br\/blog\/wp-json\/wp\/v2\/comments?post=2505"}],"version-history":[{"count":2,"href":"http:\/\/blogdalucianaoliveira.com.br\/blog\/wp-json\/wp\/v2\/posts\/2505\/revisions"}],"predecessor-version":[{"id":2512,"href":"http:\/\/blogdalucianaoliveira.com.br\/blog\/wp-json\/wp\/v2\/posts\/2505\/revisions\/2512"}],"wp:attachment":[{"href":"http:\/\/blogdalucianaoliveira.com.br\/blog\/wp-json\/wp\/v2\/media?parent=2505"}],"wp:term":[{"taxonomy":"category","embeddable":true,"href":"http:\/\/blogdalucianaoliveira.com.br\/blog\/wp-json\/wp\/v2\/categories?post=2505"},{"taxonomy":"post_tag","embeddable":true,"href":"http:\/\/blogdalucianaoliveira.com.br\/blog\/wp-json\/wp\/v2\/tags?post=2505"}],"curies":[{"name":"wp","href":"https:\/\/api.w.org\/{rel}","templated":true}]}}