{"id":25055,"date":"2019-11-20T10:24:13","date_gmt":"2019-11-20T14:24:13","guid":{"rendered":"http:\/\/blogdalucianaoliveira.com.br\/blog\/?p=25055"},"modified":"2019-11-20T10:24:13","modified_gmt":"2019-11-20T14:24:13","slug":"20-de-novembro-conheca-a-historia-do-dia-da-consciencia-negra","status":"publish","type":"post","link":"http:\/\/blogdalucianaoliveira.com.br\/blog\/2019\/11\/20\/20-de-novembro-conheca-a-historia-do-dia-da-consciencia-negra\/","title":{"rendered":"20 de novembro: conhe\u00e7a a hist\u00f3ria do dia da Consci\u00eancia Negra"},"content":{"rendered":"<header>\n<h1 class=\"title\"><img data-recalc-dims=\"1\" decoding=\"async\" src=\"https:\/\/i0.wp.com\/farm66.staticflickr.com\/65535\/49092346616_4328d72e46_z.jpg?w=600&#038;ssl=1\" alt=\"Est\u00e1tua em homenagem a Zumbi em Uni\u00e3o dos Palmares (AL) - Cr\u00e9ditos: Reprodu\u00e7\u00e3o\" \/>Celebrada desde os anos 1960 pelo Movimento Negro, data relembra a hist\u00f3ria de resist\u00eancia contra a escravid\u00e3o<\/h1>\n<\/header>\n<div class=\"details-bar\">\n<div class=\"author-time\">\n<div class=\"author\"><!--more--><\/div>\n<\/div>\n<\/div>\n<div class=\"content\">\n<div class=\"text-content\">\n<div class=\"details-bar\">\n<div class=\"author-time\">\n<div class=\"author\">Vanessa Gonzaga<\/div>\n<div class=\"place-and-time\">\n<div class=\"place\">\n<p>Brasil de Fato | Recife (PE)<\/p>\n<\/div>\n<\/div>\n<\/div>\n<\/div>\n<figure><\/figure>\n<p>O dia da Consci\u00eancia Negra existe oficialmente desde 2003 como uma celebra\u00e7\u00e3o escolar e desde 2011 como lei. A data marca a morte de um dos maiores lutadores contra a escravid\u00e3o no Brasil, Zumbi dos Palmares. Apesar da celebra\u00e7\u00e3o na data, est\u00e1tuas e monumentos que levam o seu nome, a hist\u00f3ria de Zumbi e do Quilombo dos Palmares \u00e9 pouco conhecida.<\/p>\n<p>A hist\u00f3ria conta que filho de Sabina, Zumbi nasceu livre em 1655 no estado de Alagoas. Ainda pequeno, foi entregue a um padre e batizado com o nome de Francisco. Foi quando ele aprendeu a falar portugu\u00eas e a participar do cotidiano de celebra\u00e7\u00f5es da igreja at\u00e9 os 15 anos, quando decidiu voltar ao quilombo dos Palmares, at\u00e9 ent\u00e3o governado pelo seu tio Ganga Zumba.<\/p>\n<p>O Quilombo dos Palmares ficava na regi\u00e3o da Serra da Barriga, hoje territ\u00f3rio alagoano e \u00e9 considerado por historiadores como o maior quilombo da Am\u00e9rica Latina, chegando a ter uma popula\u00e7\u00e3o de 20 mil habitantes de negros e negras que fugiram da escravid\u00e3o, ind\u00edgenas e pessoas consideradas \u201cfora da lei\u201d na \u00e9poca. O Quilombo era, na verdade, uma jun\u00e7\u00e3o de pequenos mocambos, nome a dados \u00e0 pequenas comunidades, sendo o centro pol\u00edtico de Palmares o mocambo do Macaco.<\/p>\n<p>L\u00e1, a terra e a produ\u00e7\u00e3o eram coletivizadas, sendo a agricultura a principal atividade do local. Documentos tamb\u00e9m apontam a exist\u00eancia de olarias, oficinas de metalurgia, cria\u00e7\u00e3o de pequenos animais e artesanato, que era vendido nas pequenas vilas nos arredores e enviados tamb\u00e9m para aqueles que n\u00e3o conseguiam fugir do dom\u00ednio dos senhores de engenho.<\/p>\n<p>A grandiosidade e prosperidade do Quilombo assustava os escravocratas, que viram durante anos as fugas das senzalas em dire\u00e7\u00e3o a Palmares. Por isso, na segunda metade do s\u00e9culo XVII iniciaram expedi\u00e7\u00f5es para atacar e destruir o local, mas todas sem sucesso. Para diminuir os ataques, em 1678 Ganga Zumba vai ao Recife para negociar com o ent\u00e3o governador do estado, D. Pedro de Almeida. O acordo foi de que os nascidos em Palmares seriam considerados livres; todos que aceitassem o acordo seriam retirados da serra e receberiam terras para viver; seria proibido abrigar novos escravos fugidos\u00a0e os que garantissem sua liberdade seriam considerados propriedades da Coroa. O acordo causou confus\u00e3o especialmente entre os que eram considerados fugitivos, j\u00e1 que teriam que renunciar a sua liberdade. Logo ap\u00f3s o acordo, Ganga Zumba \u00e9 morto, sendo a principal suspeita da sua morte um envenenamento. A partir da\u00ed, seu sobrinho\u00a0Zumbi\u00a0passa a governar Palmares, numa \u00e9poca de muitos ataques e expedi\u00e7\u00f5es financiadas pela Coroa.<\/p>\n<p>Em 1694, \u00e9 feita a maior investida contra o Quilombo, sob o comando de Domingos Jorge Velho e Vieira de Mello, que centraram for\u00e7as na destrui\u00e7\u00e3o do mocambo do Macaco. Em meio ao combate Zumbi \u00e9 ferido, mas consegue fugir. S\u00f3 em 1695, no dia 20 de novembro, Zumbi \u00e9 entregue por um antigo companheiro,\u00a0\u00e9 morto e tem sua cabe\u00e7a exposta no P\u00e1tio do Carmo, em Recife, para desmentir os rumores da \u00e9poca de que o l\u00edder de Palmares era imortal.<\/p>\n<p>A data passou a ser celebrada pelo Movimento Negro a partir da d\u00e9cada de 1960 como uma forma de valoriza\u00e7\u00e3o da comunidade negra e da sua contribui\u00e7\u00e3o na hist\u00f3ria do pa\u00eds. Hoje, a data \u00e9 oficializada pela lei n\u00ba 12.519\/2011 e celebra a resist\u00eancia do povo negro contra a escravid\u00e3o e a luta contra o racismo no Brasil, tendo Zumbi como um dos principais lutadores da hist\u00f3ria pela liberdade. Atualmente, a data \u00e9 feriado municipal em mais de mil cidades e estadual em Alagoas, Amazonas, Amap\u00e1, Mato Grosso e Rio de Janeiro.<\/p>\n<p class=\"editor\">Edi\u00e7\u00e3o: Monyse Ravenna<\/p>\n<\/div>\n<\/div>\n","protected":false},"excerpt":{"rendered":"<p>Celebrada desde os anos 1960 pelo Movimento Negro, data relembra a hist\u00f3ria de resist\u00eancia contra a escravid\u00e3o<\/p>\n","protected":false},"author":1,"featured_media":0,"comment_status":"closed","ping_status":"open","sticky":false,"template":"","format":"standard","meta":{"_exactmetrics_skip_tracking":false,"_exactmetrics_sitenote_active":false,"_exactmetrics_sitenote_note":"","_exactmetrics_sitenote_category":0,"jetpack_post_was_ever_published":false,"_jetpack_newsletter_access":"","_jetpack_dont_email_post_to_subs":false,"_jetpack_newsletter_tier_id":0,"_jetpack_memberships_contains_paywalled_content":false,"_jetpack_memberships_contains_paid_content":false,"footnotes":"","jetpack_publicize_message":"","jetpack_publicize_feature_enabled":true,"jetpack_social_post_already_shared":false,"jetpack_social_options":{"image_generator_settings":{"template":"highway","enabled":false},"version":2}},"categories":[1],"tags":[],"class_list":["post-25055","post","type-post","status-publish","format-standard","hentry","category-notas"],"jetpack_publicize_connections":[],"jetpack_sharing_enabled":true,"jetpack_featured_media_url":"","jetpack_shortlink":"https:\/\/wp.me\/p7wKYW-6w7","jetpack-related-posts":[],"_links":{"self":[{"href":"http:\/\/blogdalucianaoliveira.com.br\/blog\/wp-json\/wp\/v2\/posts\/25055","targetHints":{"allow":["GET"]}}],"collection":[{"href":"http:\/\/blogdalucianaoliveira.com.br\/blog\/wp-json\/wp\/v2\/posts"}],"about":[{"href":"http:\/\/blogdalucianaoliveira.com.br\/blog\/wp-json\/wp\/v2\/types\/post"}],"author":[{"embeddable":true,"href":"http:\/\/blogdalucianaoliveira.com.br\/blog\/wp-json\/wp\/v2\/users\/1"}],"replies":[{"embeddable":true,"href":"http:\/\/blogdalucianaoliveira.com.br\/blog\/wp-json\/wp\/v2\/comments?post=25055"}],"version-history":[{"count":1,"href":"http:\/\/blogdalucianaoliveira.com.br\/blog\/wp-json\/wp\/v2\/posts\/25055\/revisions"}],"predecessor-version":[{"id":25056,"href":"http:\/\/blogdalucianaoliveira.com.br\/blog\/wp-json\/wp\/v2\/posts\/25055\/revisions\/25056"}],"wp:attachment":[{"href":"http:\/\/blogdalucianaoliveira.com.br\/blog\/wp-json\/wp\/v2\/media?parent=25055"}],"wp:term":[{"taxonomy":"category","embeddable":true,"href":"http:\/\/blogdalucianaoliveira.com.br\/blog\/wp-json\/wp\/v2\/categories?post=25055"},{"taxonomy":"post_tag","embeddable":true,"href":"http:\/\/blogdalucianaoliveira.com.br\/blog\/wp-json\/wp\/v2\/tags?post=25055"}],"curies":[{"name":"wp","href":"https:\/\/api.w.org\/{rel}","templated":true}]}}