{"id":25057,"date":"2019-11-20T10:30:58","date_gmt":"2019-11-20T14:30:58","guid":{"rendered":"http:\/\/blogdalucianaoliveira.com.br\/blog\/?p=25057"},"modified":"2019-11-20T10:30:58","modified_gmt":"2019-11-20T14:30:58","slug":"bolsonaro-chama-a-folha-de-jornaleco-e-convida-empresarios-a-cancelar-publicidade-no-jornal-da-familia-frias","status":"publish","type":"post","link":"http:\/\/blogdalucianaoliveira.com.br\/blog\/2019\/11\/20\/bolsonaro-chama-a-folha-de-jornaleco-e-convida-empresarios-a-cancelar-publicidade-no-jornal-da-familia-frias\/","title":{"rendered":"Bolsonaro chama a Folha de \u201cjornaleco\u201d e convida empres\u00e1rios a cancelar publicidade no jornal da fam\u00edlia Frias"},"content":{"rendered":"<figure><picture><img data-recalc-dims=\"1\" decoding=\"async\" title=\" \" src=\"https:\/\/i0.wp.com\/publisher-publish.s3.eu-central-1.amazonaws.com\/pb-brasil247\/swp\/jtjeq9\/media\/20191120131132_8abf5454-7e2a-43f8-8ee2-fba4e6173400.jpeg?w=600&#038;ssl=1\" alt=\"\" \/><\/picture><\/figure>\n<p><b>247<\/b>\u00a0&#8211; Em sua guerra contra a imprensa, Jair Bolsonaro voltou a atacar o jornal Folha de S.Paulo, ap\u00f3s a publica\u00e7\u00e3o de uma reportagem apontando que o governo n\u00e3o tem dinheiro para cumprir cumprir a promessa de pagar um 13\u00ba para os benefici\u00e1rios do Bols Fam\u00edlia. De acordo com a\u00a0<a href=\"https:\/\/www1.folha.uol.com.br\/mercado\/2019\/11\/bolsa-familia-nao-tem-dinheiro-para-pagar-o-13o-prometido-por-bolsonaro.shtml\">mat\u00e9ria<\/a>, uma nota t\u00e9cnica do Legislativo informou que ainda faltam R$ 759 milh\u00f5es na reserva do programa para garantir os pagamentos neste ano. Sem este dinheiro, cerca de 4 milh\u00f5es de pessoas n\u00e3o poder\u00e3o receber o benef\u00edcio.<\/p>\n<p><!--more--><\/p>\n<p>&#8220;Jornaleco n\u00e3o vive sem MENTIR. Suspendi minha assinatura e muitos empres\u00e1rios t\u00eam cancelado contratos publicit\u00e1rios nesse jornal campe\u00e3o de fake news e desinforma\u00e7\u00e3o&#8221;, disse Bolsonaro no Facebook.<\/p>\n<p>N\u00e3o \u00e9 a primeira vez que Bolsonaro ataca o jornal. Em outubro, ele deixou um recado: &#8220;n\u00e3o vamos mais gastar dinheiro com esse tipo de jornal. E quem anuncia na Folha de S.Paulo presta aten\u00e7\u00e3o, est\u00e1 certo?&#8221;<\/p>\n<p>Em agosto, ele criticou um rep\u00f3rter do jornal Folha de S.Paulo, ap\u00f3s ser questionado sobre Maria Aparecida Firmo Ferreira, 78, av\u00f3 da primeira-dama Michelle Bolsonaro. A senhora passou dois dias esperando ser atendido em uma maca improvisada nos corredores do Hospital Regional de Ceil\u00e2ndia, na periferia de Bras\u00edlia.<\/p>\n<p>&#8220;Voc\u00ea estava atr\u00e1s de outra mat\u00e9ria. N\u00e3o perturba n\u00e3o. S\u00f3 podia ser a Folha pra tentar estragar o meu Dia dos Pais. D\u00e1 um tempo a\u00ed, \u00f4, man\u00e9!&#8221;, disse Bolsonaro.<\/p>\n<p>No m\u00eas de maio, ele disse que o jornal n\u00e3o tem que contratar &#8220;qualquer uma&#8221; para trabalhar. A rep\u00f3rter Marina Dias havia questionado Bolsonaro sobre cortes verba na Educa\u00e7\u00e3o.<\/p>\n<p>Segundo o chefe do Planalto, a jornalista tinha que entrar de novo &#8220;numa faculdade que presta e fazer bom jornalismo&#8221;.<\/p>\n<div class=\"embed-block\"><iframe loading=\"lazy\" src=\"https:\/\/www.facebook.com\/plugins\/post.php?href=https%3A%2F%2Fwww.facebook.com%2Fjairmessias.bolsonaro%2Fposts%2F1673718399443806&amp;width=500\" width=\"500\" height=\"396\" frameborder=\"0\" scrolling=\"no\"><\/iframe><\/div>\n<p>&nbsp;<\/p>\n","protected":false},"excerpt":{"rendered":"<p>247\u00a0&#8211; Em sua guerra contra a imprensa, Jair Bolsonaro voltou a atacar o jornal Folha de S.Paulo, ap\u00f3s a publica\u00e7\u00e3o de uma reportagem apontando que o governo n\u00e3o tem dinheiro para cumprir cumprir a promessa de pagar um 13\u00ba para os benefici\u00e1rios do Bols Fam\u00edlia. De acordo com a\u00a0mat\u00e9ria, uma nota t\u00e9cnica do Legislativo informou&#8230;<a class=\"more-link\" href=\"http:\/\/blogdalucianaoliveira.com.br\/blog\/2019\/11\/20\/bolsonaro-chama-a-folha-de-jornaleco-e-convida-empresarios-a-cancelar-publicidade-no-jornal-da-familia-frias\/\">Continue a leitura <span class=\"meta-nav\">&raquo;<\/span><\/a><\/p>\n","protected":false},"author":1,"featured_media":0,"comment_status":"closed","ping_status":"open","sticky":false,"template":"","format":"standard","meta":{"_exactmetrics_skip_tracking":false,"_exactmetrics_sitenote_active":false,"_exactmetrics_sitenote_note":"","_exactmetrics_sitenote_category":0,"jetpack_post_was_ever_published":false,"_jetpack_newsletter_access":"","_jetpack_dont_email_post_to_subs":false,"_jetpack_newsletter_tier_id":0,"_jetpack_memberships_contains_paywalled_content":false,"_jetpack_memberships_contains_paid_content":false,"footnotes":"","jetpack_publicize_message":"","jetpack_publicize_feature_enabled":true,"jetpack_social_post_already_shared":false,"jetpack_social_options":{"image_generator_settings":{"template":"highway","enabled":false},"version":2}},"categories":[1],"tags":[],"class_list":["post-25057","post","type-post","status-publish","format-standard","hentry","category-notas"],"jetpack_publicize_connections":[],"jetpack_sharing_enabled":true,"jetpack_featured_media_url":"","jetpack_shortlink":"https:\/\/wp.me\/p7wKYW-6w9","jetpack-related-posts":[],"_links":{"self":[{"href":"http:\/\/blogdalucianaoliveira.com.br\/blog\/wp-json\/wp\/v2\/posts\/25057","targetHints":{"allow":["GET"]}}],"collection":[{"href":"http:\/\/blogdalucianaoliveira.com.br\/blog\/wp-json\/wp\/v2\/posts"}],"about":[{"href":"http:\/\/blogdalucianaoliveira.com.br\/blog\/wp-json\/wp\/v2\/types\/post"}],"author":[{"embeddable":true,"href":"http:\/\/blogdalucianaoliveira.com.br\/blog\/wp-json\/wp\/v2\/users\/1"}],"replies":[{"embeddable":true,"href":"http:\/\/blogdalucianaoliveira.com.br\/blog\/wp-json\/wp\/v2\/comments?post=25057"}],"version-history":[{"count":1,"href":"http:\/\/blogdalucianaoliveira.com.br\/blog\/wp-json\/wp\/v2\/posts\/25057\/revisions"}],"predecessor-version":[{"id":25058,"href":"http:\/\/blogdalucianaoliveira.com.br\/blog\/wp-json\/wp\/v2\/posts\/25057\/revisions\/25058"}],"wp:attachment":[{"href":"http:\/\/blogdalucianaoliveira.com.br\/blog\/wp-json\/wp\/v2\/media?parent=25057"}],"wp:term":[{"taxonomy":"category","embeddable":true,"href":"http:\/\/blogdalucianaoliveira.com.br\/blog\/wp-json\/wp\/v2\/categories?post=25057"},{"taxonomy":"post_tag","embeddable":true,"href":"http:\/\/blogdalucianaoliveira.com.br\/blog\/wp-json\/wp\/v2\/tags?post=25057"}],"curies":[{"name":"wp","href":"https:\/\/api.w.org\/{rel}","templated":true}]}}