{"id":25059,"date":"2019-11-20T11:03:32","date_gmt":"2019-11-20T15:03:32","guid":{"rendered":"http:\/\/blogdalucianaoliveira.com.br\/blog\/?p=25059"},"modified":"2019-11-20T11:03:32","modified_gmt":"2019-11-20T15:03:32","slug":"denuncias-de-discriminacao-religiosa-contra-adeptos-de-religioes-de-matriz-africana-aumentam-55-em-2018","status":"publish","type":"post","link":"http:\/\/blogdalucianaoliveira.com.br\/blog\/2019\/11\/20\/denuncias-de-discriminacao-religiosa-contra-adeptos-de-religioes-de-matriz-africana-aumentam-55-em-2018\/","title":{"rendered":"Den\u00fancias de discrimina\u00e7\u00e3o religiosa contra adeptos de religi\u00f5es de matriz africana aumentam 5,5% em 2018"},"content":{"rendered":"<p><img data-recalc-dims=\"1\" decoding=\"async\" src=\"https:\/\/i0.wp.com\/s2.glbimg.com\/3JborhgYm_81fW6jin3Mx-vKLvg%3D\/0x0%3A3000x2000\/1008x0\/smart\/filters%3Astrip_icc%28%29\/i.s3.glbimg.com\/v1\/AUTH_59edd422c0c84a879bd37670ae4f538a\/internal_photos\/bs\/2019\/A\/6\/MXnQGZRdWhLB1uEfkfmw\/1411-f99a6699-celso-tavares-g1-.jpg?w=600&#038;ssl=1\" alt=\"Detalhe do espa\u00e7o do Centro Espiritualista de Umbanda (CEU) Estrela Guia, no bairro da Sa\u00fade, Zona Sul de SP \u2014 Foto: Celso Tavares\/G1\" \/><\/p>\n<div>\n<div>\n<h2>Dados s\u00e3o do Minist\u00e9rio da Mulher, da Fam\u00edlia e dos Direitos Humanos (MMFDH) e comparados com 2017. N\u00famero de den\u00fancias de discrimina\u00e7\u00e3o contra outras religi\u00f5es caiu 9,9% no mesmo per\u00edodo.<\/h2>\n<\/div>\n<\/div>\n<p><!--more--><\/p>\n<div>\u00a0No G1<\/div>\n<div class=\"content__signa-share\">\n<div data-block-type=\"unstyled\" data-block-weight=\"61\" data-block-id=\"2\">\n<p data-track-category=\"Link no Texto\" data-track-links=\"\">O n\u00famero de den\u00fancias de discrimina\u00e7\u00e3o religiosa contra terreiros e adeptos de religi\u00f5es de matriz africana como umbanda e candombl\u00e9 aumentou 5,5% em 2018 em rela\u00e7\u00e3o a 2017 no Brasil. Foram 152 casos em 2018, contra 144 em 2017. Os dados s\u00e3o do Minist\u00e9rio da Mulher, da Fam\u00edlia e dos Direitos Humanos (MMFDH), que recebe den\u00fancias por meio do Disque 100.<\/p>\n<\/div>\n<div class=\"wall protected-content\">\n<div data-block-type=\"unstyled\" data-block-weight=\"47\" data-block-id=\"3\">\n<p data-track-category=\"Link no Texto\" data-track-links=\"\">J\u00e1 o n\u00famero de den\u00fancias de discrimina\u00e7\u00e3o religiosa contra adeptos de outras religi\u00f5es, excluindo as de matriz africana, caiu 9,9% no mesmo per\u00edodo, de acordo com o minist\u00e9rio. Foram 354 em 2018, contra 393 em 2017. Nesta quarta-feira (20) \u00e9 celebrado o Dia da Consci\u00eancia Negra.<\/p>\n<\/div>\n<div class=\"content-ads content-ads--reveal\" data-block-type=\"ads\" data-block-id=\"4\">\n<div data-block-type=\"unstyled\" data-block-weight=\"42\" data-block-id=\"10\">\n<p data-track-category=\"Link no Texto\" data-track-links=\"\">\n<div data-block-type=\"unstyled\" data-block-weight=\"19\" data-block-id=\"5\">\n<p data-track-category=\"Link no Texto\" data-track-links=\"\">As religi\u00f5es de matriz africana com maior n\u00fameros de adeptos no Brasil s\u00e3o a umbanda e o candombl\u00e9.<\/p>\n<\/div>\n<div data-block-type=\"backstage-photo\" data-block-id=\"6\">\n<div>\n<div data-min-size=\"1008x756\" data-min-size-url=\"https:\/\/s2.glbimg.com\/YPHT22W8YO7o8xCgn1pkU_sVlOE=\/0x0:4032x3024\/1008x0\/smart\/filters:strip_icc()\/i.s3.glbimg.com\/v1\/AUTH_59edd422c0c84a879bd37670ae4f538a\/internal_photos\/bs\/2019\/v\/W\/IUKAjARvCgOaIpobBAGw\/20191118-152249.jpg\" data-max-size=\"1600x1200\" data-max-size-url=\"https:\/\/s2.glbimg.com\/BM12gFxz603ZvBExHG9RJh5O2ww=\/0x0:4032x3024\/1600x0\/smart\/filters:strip_icc()\/i.s3.glbimg.com\/v1\/AUTH_59edd422c0c84a879bd37670ae4f538a\/internal_photos\/bs\/2019\/v\/W\/IUKAjARvCgOaIpobBAGw\/20191118-152249.jpg\" data-media-index=\"0\">\n<div><\/div>\n<picture><source srcset=\"https:\/\/s2.glbimg.com\/HilKgF6Xj5mgnsxkwd5VHhSUS3o=\/0x0:4032x3024\/600x0\/smart\/filters:strip_icc()\/i.s3.glbimg.com\/v1\/AUTH_59edd422c0c84a879bd37670ae4f538a\/internal_photos\/bs\/2019\/v\/W\/IUKAjARvCgOaIpobBAGw\/20191118-152249.jpg 1x, https:\/\/s2.glbimg.com\/8i2yOwErdW1UsAfnYsThV7vLGAw=\/0x0:4032x3024\/1200x0\/smart\/filters:strip_icc()\/i.s3.glbimg.com\/v1\/AUTH_59edd422c0c84a879bd37670ae4f538a\/internal_photos\/bs\/2019\/v\/W\/IUKAjARvCgOaIpobBAGw\/20191118-152249.jpg 2x\" media=\"(max-width: 1024px)\" data-src=\"https:\/\/s2.glbimg.com\/HilKgF6Xj5mgnsxkwd5VHhSUS3o=\/0x0:4032x3024\/600x0\/smart\/filters:strip_icc()\/i.s3.glbimg.com\/v1\/AUTH_59edd422c0c84a879bd37670ae4f538a\/internal_photos\/bs\/2019\/v\/W\/IUKAjARvCgOaIpobBAGw\/20191118-152249.jpg 1x, https:\/\/s2.glbimg.com\/8i2yOwErdW1UsAfnYsThV7vLGAw=\/0x0:4032x3024\/1200x0\/smart\/filters:strip_icc()\/i.s3.glbimg.com\/v1\/AUTH_59edd422c0c84a879bd37670ae4f538a\/internal_photos\/bs\/2019\/v\/W\/IUKAjARvCgOaIpobBAGw\/20191118-152249.jpg 2x\" \/><source srcset=\"https:\/\/s2.glbimg.com\/n-RpKVRWOAreVpJlnvn0CNAgLTg=\/0x0:4032x3024\/640x0\/smart\/filters:strip_icc()\/i.s3.glbimg.com\/v1\/AUTH_59edd422c0c84a879bd37670ae4f538a\/internal_photos\/bs\/2019\/v\/W\/IUKAjARvCgOaIpobBAGw\/20191118-152249.jpg 1x, https:\/\/s2.glbimg.com\/n8JDFk4QUSvc3EUAGyKiQy88CVk=\/0x0:4032x3024\/1280x0\/smart\/filters:strip_icc()\/i.s3.glbimg.com\/v1\/AUTH_59edd422c0c84a879bd37670ae4f538a\/internal_photos\/bs\/2019\/v\/W\/IUKAjARvCgOaIpobBAGw\/20191118-152249.jpg 2x\" media=\"(max-width: 1280px)\" data-src=\"https:\/\/s2.glbimg.com\/n-RpKVRWOAreVpJlnvn0CNAgLTg=\/0x0:4032x3024\/640x0\/smart\/filters:strip_icc()\/i.s3.glbimg.com\/v1\/AUTH_59edd422c0c84a879bd37670ae4f538a\/internal_photos\/bs\/2019\/v\/W\/IUKAjARvCgOaIpobBAGw\/20191118-152249.jpg 1x, https:\/\/s2.glbimg.com\/n8JDFk4QUSvc3EUAGyKiQy88CVk=\/0x0:4032x3024\/1280x0\/smart\/filters:strip_icc()\/i.s3.glbimg.com\/v1\/AUTH_59edd422c0c84a879bd37670ae4f538a\/internal_photos\/bs\/2019\/v\/W\/IUKAjARvCgOaIpobBAGw\/20191118-152249.jpg 2x\" \/><source srcset=\"https:\/\/s2.glbimg.com\/_-rqKfZWdyunvLuSsjWu9A_0vmE=\/0x0:4032x3024\/984x0\/smart\/filters:strip_icc()\/i.s3.glbimg.com\/v1\/AUTH_59edd422c0c84a879bd37670ae4f538a\/internal_photos\/bs\/2019\/v\/W\/IUKAjARvCgOaIpobBAGw\/20191118-152249.jpg 1x, https:\/\/s2.glbimg.com\/kuzzhLosJV7zF70MpgHD9oAAmFI=\/0x0:4032x3024\/1968x0\/smart\/filters:strip_icc()\/i.s3.glbimg.com\/v1\/AUTH_59edd422c0c84a879bd37670ae4f538a\/internal_photos\/bs\/2019\/v\/W\/IUKAjARvCgOaIpobBAGw\/20191118-152249.jpg 2x\" media=\"(max-width: 1360px)\" data-src=\"https:\/\/s2.glbimg.com\/_-rqKfZWdyunvLuSsjWu9A_0vmE=\/0x0:4032x3024\/984x0\/smart\/filters:strip_icc()\/i.s3.glbimg.com\/v1\/AUTH_59edd422c0c84a879bd37670ae4f538a\/internal_photos\/bs\/2019\/v\/W\/IUKAjARvCgOaIpobBAGw\/20191118-152249.jpg 1x, https:\/\/s2.glbimg.com\/kuzzhLosJV7zF70MpgHD9oAAmFI=\/0x0:4032x3024\/1968x0\/smart\/filters:strip_icc()\/i.s3.glbimg.com\/v1\/AUTH_59edd422c0c84a879bd37670ae4f538a\/internal_photos\/bs\/2019\/v\/W\/IUKAjARvCgOaIpobBAGw\/20191118-152249.jpg 2x\" \/><source srcset=\"https:\/\/s2.glbimg.com\/sTz8C4JJ_fRWKEp8zaRsQlgMncY=\/0x0:4032x3024\/1000x0\/smart\/filters:strip_icc()\/i.s3.glbimg.com\/v1\/AUTH_59edd422c0c84a879bd37670ae4f538a\/internal_photos\/bs\/2019\/v\/W\/IUKAjARvCgOaIpobBAGw\/20191118-152249.jpg 1x, https:\/\/s2.glbimg.com\/aJWv-RebG7pChdFrAaDO1vxM1OE=\/0x0:4032x3024\/2000x0\/smart\/filters:strip_icc()\/i.s3.glbimg.com\/v1\/AUTH_59edd422c0c84a879bd37670ae4f538a\/internal_photos\/bs\/2019\/v\/W\/IUKAjARvCgOaIpobBAGw\/20191118-152249.jpg 2x\" media=\"(min-width: 1361px)\" data-src=\"https:\/\/s2.glbimg.com\/sTz8C4JJ_fRWKEp8zaRsQlgMncY=\/0x0:4032x3024\/1000x0\/smart\/filters:strip_icc()\/i.s3.glbimg.com\/v1\/AUTH_59edd422c0c84a879bd37670ae4f538a\/internal_photos\/bs\/2019\/v\/W\/IUKAjARvCgOaIpobBAGw\/20191118-152249.jpg 1x, https:\/\/s2.glbimg.com\/aJWv-RebG7pChdFrAaDO1vxM1OE=\/0x0:4032x3024\/2000x0\/smart\/filters:strip_icc()\/i.s3.glbimg.com\/v1\/AUTH_59edd422c0c84a879bd37670ae4f538a\/internal_photos\/bs\/2019\/v\/W\/IUKAjARvCgOaIpobBAGw\/20191118-152249.jpg 2x\" \/><source srcset=\"https:\/\/s2.glbimg.com\/_-rqKfZWdyunvLuSsjWu9A_0vmE=\/0x0:4032x3024\/984x0\/smart\/filters:strip_icc()\/i.s3.glbimg.com\/v1\/AUTH_59edd422c0c84a879bd37670ae4f538a\/internal_photos\/bs\/2019\/v\/W\/IUKAjARvCgOaIpobBAGw\/20191118-152249.jpg\" data-src=\"https:\/\/s2.glbimg.com\/_-rqKfZWdyunvLuSsjWu9A_0vmE=\/0x0:4032x3024\/984x0\/smart\/filters:strip_icc()\/i.s3.glbimg.com\/v1\/AUTH_59edd422c0c84a879bd37670ae4f538a\/internal_photos\/bs\/2019\/v\/W\/IUKAjARvCgOaIpobBAGw\/20191118-152249.jpg\" \/><img data-recalc-dims=\"1\" decoding=\"async\" title=\"Imagem de preto velho, guia de umbanda que trabalha dentro da religi\u00e3o de umbanda, no Col\u00e9gio Pena Branca, na Zona Sul de S\u00e3o Paulo \u2014 Foto: B\u00e1rbara Muniz Vieira\/G1\" src=\"https:\/\/i0.wp.com\/s2.glbimg.com\/_-rqKfZWdyunvLuSsjWu9A_0vmE%3D\/0x0%3A4032x3024\/984x0\/smart\/filters%3Astrip_icc%28%29\/i.s3.glbimg.com\/v1\/AUTH_59edd422c0c84a879bd37670ae4f538a\/internal_photos\/bs\/2019\/v\/W\/IUKAjARvCgOaIpobBAGw\/20191118-152249.jpg?w=600&#038;ssl=1\" alt=\"Imagem de preto velho, guia de umbanda que trabalha dentro da religi\u00e3o de umbanda, no Col\u00e9gio Pena Branca, na Zona Sul de S\u00e3o Paulo \u2014 Foto: B\u00e1rbara Muniz Vieira\/G1\" data-src=\"https:\/\/s2.glbimg.com\/_-rqKfZWdyunvLuSsjWu9A_0vmE=\/0x0:4032x3024\/984x0\/smart\/filters:strip_icc()\/i.s3.glbimg.com\/v1\/AUTH_59edd422c0c84a879bd37670ae4f538a\/internal_photos\/bs\/2019\/v\/W\/IUKAjARvCgOaIpobBAGw\/20191118-152249.jpg\" \/><\/picture><\/div>\n<p>Imagem de preto velho, guia de umbanda que trabalha dentro da religi\u00e3o de umbanda, no Col\u00e9gio Pena Branca, na Zona Sul de S\u00e3o Paulo \u2014 Foto: B\u00e1rbara Muniz Vieira\/G1<\/p>\n<\/div>\n<\/div>\n<\/div>\n<div class=\"mc-column content-text active-extra-styles \" data-block-type=\"unstyled\" data-block-weight=\"24\" data-block-id=\"7\">\n<p class=\"content-text__container \" data-track-category=\"Link no Texto\" data-track-links=\"\">Para o doutor em direito e ex-secret\u00e1rio da Justi\u00e7a de\u00a0<a href=\"https:\/\/g1.globo.com\/sp\/sao-paulo\/\">S\u00e3o Paulo<\/a>\u00a0Hedio da Silva Junior, os n\u00fameros n\u00e3o surpreendem e tendem a piorar.<\/p>\n<\/div>\n<div class=\"mc-column content-text active-extra-styles\" data-block-type=\"raw\" data-block-weight=\"88\" data-block-id=\"8\">\n<blockquote class=\"content-blockquote theme-border-color-primary-before\"><p>\u201cAs chamadas tradi\u00e7\u00f5es judaico-crist\u00e3s est\u00e3o mais protegidas pelo discurso do governo federal e o contr\u00e1rio \u00e9 verdadeiro, os adeptos de religi\u00f5es de matriz africana, ind\u00edgenas e ateus n\u00e3o est\u00e3o t\u00e3o protegidos e t\u00eam enfrentado com maior frequ\u00eancia a intoler\u00e2ncia religiosa. A Constitui\u00e7\u00e3o Federal expressamente tutela as manifesta\u00e7\u00f5es culturais e a contribui\u00e7\u00e3o dos diferentes grupos \u00e9tnicos que formam a nacionalidade brasileira. Dessa forma, o discurso oficial do estado brasileiro hoje \u00e9 um discurso que contraria a Constitui\u00e7\u00e3o, que sujeita o presidente da Rep\u00fablica inclusive a eventual processo de impeachment.&#8221;<\/p><\/blockquote>\n<\/div>\n<div class=\"content-ads content-ads--reveal\" data-block-type=\"ads\" data-block-id=\"9\">\n<div class=\"mc-column content-text active-extra-styles \" data-block-type=\"unstyled\" data-block-weight=\"42\" data-block-id=\"10\">\n<p class=\"content-text__container \" data-track-category=\"Link no Texto\" data-track-links=\"\">Segundo os n\u00fameros do minist\u00e9rio, o tipo de viola\u00e7\u00e3o mais registrado em 2018 foi a viol\u00eancia psicol\u00f3gica, com 201 casos. A viol\u00eancia psicol\u00f3gica \u00e9 qualquer atitude que ultraje, humilhe, constranja ou avilte uma pessoa por sua pr\u00e1tica ou identifica\u00e7\u00e3o religiosa.<\/p>\n<\/div>\n<div class=\"mc-column content-text active-extra-styles \" data-block-type=\"unstyled\" data-block-weight=\"43\" data-block-id=\"11\">\n<p class=\"content-text__container \" data-track-category=\"Link no Texto\" data-track-links=\"\">A umbanda \u00e9 a religi\u00e3o que teve mais registros no ano passado. Foram 72 den\u00fancias de ataques contra umbandistas em 2018. Em segundo vem o candombl\u00e9, com 47 den\u00fancias. Em terceiro, est\u00e1 a religi\u00e3o testemunhas de Jeov\u00e1, com 31 registros no mesmo per\u00edodo.<\/p>\n<\/div>\n<div class=\"mc-column content-text active-extra-styles \" data-block-type=\"unstyled\" data-block-weight=\"43\" data-block-id=\"12\">\n<p class=\"content-text__container \" data-track-category=\"Link no Texto\" data-track-links=\"\">De janeiro a junho de 2019, o minist\u00e9rio registrou 61 den\u00fancias de discrimina\u00e7\u00e3o contra adeptos das religi\u00f5es afro. At\u00e9 agora, neste ano, a viol\u00eancia institucional registrou o maior n\u00famero de casos neste ano (119). A viol\u00eancia institucional se reflete pela omiss\u00e3o das institui\u00e7\u00f5es.<\/p>\n<\/div>\n<div class=\"row medium-uncollapsed content-media content-photo\" data-block-type=\"backstage-photo\" data-block-id=\"13\">\n<div class=\"column medium-22 large-20 medium-centered content-media__container\">\n<div class=\"progressive-img can-open-lightbox\" data-min-size=\"1008x756\" data-min-size-url=\"https:\/\/s2.glbimg.com\/IcmbfjfA0XdKV-GuSyP5sKHVWO8=\/0x0:4032x3024\/1008x0\/smart\/filters:strip_icc()\/i.s3.glbimg.com\/v1\/AUTH_59edd422c0c84a879bd37670ae4f538a\/internal_photos\/bs\/2019\/z\/z\/eP4kFiSIWSMjM4WxwVfQ\/20191118-152711.jpg\" data-max-size=\"1600x1200\" data-max-size-url=\"https:\/\/s2.glbimg.com\/F6Jiqe2SZ3EY5vmtGqUo4M-OWHI=\/0x0:4032x3024\/1600x0\/smart\/filters:strip_icc()\/i.s3.glbimg.com\/v1\/AUTH_59edd422c0c84a879bd37670ae4f538a\/internal_photos\/bs\/2019\/z\/z\/eP4kFiSIWSMjM4WxwVfQ\/20191118-152711.jpg\" data-media-index=\"1\">\n<div class=\"placeholder-container\"><\/div>\n<picture><source srcset=\"https:\/\/s2.glbimg.com\/IcmbfjfA0XdKV-GuSyP5sKHVWO8=\/0x0:4032x3024\/1008x0\/smart\/filters:strip_icc()\/i.s3.glbimg.com\/v1\/AUTH_59edd422c0c84a879bd37670ae4f538a\/internal_photos\/bs\/2019\/z\/z\/eP4kFiSIWSMjM4WxwVfQ\/20191118-152711.jpg 1x, https:\/\/s2.glbimg.com\/CDNH-7eVOBDCyMqU_BtfmI1Vy24=\/0x0:4032x3024\/2016x0\/smart\/filters:strip_icc()\/i.s3.glbimg.com\/v1\/AUTH_59edd422c0c84a879bd37670ae4f538a\/internal_photos\/bs\/2019\/z\/z\/eP4kFiSIWSMjM4WxwVfQ\/20191118-152711.jpg 2x\" media=\"(max-width: 1024px)\" data-src=\"https:\/\/s2.glbimg.com\/IcmbfjfA0XdKV-GuSyP5sKHVWO8=\/0x0:4032x3024\/1008x0\/smart\/filters:strip_icc()\/i.s3.glbimg.com\/v1\/AUTH_59edd422c0c84a879bd37670ae4f538a\/internal_photos\/bs\/2019\/z\/z\/eP4kFiSIWSMjM4WxwVfQ\/20191118-152711.jpg 1x, https:\/\/s2.glbimg.com\/CDNH-7eVOBDCyMqU_BtfmI1Vy24=\/0x0:4032x3024\/2016x0\/smart\/filters:strip_icc()\/i.s3.glbimg.com\/v1\/AUTH_59edd422c0c84a879bd37670ae4f538a\/internal_photos\/bs\/2019\/z\/z\/eP4kFiSIWSMjM4WxwVfQ\/20191118-152711.jpg 2x\" \/><source srcset=\"https:\/\/s2.glbimg.com\/dQ-3eI6Z2EaBOwFuUUH1mFevuLU=\/0x0:4032x3024\/1262x0\/smart\/filters:strip_icc()\/i.s3.glbimg.com\/v1\/AUTH_59edd422c0c84a879bd37670ae4f538a\/internal_photos\/bs\/2019\/z\/z\/eP4kFiSIWSMjM4WxwVfQ\/20191118-152711.jpg 1x, https:\/\/s2.glbimg.com\/JWEVk-I-JwYuBsnE2fVw_u_9X3A=\/0x0:4032x3024\/2524x0\/smart\/filters:strip_icc()\/i.s3.glbimg.com\/v1\/AUTH_59edd422c0c84a879bd37670ae4f538a\/internal_photos\/bs\/2019\/z\/z\/eP4kFiSIWSMjM4WxwVfQ\/20191118-152711.jpg 2x\" media=\"(max-width: 1280px)\" data-src=\"https:\/\/s2.glbimg.com\/dQ-3eI6Z2EaBOwFuUUH1mFevuLU=\/0x0:4032x3024\/1262x0\/smart\/filters:strip_icc()\/i.s3.glbimg.com\/v1\/AUTH_59edd422c0c84a879bd37670ae4f538a\/internal_photos\/bs\/2019\/z\/z\/eP4kFiSIWSMjM4WxwVfQ\/20191118-152711.jpg 1x, https:\/\/s2.glbimg.com\/JWEVk-I-JwYuBsnE2fVw_u_9X3A=\/0x0:4032x3024\/2524x0\/smart\/filters:strip_icc()\/i.s3.glbimg.com\/v1\/AUTH_59edd422c0c84a879bd37670ae4f538a\/internal_photos\/bs\/2019\/z\/z\/eP4kFiSIWSMjM4WxwVfQ\/20191118-152711.jpg 2x\" \/><source srcset=\"https:\/\/s2.glbimg.com\/gfp4q4P5c1KMCtAwa-kxkYWvPPk=\/0x0:4032x3024\/1344x0\/smart\/filters:strip_icc()\/i.s3.glbimg.com\/v1\/AUTH_59edd422c0c84a879bd37670ae4f538a\/internal_photos\/bs\/2019\/z\/z\/eP4kFiSIWSMjM4WxwVfQ\/20191118-152711.jpg 1x, https:\/\/s2.glbimg.com\/FurUp834Prqv1evPLtEKxePrWX0=\/0x0:4032x3024\/2688x0\/smart\/filters:strip_icc()\/i.s3.glbimg.com\/v1\/AUTH_59edd422c0c84a879bd37670ae4f538a\/internal_photos\/bs\/2019\/z\/z\/eP4kFiSIWSMjM4WxwVfQ\/20191118-152711.jpg 2x\" media=\"(max-width: 1360px)\" data-src=\"https:\/\/s2.glbimg.com\/gfp4q4P5c1KMCtAwa-kxkYWvPPk=\/0x0:4032x3024\/1344x0\/smart\/filters:strip_icc()\/i.s3.glbimg.com\/v1\/AUTH_59edd422c0c84a879bd37670ae4f538a\/internal_photos\/bs\/2019\/z\/z\/eP4kFiSIWSMjM4WxwVfQ\/20191118-152711.jpg 1x, https:\/\/s2.glbimg.com\/FurUp834Prqv1evPLtEKxePrWX0=\/0x0:4032x3024\/2688x0\/smart\/filters:strip_icc()\/i.s3.glbimg.com\/v1\/AUTH_59edd422c0c84a879bd37670ae4f538a\/internal_photos\/bs\/2019\/z\/z\/eP4kFiSIWSMjM4WxwVfQ\/20191118-152711.jpg 2x\" \/><source srcset=\"https:\/\/s2.glbimg.com\/F6Jiqe2SZ3EY5vmtGqUo4M-OWHI=\/0x0:4032x3024\/1600x0\/smart\/filters:strip_icc()\/i.s3.glbimg.com\/v1\/AUTH_59edd422c0c84a879bd37670ae4f538a\/internal_photos\/bs\/2019\/z\/z\/eP4kFiSIWSMjM4WxwVfQ\/20191118-152711.jpg 1x, https:\/\/s2.glbimg.com\/_rvwixddXRKba5JLq8ppJy679Yg=\/0x0:4032x3024\/3200x0\/smart\/filters:strip_icc()\/i.s3.glbimg.com\/v1\/AUTH_59edd422c0c84a879bd37670ae4f538a\/internal_photos\/bs\/2019\/z\/z\/eP4kFiSIWSMjM4WxwVfQ\/20191118-152711.jpg 2x\" media=\"(min-width: 1361px)\" data-src=\"https:\/\/s2.glbimg.com\/F6Jiqe2SZ3EY5vmtGqUo4M-OWHI=\/0x0:4032x3024\/1600x0\/smart\/filters:strip_icc()\/i.s3.glbimg.com\/v1\/AUTH_59edd422c0c84a879bd37670ae4f538a\/internal_photos\/bs\/2019\/z\/z\/eP4kFiSIWSMjM4WxwVfQ\/20191118-152711.jpg 1x, https:\/\/s2.glbimg.com\/_rvwixddXRKba5JLq8ppJy679Yg=\/0x0:4032x3024\/3200x0\/smart\/filters:strip_icc()\/i.s3.glbimg.com\/v1\/AUTH_59edd422c0c84a879bd37670ae4f538a\/internal_photos\/bs\/2019\/z\/z\/eP4kFiSIWSMjM4WxwVfQ\/20191118-152711.jpg 2x\" \/><source srcset=\"https:\/\/s2.glbimg.com\/IcmbfjfA0XdKV-GuSyP5sKHVWO8=\/0x0:4032x3024\/1008x0\/smart\/filters:strip_icc()\/i.s3.glbimg.com\/v1\/AUTH_59edd422c0c84a879bd37670ae4f538a\/internal_photos\/bs\/2019\/z\/z\/eP4kFiSIWSMjM4WxwVfQ\/20191118-152711.jpg\" data-src=\"https:\/\/s2.glbimg.com\/IcmbfjfA0XdKV-GuSyP5sKHVWO8=\/0x0:4032x3024\/1008x0\/smart\/filters:strip_icc()\/i.s3.glbimg.com\/v1\/AUTH_59edd422c0c84a879bd37670ae4f538a\/internal_photos\/bs\/2019\/z\/z\/eP4kFiSIWSMjM4WxwVfQ\/20191118-152711.jpg\" \/><img data-recalc-dims=\"1\" decoding=\"async\" class=\"image content-media__image progressive-loaded\" title=\"Altar do Col\u00e9gio Pena Branca, no bairro do Ipiranga, na Zona Sul de S\u00e3o Paulo \u2014 Foto: B\u00e1rbara Muniz Vieira\/G1\" src=\"https:\/\/i0.wp.com\/s2.glbimg.com\/IcmbfjfA0XdKV-GuSyP5sKHVWO8%3D\/0x0%3A4032x3024\/1008x0\/smart\/filters%3Astrip_icc%28%29\/i.s3.glbimg.com\/v1\/AUTH_59edd422c0c84a879bd37670ae4f538a\/internal_photos\/bs\/2019\/z\/z\/eP4kFiSIWSMjM4WxwVfQ\/20191118-152711.jpg?w=600&#038;ssl=1\" alt=\"Altar do Col\u00e9gio Pena Branca, no bairro do Ipiranga, na Zona Sul de S\u00e3o Paulo \u2014 Foto: B\u00e1rbara Muniz Vieira\/G1\" data-src=\"https:\/\/s2.glbimg.com\/IcmbfjfA0XdKV-GuSyP5sKHVWO8=\/0x0:4032x3024\/1008x0\/smart\/filters:strip_icc()\/i.s3.glbimg.com\/v1\/AUTH_59edd422c0c84a879bd37670ae4f538a\/internal_photos\/bs\/2019\/z\/z\/eP4kFiSIWSMjM4WxwVfQ\/20191118-152711.jpg\" \/><\/picture><\/div>\n<p class=\"content-media__description \">Altar do Col\u00e9gio Pena Branca, no bairro do Ipiranga, na Zona Sul de S\u00e3o Paulo \u2014 Foto: B\u00e1rbara Muniz Vieira\/G1<\/p>\n<\/div>\n<\/div>\n<div class=\"content-ads content-ads--reveal\" data-block-type=\"ads\" data-block-id=\"14\">\n<div class=\"mc-column content-text active-extra-styles\" data-block-type=\"raw\" data-block-weight=\"2\" data-block-id=\"15\">\n<div class=\"content-intertitle\">\n<h2>&#8220;Sai, capeta&#8221;<\/h2>\n<\/div>\n<\/div>\n<div class=\"mc-column content-text active-extra-styles \" data-block-type=\"unstyled\" data-block-weight=\"53\" data-block-id=\"16\">\n<p class=\"content-text__container \" data-track-category=\"Link no Texto\" data-track-links=\"\">O rec\u00e9m-criado Instituto de Defesa dos Direitos das Religi\u00f5es Afro-Brasileiras (Idafro), em S\u00e3o Paulo, coordenado por Hedio, tem um plant\u00e3o 24 horas e recebe uma agress\u00e3o a adepto ou a terreiro de matriz africana por dia. Especialistas acreditam na subnotifica\u00e7\u00e3o dos casos registrados pelo minist\u00e9rio porque as v\u00edtimas ainda t\u00eam medo de denunciar.<\/p>\n<\/div>\n<div class=\"mc-column content-text active-extra-styles \" data-block-type=\"unstyled\" data-block-weight=\"35\" data-block-id=\"17\">\n<p class=\"content-text__container \" data-track-category=\"Link no Texto\" data-track-links=\"\">\u00c9 o caso da dirigente espiritual e cientista da religi\u00e3o Claudia Alexandre, que nunca denunciou os adeptos de uma igreja evang\u00e9lica que funciona ao lado de seu terreiro em Paraty, no Rio de Janeiro.<\/p>\n<\/div>\n<div class=\"mc-column content-text active-extra-styles\" data-block-type=\"raw\" data-block-weight=\"78\" data-block-id=\"18\">\n<blockquote class=\"content-blockquote theme-border-color-primary-before\"><p>&#8220;Foram pelo menos tr\u00eas anos de provoca\u00e7\u00f5es. Todas as vezes que nossos encontros aconteciam, o grupo evang\u00e9lico aparecia, ligava uns auto-falantes e come\u00e7ava a gritar palavras de exorciza\u00e7\u00e3o do tipo &#8216;sai capeta&#8217;. Tem\u00edamos por alguma invas\u00e3o ou depreda\u00e7\u00e3o, mas dizemos que n\u00e3o ter cedido a provoca\u00e7\u00f5es foi o melhor, apesar do sil\u00eancio prejudicar as estat\u00edsticas. O racismo religioso fica velado se n\u00e3o houver viol\u00eancia f\u00edsica. Como reclamar de um outro culto que supostamente est\u00e1 fazendo sua prega\u00e7\u00e3o?&#8221;, afirma.<\/p><\/blockquote>\n<\/div>\n<div class=\"row medium-uncollapsed content-media content-photo\" data-block-type=\"backstage-photo\" data-block-id=\"19\">\n<div class=\"column medium-22 large-20 medium-centered content-media__container\">\n<div class=\"progressive-img can-open-lightbox\" data-min-size=\"1008x928\" data-min-size-url=\"https:\/\/s2.glbimg.com\/3DZzjGLhYu8H9T95t9hNkOkmqBA=\/0x0:890x820\/1008x0\/smart\/filters:strip_icc()\/i.s3.glbimg.com\/v1\/AUTH_59edd422c0c84a879bd37670ae4f538a\/internal_photos\/bs\/2019\/o\/W\/xzNouyRSWrXSM48mnyHw\/157419743561882.jpg\" data-max-size=\"1600x1474\" data-max-size-url=\"https:\/\/s2.glbimg.com\/yxZN3D_r1s7U2zTQ59O47oFpMUQ=\/0x0:890x820\/1600x0\/smart\/filters:strip_icc()\/i.s3.glbimg.com\/v1\/AUTH_59edd422c0c84a879bd37670ae4f538a\/internal_photos\/bs\/2019\/o\/W\/xzNouyRSWrXSM48mnyHw\/157419743561882.jpg\" data-media-index=\"2\">\n<div class=\"placeholder-container\"><\/div>\n<picture><source srcset=\"https:\/\/s2.glbimg.com\/3DZzjGLhYu8H9T95t9hNkOkmqBA=\/0x0:890x820\/1008x0\/smart\/filters:strip_icc()\/i.s3.glbimg.com\/v1\/AUTH_59edd422c0c84a879bd37670ae4f538a\/internal_photos\/bs\/2019\/o\/W\/xzNouyRSWrXSM48mnyHw\/157419743561882.jpg 1x, https:\/\/s2.glbimg.com\/77J4gLd23qYxtrQPQIIbiVoHOF4=\/0x0:890x820\/2016x0\/smart\/filters:strip_icc()\/i.s3.glbimg.com\/v1\/AUTH_59edd422c0c84a879bd37670ae4f538a\/internal_photos\/bs\/2019\/o\/W\/xzNouyRSWrXSM48mnyHw\/157419743561882.jpg 2x\" media=\"(max-width: 1024px)\" data-src=\"https:\/\/s2.glbimg.com\/3DZzjGLhYu8H9T95t9hNkOkmqBA=\/0x0:890x820\/1008x0\/smart\/filters:strip_icc()\/i.s3.glbimg.com\/v1\/AUTH_59edd422c0c84a879bd37670ae4f538a\/internal_photos\/bs\/2019\/o\/W\/xzNouyRSWrXSM48mnyHw\/157419743561882.jpg 1x, https:\/\/s2.glbimg.com\/77J4gLd23qYxtrQPQIIbiVoHOF4=\/0x0:890x820\/2016x0\/smart\/filters:strip_icc()\/i.s3.glbimg.com\/v1\/AUTH_59edd422c0c84a879bd37670ae4f538a\/internal_photos\/bs\/2019\/o\/W\/xzNouyRSWrXSM48mnyHw\/157419743561882.jpg 2x\" \/><source srcset=\"https:\/\/s2.glbimg.com\/YSagLNhBI1ij0GazULMyFL-Pm08=\/0x0:890x820\/1262x0\/smart\/filters:strip_icc()\/i.s3.glbimg.com\/v1\/AUTH_59edd422c0c84a879bd37670ae4f538a\/internal_photos\/bs\/2019\/o\/W\/xzNouyRSWrXSM48mnyHw\/157419743561882.jpg 1x, https:\/\/s2.glbimg.com\/ihVbEZfNg0Zk_oNgry_vw1X7UOU=\/0x0:890x820\/2524x0\/smart\/filters:strip_icc()\/i.s3.glbimg.com\/v1\/AUTH_59edd422c0c84a879bd37670ae4f538a\/internal_photos\/bs\/2019\/o\/W\/xzNouyRSWrXSM48mnyHw\/157419743561882.jpg 2x\" media=\"(max-width: 1280px)\" data-src=\"https:\/\/s2.glbimg.com\/YSagLNhBI1ij0GazULMyFL-Pm08=\/0x0:890x820\/1262x0\/smart\/filters:strip_icc()\/i.s3.glbimg.com\/v1\/AUTH_59edd422c0c84a879bd37670ae4f538a\/internal_photos\/bs\/2019\/o\/W\/xzNouyRSWrXSM48mnyHw\/157419743561882.jpg 1x, https:\/\/s2.glbimg.com\/ihVbEZfNg0Zk_oNgry_vw1X7UOU=\/0x0:890x820\/2524x0\/smart\/filters:strip_icc()\/i.s3.glbimg.com\/v1\/AUTH_59edd422c0c84a879bd37670ae4f538a\/internal_photos\/bs\/2019\/o\/W\/xzNouyRSWrXSM48mnyHw\/157419743561882.jpg 2x\" \/><source srcset=\"https:\/\/s2.glbimg.com\/5dDGmrGcEChH3VC5Bu1k_nXCU20=\/0x0:890x820\/1344x0\/smart\/filters:strip_icc()\/i.s3.glbimg.com\/v1\/AUTH_59edd422c0c84a879bd37670ae4f538a\/internal_photos\/bs\/2019\/o\/W\/xzNouyRSWrXSM48mnyHw\/157419743561882.jpg 1x, https:\/\/s2.glbimg.com\/1ul0rjvSstaLg4tUN2yp2BdF6P4=\/0x0:890x820\/2688x0\/smart\/filters:strip_icc()\/i.s3.glbimg.com\/v1\/AUTH_59edd422c0c84a879bd37670ae4f538a\/internal_photos\/bs\/2019\/o\/W\/xzNouyRSWrXSM48mnyHw\/157419743561882.jpg 2x\" media=\"(max-width: 1360px)\" data-src=\"https:\/\/s2.glbimg.com\/5dDGmrGcEChH3VC5Bu1k_nXCU20=\/0x0:890x820\/1344x0\/smart\/filters:strip_icc()\/i.s3.glbimg.com\/v1\/AUTH_59edd422c0c84a879bd37670ae4f538a\/internal_photos\/bs\/2019\/o\/W\/xzNouyRSWrXSM48mnyHw\/157419743561882.jpg 1x, https:\/\/s2.glbimg.com\/1ul0rjvSstaLg4tUN2yp2BdF6P4=\/0x0:890x820\/2688x0\/smart\/filters:strip_icc()\/i.s3.glbimg.com\/v1\/AUTH_59edd422c0c84a879bd37670ae4f538a\/internal_photos\/bs\/2019\/o\/W\/xzNouyRSWrXSM48mnyHw\/157419743561882.jpg 2x\" \/><source srcset=\"https:\/\/s2.glbimg.com\/yxZN3D_r1s7U2zTQ59O47oFpMUQ=\/0x0:890x820\/1600x0\/smart\/filters:strip_icc()\/i.s3.glbimg.com\/v1\/AUTH_59edd422c0c84a879bd37670ae4f538a\/internal_photos\/bs\/2019\/o\/W\/xzNouyRSWrXSM48mnyHw\/157419743561882.jpg 1x, https:\/\/s2.glbimg.com\/j5kyTPxXWNd-Ww5mOSQR0ddPzjs=\/0x0:890x820\/3200x0\/smart\/filters:strip_icc()\/i.s3.glbimg.com\/v1\/AUTH_59edd422c0c84a879bd37670ae4f538a\/internal_photos\/bs\/2019\/o\/W\/xzNouyRSWrXSM48mnyHw\/157419743561882.jpg 2x\" media=\"(min-width: 1361px)\" data-src=\"https:\/\/s2.glbimg.com\/yxZN3D_r1s7U2zTQ59O47oFpMUQ=\/0x0:890x820\/1600x0\/smart\/filters:strip_icc()\/i.s3.glbimg.com\/v1\/AUTH_59edd422c0c84a879bd37670ae4f538a\/internal_photos\/bs\/2019\/o\/W\/xzNouyRSWrXSM48mnyHw\/157419743561882.jpg 1x, https:\/\/s2.glbimg.com\/j5kyTPxXWNd-Ww5mOSQR0ddPzjs=\/0x0:890x820\/3200x0\/smart\/filters:strip_icc()\/i.s3.glbimg.com\/v1\/AUTH_59edd422c0c84a879bd37670ae4f538a\/internal_photos\/bs\/2019\/o\/W\/xzNouyRSWrXSM48mnyHw\/157419743561882.jpg 2x\" \/><source srcset=\"https:\/\/s2.glbimg.com\/3DZzjGLhYu8H9T95t9hNkOkmqBA=\/0x0:890x820\/1008x0\/smart\/filters:strip_icc()\/i.s3.glbimg.com\/v1\/AUTH_59edd422c0c84a879bd37670ae4f538a\/internal_photos\/bs\/2019\/o\/W\/xzNouyRSWrXSM48mnyHw\/157419743561882.jpg\" data-src=\"https:\/\/s2.glbimg.com\/3DZzjGLhYu8H9T95t9hNkOkmqBA=\/0x0:890x820\/1008x0\/smart\/filters:strip_icc()\/i.s3.glbimg.com\/v1\/AUTH_59edd422c0c84a879bd37670ae4f538a\/internal_photos\/bs\/2019\/o\/W\/xzNouyRSWrXSM48mnyHw\/157419743561882.jpg\" \/><img data-recalc-dims=\"1\" decoding=\"async\" class=\"image content-media__image progressive-loaded\" title=\"Cl\u00e1udia e Luiz Alexandre s\u00e3o irm\u00e3os e fundadores do Cecure (SP) um centro de estudos e atendimento espiritualista e do Templo de Umbanda Liberdade Tupinamb\u00e1 \u2014 Foto: Leo Vitulli\/Tuany Maia\/Divulga\u00e7\u00e3o\" src=\"https:\/\/i0.wp.com\/s2.glbimg.com\/3DZzjGLhYu8H9T95t9hNkOkmqBA%3D\/0x0%3A890x820\/1008x0\/smart\/filters%3Astrip_icc%28%29\/i.s3.glbimg.com\/v1\/AUTH_59edd422c0c84a879bd37670ae4f538a\/internal_photos\/bs\/2019\/o\/W\/xzNouyRSWrXSM48mnyHw\/157419743561882.jpg?w=600&#038;ssl=1\" alt=\"Cl\u00e1udia e Luiz Alexandre s\u00e3o irm\u00e3os e fundadores do Cecure (SP) um centro de estudos e atendimento espiritualista e do Templo de Umbanda Liberdade Tupinamb\u00e1 \u2014 Foto: Leo Vitulli\/Tuany Maia\/Divulga\u00e7\u00e3o\" data-src=\"https:\/\/s2.glbimg.com\/3DZzjGLhYu8H9T95t9hNkOkmqBA=\/0x0:890x820\/1008x0\/smart\/filters:strip_icc()\/i.s3.glbimg.com\/v1\/AUTH_59edd422c0c84a879bd37670ae4f538a\/internal_photos\/bs\/2019\/o\/W\/xzNouyRSWrXSM48mnyHw\/157419743561882.jpg\" \/><\/picture><\/div>\n<p class=\"content-media__description \">Cl\u00e1udia e Luiz Alexandre s\u00e3o irm\u00e3os e fundadores do Cecure (SP) um centro de estudos e atendimento espiritualista e do Templo de Umbanda Liberdade Tupinamb\u00e1 \u2014 Foto: Leo Vitulli\/Tuany Maia\/Divulga\u00e7\u00e3o<\/p>\n<\/div>\n<\/div>\n<div class=\"content-ads content-ads--reveal\" data-block-type=\"ads\" data-block-id=\"20\">\n<div class=\"mc-column content-text active-extra-styles \" data-block-type=\"unstyled\" data-block-weight=\"35\" data-block-id=\"21\">\n<p class=\"content-text__container \" data-track-category=\"Link no Texto\" data-track-links=\"\">Segundo Hedio, os n\u00fameros do minist\u00e9rio s\u00e3o insignificantes perto dos casos que acontecem. &#8220;Estamos falando de milh\u00f5es de pessoas que professam as religi\u00f5es afro-brasileiras e que n\u00e3o assumem por medo justamente da intoler\u00e2ncia\u201d, diz ele.<\/p>\n<\/div>\n<div class=\"mc-column content-text active-extra-styles \" data-block-type=\"unstyled\" data-block-weight=\"22\" data-block-id=\"22\">\n<p class=\"content-text__container \" data-track-category=\"Link no Texto\" data-track-links=\"\">Para a deputada estadual Leci Brand\u00e3o (PcdoB), as religi\u00f5es de matriz africana s\u00e3o mais atacadas por terem rela\u00e7\u00e3o com o povo negro.<\/p>\n<\/div>\n<div class=\"mc-column content-text active-extra-styles \" data-block-type=\"unstyled\" data-block-weight=\"51\" data-block-id=\"23\">\n<p class=\"content-text__container \" data-track-category=\"Link no Texto\" data-track-links=\"\">\u201cTudo o que tem rela\u00e7\u00e3o com a povo negro sempre existe uma forma das pessoas cometerem discrimina\u00e7\u00e3o direta ou indiretamente. A liberdade religiosa \u00e9 um direito garantido pela Constitui\u00e7\u00e3o Federal e as vozes das v\u00edtimas s\u00e3o importantes no enfrentamento. A den\u00fancia \u00e9 muito importante, mas ainda existe muito medo\u201d, diz Leci.<\/p>\n<\/div>\n<div class=\"row medium-uncollapsed content-media content-photo\" data-block-type=\"backstage-photo\" data-block-id=\"24\">\n<div class=\"column medium-22 large-20 medium-centered content-media__container\">\n<div class=\"progressive-img can-open-lightbox\" data-min-size=\"1008x756\" data-min-size-url=\"https:\/\/s2.glbimg.com\/8FAjOFfA5upbXlTELNnMSfhtxME=\/0x0:4032x3024\/1008x0\/smart\/filters:strip_icc()\/i.s3.glbimg.com\/v1\/AUTH_59edd422c0c84a879bd37670ae4f538a\/internal_photos\/bs\/2019\/A\/3\/1fAfQQSUusNxQdEmnzew\/20191118-152702.jpg\" data-max-size=\"1600x1200\" data-max-size-url=\"https:\/\/s2.glbimg.com\/cje3omRwMRXltQ-7XXLQ3CFD0Bk=\/0x0:4032x3024\/1600x0\/smart\/filters:strip_icc()\/i.s3.glbimg.com\/v1\/AUTH_59edd422c0c84a879bd37670ae4f538a\/internal_photos\/bs\/2019\/A\/3\/1fAfQQSUusNxQdEmnzew\/20191118-152702.jpg\" data-media-index=\"3\">\n<div class=\"placeholder-container\"><\/div>\n<picture><source srcset=\"https:\/\/s2.glbimg.com\/8FAjOFfA5upbXlTELNnMSfhtxME=\/0x0:4032x3024\/1008x0\/smart\/filters:strip_icc()\/i.s3.glbimg.com\/v1\/AUTH_59edd422c0c84a879bd37670ae4f538a\/internal_photos\/bs\/2019\/A\/3\/1fAfQQSUusNxQdEmnzew\/20191118-152702.jpg 1x, https:\/\/s2.glbimg.com\/2TPtAxkkURoxwJLdQZsE_bskFLU=\/0x0:4032x3024\/2016x0\/smart\/filters:strip_icc()\/i.s3.glbimg.com\/v1\/AUTH_59edd422c0c84a879bd37670ae4f538a\/internal_photos\/bs\/2019\/A\/3\/1fAfQQSUusNxQdEmnzew\/20191118-152702.jpg 2x\" media=\"(max-width: 1024px)\" data-src=\"https:\/\/s2.glbimg.com\/8FAjOFfA5upbXlTELNnMSfhtxME=\/0x0:4032x3024\/1008x0\/smart\/filters:strip_icc()\/i.s3.glbimg.com\/v1\/AUTH_59edd422c0c84a879bd37670ae4f538a\/internal_photos\/bs\/2019\/A\/3\/1fAfQQSUusNxQdEmnzew\/20191118-152702.jpg 1x, https:\/\/s2.glbimg.com\/2TPtAxkkURoxwJLdQZsE_bskFLU=\/0x0:4032x3024\/2016x0\/smart\/filters:strip_icc()\/i.s3.glbimg.com\/v1\/AUTH_59edd422c0c84a879bd37670ae4f538a\/internal_photos\/bs\/2019\/A\/3\/1fAfQQSUusNxQdEmnzew\/20191118-152702.jpg 2x\" \/><source srcset=\"https:\/\/s2.glbimg.com\/M2pNZysKeASRkmmvhWdAdeVM0C0=\/0x0:4032x3024\/1262x0\/smart\/filters:strip_icc()\/i.s3.glbimg.com\/v1\/AUTH_59edd422c0c84a879bd37670ae4f538a\/internal_photos\/bs\/2019\/A\/3\/1fAfQQSUusNxQdEmnzew\/20191118-152702.jpg 1x, https:\/\/s2.glbimg.com\/CvMEeXNb0d8i8okQhDahBEoWgmc=\/0x0:4032x3024\/2524x0\/smart\/filters:strip_icc()\/i.s3.glbimg.com\/v1\/AUTH_59edd422c0c84a879bd37670ae4f538a\/internal_photos\/bs\/2019\/A\/3\/1fAfQQSUusNxQdEmnzew\/20191118-152702.jpg 2x\" media=\"(max-width: 1280px)\" data-src=\"https:\/\/s2.glbimg.com\/M2pNZysKeASRkmmvhWdAdeVM0C0=\/0x0:4032x3024\/1262x0\/smart\/filters:strip_icc()\/i.s3.glbimg.com\/v1\/AUTH_59edd422c0c84a879bd37670ae4f538a\/internal_photos\/bs\/2019\/A\/3\/1fAfQQSUusNxQdEmnzew\/20191118-152702.jpg 1x, https:\/\/s2.glbimg.com\/CvMEeXNb0d8i8okQhDahBEoWgmc=\/0x0:4032x3024\/2524x0\/smart\/filters:strip_icc()\/i.s3.glbimg.com\/v1\/AUTH_59edd422c0c84a879bd37670ae4f538a\/internal_photos\/bs\/2019\/A\/3\/1fAfQQSUusNxQdEmnzew\/20191118-152702.jpg 2x\" \/><source srcset=\"https:\/\/s2.glbimg.com\/zdpLLzFme_lTt3fWvPgj544QumM=\/0x0:4032x3024\/1344x0\/smart\/filters:strip_icc()\/i.s3.glbimg.com\/v1\/AUTH_59edd422c0c84a879bd37670ae4f538a\/internal_photos\/bs\/2019\/A\/3\/1fAfQQSUusNxQdEmnzew\/20191118-152702.jpg 1x, https:\/\/s2.glbimg.com\/5ztTCFl1Gq0ZTFwpsMliF9KqaYM=\/0x0:4032x3024\/2688x0\/smart\/filters:strip_icc()\/i.s3.glbimg.com\/v1\/AUTH_59edd422c0c84a879bd37670ae4f538a\/internal_photos\/bs\/2019\/A\/3\/1fAfQQSUusNxQdEmnzew\/20191118-152702.jpg 2x\" media=\"(max-width: 1360px)\" data-src=\"https:\/\/s2.glbimg.com\/zdpLLzFme_lTt3fWvPgj544QumM=\/0x0:4032x3024\/1344x0\/smart\/filters:strip_icc()\/i.s3.glbimg.com\/v1\/AUTH_59edd422c0c84a879bd37670ae4f538a\/internal_photos\/bs\/2019\/A\/3\/1fAfQQSUusNxQdEmnzew\/20191118-152702.jpg 1x, https:\/\/s2.glbimg.com\/5ztTCFl1Gq0ZTFwpsMliF9KqaYM=\/0x0:4032x3024\/2688x0\/smart\/filters:strip_icc()\/i.s3.glbimg.com\/v1\/AUTH_59edd422c0c84a879bd37670ae4f538a\/internal_photos\/bs\/2019\/A\/3\/1fAfQQSUusNxQdEmnzew\/20191118-152702.jpg 2x\" \/><source srcset=\"https:\/\/s2.glbimg.com\/cje3omRwMRXltQ-7XXLQ3CFD0Bk=\/0x0:4032x3024\/1600x0\/smart\/filters:strip_icc()\/i.s3.glbimg.com\/v1\/AUTH_59edd422c0c84a879bd37670ae4f538a\/internal_photos\/bs\/2019\/A\/3\/1fAfQQSUusNxQdEmnzew\/20191118-152702.jpg 1x, https:\/\/s2.glbimg.com\/JM-EbV3siqb6mx_6Gc5t5qNNits=\/0x0:4032x3024\/3200x0\/smart\/filters:strip_icc()\/i.s3.glbimg.com\/v1\/AUTH_59edd422c0c84a879bd37670ae4f538a\/internal_photos\/bs\/2019\/A\/3\/1fAfQQSUusNxQdEmnzew\/20191118-152702.jpg 2x\" media=\"(min-width: 1361px)\" data-src=\"https:\/\/s2.glbimg.com\/cje3omRwMRXltQ-7XXLQ3CFD0Bk=\/0x0:4032x3024\/1600x0\/smart\/filters:strip_icc()\/i.s3.glbimg.com\/v1\/AUTH_59edd422c0c84a879bd37670ae4f538a\/internal_photos\/bs\/2019\/A\/3\/1fAfQQSUusNxQdEmnzew\/20191118-152702.jpg 1x, https:\/\/s2.glbimg.com\/JM-EbV3siqb6mx_6Gc5t5qNNits=\/0x0:4032x3024\/3200x0\/smart\/filters:strip_icc()\/i.s3.glbimg.com\/v1\/AUTH_59edd422c0c84a879bd37670ae4f538a\/internal_photos\/bs\/2019\/A\/3\/1fAfQQSUusNxQdEmnzew\/20191118-152702.jpg 2x\" \/><source srcset=\"https:\/\/s2.glbimg.com\/8FAjOFfA5upbXlTELNnMSfhtxME=\/0x0:4032x3024\/1008x0\/smart\/filters:strip_icc()\/i.s3.glbimg.com\/v1\/AUTH_59edd422c0c84a879bd37670ae4f538a\/internal_photos\/bs\/2019\/A\/3\/1fAfQQSUusNxQdEmnzew\/20191118-152702.jpg\" data-src=\"https:\/\/s2.glbimg.com\/8FAjOFfA5upbXlTELNnMSfhtxME=\/0x0:4032x3024\/1008x0\/smart\/filters:strip_icc()\/i.s3.glbimg.com\/v1\/AUTH_59edd422c0c84a879bd37670ae4f538a\/internal_photos\/bs\/2019\/A\/3\/1fAfQQSUusNxQdEmnzew\/20191118-152702.jpg\" \/><img data-recalc-dims=\"1\" decoding=\"async\" class=\"image content-media__image progressive-loaded\" title=\"Altar, ou cong\u00e1, do Col\u00e9gio Pena Branca, no Ipiranga, em S\u00e3o Paulo \u2014 Foto: B\u00e1rbara Muniz Vieira\/G1\" src=\"https:\/\/i0.wp.com\/s2.glbimg.com\/8FAjOFfA5upbXlTELNnMSfhtxME%3D\/0x0%3A4032x3024\/1008x0\/smart\/filters%3Astrip_icc%28%29\/i.s3.glbimg.com\/v1\/AUTH_59edd422c0c84a879bd37670ae4f538a\/internal_photos\/bs\/2019\/A\/3\/1fAfQQSUusNxQdEmnzew\/20191118-152702.jpg?w=600&#038;ssl=1\" alt=\"Altar, ou cong\u00e1, do Col\u00e9gio Pena Branca, no Ipiranga, em S\u00e3o Paulo \u2014 Foto: B\u00e1rbara Muniz Vieira\/G1\" data-src=\"https:\/\/s2.glbimg.com\/8FAjOFfA5upbXlTELNnMSfhtxME=\/0x0:4032x3024\/1008x0\/smart\/filters:strip_icc()\/i.s3.glbimg.com\/v1\/AUTH_59edd422c0c84a879bd37670ae4f538a\/internal_photos\/bs\/2019\/A\/3\/1fAfQQSUusNxQdEmnzew\/20191118-152702.jpg\" \/><\/picture><\/div>\n<p class=\"content-media__description \">Altar, ou cong\u00e1, do Col\u00e9gio Pena Branca, no Ipiranga, em S\u00e3o Paulo \u2014 Foto: B\u00e1rbara Muniz Vieira\/G1<\/p>\n<\/div>\n<\/div>\n<div class=\"content-ads content-ads--reveal\" data-block-type=\"ads\" data-block-id=\"25\">\n<div class=\"mc-column content-text active-extra-styles\" data-block-type=\"raw\" data-block-weight=\"3\" data-block-id=\"26\">\n<div class=\"content-intertitle\">\n<h2>Jurados de morte<\/h2>\n<\/div>\n<\/div>\n<div class=\"mc-column content-text active-extra-styles \" data-block-type=\"unstyled\" data-block-weight=\"25\" data-block-id=\"27\">\n<p class=\"content-text__container \" data-track-category=\"Link no Texto\" data-track-links=\"\">Al\u00e9m da discrimina\u00e7\u00e3o, h\u00e1 agress\u00f5es f\u00edsicas consumada. \u00c9 o que aconteceu no terreiro de candombl\u00e9 da yalorix\u00e1 (m\u00e3e de santo) Gabriela Beck, 39 anos.<\/p>\n<\/div>\n<div class=\"mc-column content-text active-extra-styles \" data-block-type=\"unstyled\" data-block-weight=\"40\" data-block-id=\"28\">\n<p class=\"content-text__container \" data-track-category=\"Link no Texto\" data-track-links=\"\">No ano passado, em entrevista ao\u00a0<strong>G1,<\/strong>\u00a0ela contou que vinha tendo problemas com um vizinho evang\u00e9lico do terreiro Centro Cultural Eyin Osun, na Vila Industrial, extremo Leste de S\u00e3o Paulo, que amea\u00e7ava ela e o pai idoso com faca.<\/p>\n<\/div>\n<div class=\"mc-column content-text active-extra-styles \" data-block-type=\"unstyled\" data-block-weight=\"41\" data-block-id=\"29\">\n<p class=\"content-text__container \" data-track-category=\"Link no Texto\" data-track-links=\"\">O medo de Gabriela se concretizou. Em setembro deste ano, o vizinho agrediu o pai verbalmente, foi para cima dele e deu uma facada em um filho de santo que entrou na frente na tentativa de proteger o pai de Gabriela.<\/p>\n<\/div>\n<div class=\"mc-column content-text active-extra-styles\" data-block-type=\"raw\" data-block-weight=\"128\" data-block-id=\"30\">\n<blockquote class=\"content-blockquote theme-border-color-primary-before\"><p>\u201cEle come\u00e7ou a falar coisas horr\u00edveis para meu pai, a\u00ed um dos filhos de santo pediu para ele parar. Ele vinha at\u00e9 o port\u00e3o gritando muito e sem camisa, uma cena horr\u00edvel. Come\u00e7aram a discutir com ele e ele voltou para casa e saiu de novo com uma faca muito grande. Quando ele veio para cima do meu pai, meu filho de santo entrou na frente para tentar apaziguar e recebeu uma facada no abd\u00f4men. Foi aquela loucura. Chamei o socorro, que n\u00e3o vinha, coloquei ele no meu carro e o levei. Ele precisou passar por duas cirurgias. O vizinho foi preso em flagrante por tentativa de homic\u00eddio e deixou bem claro no momento da pris\u00e3o que quando ele voltasse ele mataria a mim e a meu pai\u201d.<\/p><\/blockquote>\n<\/div>\n<div class=\"content-ads content-ads--reveal\" data-block-type=\"ads\" data-block-id=\"31\">\u00a0<img data-recalc-dims=\"1\" decoding=\"async\" src=\"https:\/\/i0.wp.com\/s2.glbimg.com\/DIJoGCXX47KaaucwJx6GKt0b0ro%3D\/0x0%3A1030x600\/1008x0\/smart\/filters%3Astrip_icc%28%29\/i.s3.glbimg.com\/v1\/AUTH_59edd422c0c84a879bd37670ae4f538a\/internal_photos\/bs\/2019\/9\/B\/qfjxaATsW6yZF9eegdLw\/1574197728858.jpg?w=600&#038;ssl=1\" alt=\"Yalase Gabriela de Yewa e seu pai biol\u00f3gico, Cido de Osun, babalorix\u00e1 h\u00e1 45 anos, est\u00e3o \u00e0 frente do Centro Cultural Eyin Osun, na Zona Leste de SP \u2014 Foto: Arquivo Pessoal\/Divulga\u00e7\u00e3o\" \/><\/div>\n<div class=\"content-ads content-ads--reveal\" data-block-type=\"ads\" data-block-id=\"31\">\n<div class=\"row medium-uncollapsed content-media content-photo\" data-block-type=\"backstage-photo\" data-block-id=\"32\">\n<div class=\"column medium-22 large-20 medium-centered content-media__container\">\n<p class=\"content-media__description \">Yalase Gabriela de Yewa e seu pai biol\u00f3gico, Cido de Osun, babalorix\u00e1 h\u00e1 45 anos, est\u00e3o \u00e0 frente do Centro Cultural Eyin Osun, na Zona Leste de SP \u2014 Foto: Arquivo Pessoal\/Divulga\u00e7\u00e3o<\/p>\n<\/div>\n<\/div>\n<div class=\"mc-column content-text active-extra-styles\" data-block-type=\"raw\" data-block-weight=\"2\" data-block-id=\"33\">\n<div class=\"content-intertitle\">\n<h2>Adeptos brancos<\/h2>\n<\/div>\n<\/div>\n<div class=\"mc-column content-text active-extra-styles \" data-block-type=\"unstyled\" data-block-weight=\"42\" data-block-id=\"34\">\n<p class=\"content-text__container \" data-track-category=\"Link no Texto\" data-track-links=\"\">O n\u00famero de brancos que t\u00eam se associado a religi\u00f5es afro \u00e9 um fen\u00f4meno dif\u00edcil de ignorar. Uma pesquisa de 2011 da Secretaria Municipal de Promo\u00e7\u00e3o da Igualdade Racial diz que, em S\u00e3o Paulo, s\u00e3o 60,6% brancos, 13,1% pretos e 25,5% pardos.<\/p>\n<\/div>\n<div class=\"mc-column content-text active-extra-styles \" data-block-type=\"unstyled\" data-block-weight=\"21\" data-block-id=\"35\">\n<p class=\"content-text__container \" data-track-category=\"Link no Texto\" data-track-links=\"\">Para Hedio, os brancos que aderem a essas religi\u00f5es tamb\u00e9m passam a ser v\u00edtimas do que ele chama de \u201cracismo religioso\u201d.<\/p>\n<\/div>\n<div class=\"mc-column content-text active-extra-styles\" data-block-type=\"raw\" data-block-weight=\"61\" data-block-id=\"36\">\n<blockquote class=\"content-blockquote theme-border-color-primary-before\"><p>\u201cA umbanda aqui em SP tem entre 60% e 70% de brancos e parte grande que frequenta \u00e9 classe m\u00e9dia alta. Mas o branco com esse perfil passa a ser tratado como preto ou at\u00e9 pior, de uma forma que eu comparo aos brancos da \u00c1frica do Sul que foram contra o apartheid e passaram a ser vistos como traidores\u201d, afirma.<\/p><\/blockquote>\n<\/div>\n<div class=\"content-ads content-ads--reveal\" data-block-type=\"ads\" data-block-id=\"37\">\n<div class=\"mc-column content-text active-extra-styles \" data-block-type=\"unstyled\" data-block-weight=\"44\" data-block-id=\"38\">\n<p class=\"content-text__container \" data-track-category=\"Link no Texto\" data-track-links=\"\">O ex-secret\u00e1rio de Justi\u00e7a afirma que se trata de uma tend\u00eancia, como o \u00e9 a ades\u00e3o de negros a religi\u00f5es neo pentecostais, como a Igreja Universal do Reino de Deus, a Igreja Renascer em Cristo e a Comunidade Evang\u00e9lica Sara Nossa Terra, entre outras.<\/p>\n<\/div>\n<div class=\"mc-column content-text active-extra-styles\" data-block-type=\"raw\" data-block-weight=\"94\" data-block-id=\"39\">\n<blockquote class=\"content-blockquote theme-border-color-primary-before\"><p>\u201cA base social das religi\u00f5es neo pentecostais \u00e9 de negros, ao passo que o preto da macumba \u00e9 o cara com educa\u00e7\u00e3o superior e renda mais alta, como \u00e9 o perfil dos brancos na macumba. Quanto maior o n\u00edvel de forma\u00e7\u00e3o, mais ele se sente corajoso de admitir sua cren\u00e7a. Quanto mais miser\u00e1vel e iletrado, mais ele opta pelas igrejas neo pentecostais, o que n\u00e3o deixa de ser um caminho para aceita\u00e7\u00e3o. O cara j\u00e1 \u00e9 preto e voc\u00ea ainda vai pedir para ele ser macumbeiro? O branco vai mais para o enfrentamento\u201d, opina.<\/p><\/blockquote>\n<\/div>\n<div class=\"row medium-uncollapsed content-media content-photo\" data-block-type=\"backstage-photo\" data-block-id=\"40\">\n<div class=\"column medium-22 large-20 medium-centered content-media__container\">\n<div class=\"progressive-img can-open-lightbox\" data-min-size=\"1008x671\" data-min-size-url=\"https:\/\/s2.glbimg.com\/qnia98Dhp0rLG8W3RKBXmx5FGyg=\/0x0:1280x853\/1008x0\/smart\/filters:strip_icc()\/i.s3.glbimg.com\/v1\/AUTH_59edd422c0c84a879bd37670ae4f538a\/internal_photos\/bs\/2019\/l\/r\/dfhp5nSMOfbPBe3BVa9Q\/6d1398e3-cb8c-4fc3-ad55-82fbd64f0180.jpg\" data-max-size=\"1600x1066\" data-max-size-url=\"https:\/\/s2.glbimg.com\/00bb_yo0QETz4hDvGO8s3uC_PBU=\/0x0:1280x853\/1600x0\/smart\/filters:strip_icc()\/i.s3.glbimg.com\/v1\/AUTH_59edd422c0c84a879bd37670ae4f538a\/internal_photos\/bs\/2019\/l\/r\/dfhp5nSMOfbPBe3BVa9Q\/6d1398e3-cb8c-4fc3-ad55-82fbd64f0180.jpg\" data-media-index=\"5\">\n<div class=\"placeholder-container\"><\/div>\n<picture><source srcset=\"https:\/\/s2.glbimg.com\/qnia98Dhp0rLG8W3RKBXmx5FGyg=\/0x0:1280x853\/1008x0\/smart\/filters:strip_icc()\/i.s3.glbimg.com\/v1\/AUTH_59edd422c0c84a879bd37670ae4f538a\/internal_photos\/bs\/2019\/l\/r\/dfhp5nSMOfbPBe3BVa9Q\/6d1398e3-cb8c-4fc3-ad55-82fbd64f0180.jpg 1x, https:\/\/s2.glbimg.com\/fLZ1pbTgKJPp02GLgGYcI2zekso=\/0x0:1280x853\/2016x0\/smart\/filters:strip_icc()\/i.s3.glbimg.com\/v1\/AUTH_59edd422c0c84a879bd37670ae4f538a\/internal_photos\/bs\/2019\/l\/r\/dfhp5nSMOfbPBe3BVa9Q\/6d1398e3-cb8c-4fc3-ad55-82fbd64f0180.jpg 2x\" media=\"(max-width: 1024px)\" data-src=\"https:\/\/s2.glbimg.com\/qnia98Dhp0rLG8W3RKBXmx5FGyg=\/0x0:1280x853\/1008x0\/smart\/filters:strip_icc()\/i.s3.glbimg.com\/v1\/AUTH_59edd422c0c84a879bd37670ae4f538a\/internal_photos\/bs\/2019\/l\/r\/dfhp5nSMOfbPBe3BVa9Q\/6d1398e3-cb8c-4fc3-ad55-82fbd64f0180.jpg 1x, https:\/\/s2.glbimg.com\/fLZ1pbTgKJPp02GLgGYcI2zekso=\/0x0:1280x853\/2016x0\/smart\/filters:strip_icc()\/i.s3.glbimg.com\/v1\/AUTH_59edd422c0c84a879bd37670ae4f538a\/internal_photos\/bs\/2019\/l\/r\/dfhp5nSMOfbPBe3BVa9Q\/6d1398e3-cb8c-4fc3-ad55-82fbd64f0180.jpg 2x\" \/><source srcset=\"https:\/\/s2.glbimg.com\/YLnYP1myH86AHl-Mq4-ag4P86VE=\/0x0:1280x853\/1262x0\/smart\/filters:strip_icc()\/i.s3.glbimg.com\/v1\/AUTH_59edd422c0c84a879bd37670ae4f538a\/internal_photos\/bs\/2019\/l\/r\/dfhp5nSMOfbPBe3BVa9Q\/6d1398e3-cb8c-4fc3-ad55-82fbd64f0180.jpg 1x, https:\/\/s2.glbimg.com\/HQy-SPRxoejbE-m681IL0NnP5Wk=\/0x0:1280x853\/2524x0\/smart\/filters:strip_icc()\/i.s3.glbimg.com\/v1\/AUTH_59edd422c0c84a879bd37670ae4f538a\/internal_photos\/bs\/2019\/l\/r\/dfhp5nSMOfbPBe3BVa9Q\/6d1398e3-cb8c-4fc3-ad55-82fbd64f0180.jpg 2x\" media=\"(max-width: 1280px)\" data-src=\"https:\/\/s2.glbimg.com\/YLnYP1myH86AHl-Mq4-ag4P86VE=\/0x0:1280x853\/1262x0\/smart\/filters:strip_icc()\/i.s3.glbimg.com\/v1\/AUTH_59edd422c0c84a879bd37670ae4f538a\/internal_photos\/bs\/2019\/l\/r\/dfhp5nSMOfbPBe3BVa9Q\/6d1398e3-cb8c-4fc3-ad55-82fbd64f0180.jpg 1x, https:\/\/s2.glbimg.com\/HQy-SPRxoejbE-m681IL0NnP5Wk=\/0x0:1280x853\/2524x0\/smart\/filters:strip_icc()\/i.s3.glbimg.com\/v1\/AUTH_59edd422c0c84a879bd37670ae4f538a\/internal_photos\/bs\/2019\/l\/r\/dfhp5nSMOfbPBe3BVa9Q\/6d1398e3-cb8c-4fc3-ad55-82fbd64f0180.jpg 2x\" \/><source srcset=\"https:\/\/s2.glbimg.com\/Qr_Q1swr1C_ZwmRsvz6Fw530-6c=\/0x0:1280x853\/1344x0\/smart\/filters:strip_icc()\/i.s3.glbimg.com\/v1\/AUTH_59edd422c0c84a879bd37670ae4f538a\/internal_photos\/bs\/2019\/l\/r\/dfhp5nSMOfbPBe3BVa9Q\/6d1398e3-cb8c-4fc3-ad55-82fbd64f0180.jpg 1x, https:\/\/s2.glbimg.com\/n5P7VlWtYzdYJQEoiLusOGRFFgA=\/0x0:1280x853\/2688x0\/smart\/filters:strip_icc()\/i.s3.glbimg.com\/v1\/AUTH_59edd422c0c84a879bd37670ae4f538a\/internal_photos\/bs\/2019\/l\/r\/dfhp5nSMOfbPBe3BVa9Q\/6d1398e3-cb8c-4fc3-ad55-82fbd64f0180.jpg 2x\" media=\"(max-width: 1360px)\" data-src=\"https:\/\/s2.glbimg.com\/Qr_Q1swr1C_ZwmRsvz6Fw530-6c=\/0x0:1280x853\/1344x0\/smart\/filters:strip_icc()\/i.s3.glbimg.com\/v1\/AUTH_59edd422c0c84a879bd37670ae4f538a\/internal_photos\/bs\/2019\/l\/r\/dfhp5nSMOfbPBe3BVa9Q\/6d1398e3-cb8c-4fc3-ad55-82fbd64f0180.jpg 1x, https:\/\/s2.glbimg.com\/n5P7VlWtYzdYJQEoiLusOGRFFgA=\/0x0:1280x853\/2688x0\/smart\/filters:strip_icc()\/i.s3.glbimg.com\/v1\/AUTH_59edd422c0c84a879bd37670ae4f538a\/internal_photos\/bs\/2019\/l\/r\/dfhp5nSMOfbPBe3BVa9Q\/6d1398e3-cb8c-4fc3-ad55-82fbd64f0180.jpg 2x\" \/><source srcset=\"https:\/\/s2.glbimg.com\/00bb_yo0QETz4hDvGO8s3uC_PBU=\/0x0:1280x853\/1600x0\/smart\/filters:strip_icc()\/i.s3.glbimg.com\/v1\/AUTH_59edd422c0c84a879bd37670ae4f538a\/internal_photos\/bs\/2019\/l\/r\/dfhp5nSMOfbPBe3BVa9Q\/6d1398e3-cb8c-4fc3-ad55-82fbd64f0180.jpg 1x, https:\/\/s2.glbimg.com\/MFkRYtmCj1USSYaa7tD25ZPgWVM=\/0x0:1280x853\/3200x0\/smart\/filters:strip_icc()\/i.s3.glbimg.com\/v1\/AUTH_59edd422c0c84a879bd37670ae4f538a\/internal_photos\/bs\/2019\/l\/r\/dfhp5nSMOfbPBe3BVa9Q\/6d1398e3-cb8c-4fc3-ad55-82fbd64f0180.jpg 2x\" media=\"(min-width: 1361px)\" data-src=\"https:\/\/s2.glbimg.com\/00bb_yo0QETz4hDvGO8s3uC_PBU=\/0x0:1280x853\/1600x0\/smart\/filters:strip_icc()\/i.s3.glbimg.com\/v1\/AUTH_59edd422c0c84a879bd37670ae4f538a\/internal_photos\/bs\/2019\/l\/r\/dfhp5nSMOfbPBe3BVa9Q\/6d1398e3-cb8c-4fc3-ad55-82fbd64f0180.jpg 1x, https:\/\/s2.glbimg.com\/MFkRYtmCj1USSYaa7tD25ZPgWVM=\/0x0:1280x853\/3200x0\/smart\/filters:strip_icc()\/i.s3.glbimg.com\/v1\/AUTH_59edd422c0c84a879bd37670ae4f538a\/internal_photos\/bs\/2019\/l\/r\/dfhp5nSMOfbPBe3BVa9Q\/6d1398e3-cb8c-4fc3-ad55-82fbd64f0180.jpg 2x\" \/><source srcset=\"https:\/\/s2.glbimg.com\/qnia98Dhp0rLG8W3RKBXmx5FGyg=\/0x0:1280x853\/1008x0\/smart\/filters:strip_icc()\/i.s3.glbimg.com\/v1\/AUTH_59edd422c0c84a879bd37670ae4f538a\/internal_photos\/bs\/2019\/l\/r\/dfhp5nSMOfbPBe3BVa9Q\/6d1398e3-cb8c-4fc3-ad55-82fbd64f0180.jpg\" data-src=\"https:\/\/s2.glbimg.com\/qnia98Dhp0rLG8W3RKBXmx5FGyg=\/0x0:1280x853\/1008x0\/smart\/filters:strip_icc()\/i.s3.glbimg.com\/v1\/AUTH_59edd422c0c84a879bd37670ae4f538a\/internal_photos\/bs\/2019\/l\/r\/dfhp5nSMOfbPBe3BVa9Q\/6d1398e3-cb8c-4fc3-ad55-82fbd64f0180.jpg\" \/><img data-recalc-dims=\"1\" decoding=\"async\" class=\"image content-media__image progressive-loaded\" title=\"Adeptos do Templo de Umbanda Liberdade Tupinamb\u00e1, em Paraty, no Rio de Janeiro: 80% brancos \u2014 Foto: Arquivo pessoal\/Divulga\u00e7\u00e3o\" src=\"https:\/\/i0.wp.com\/s2.glbimg.com\/qnia98Dhp0rLG8W3RKBXmx5FGyg%3D\/0x0%3A1280x853\/1008x0\/smart\/filters%3Astrip_icc%28%29\/i.s3.glbimg.com\/v1\/AUTH_59edd422c0c84a879bd37670ae4f538a\/internal_photos\/bs\/2019\/l\/r\/dfhp5nSMOfbPBe3BVa9Q\/6d1398e3-cb8c-4fc3-ad55-82fbd64f0180.jpg?w=600&#038;ssl=1\" alt=\"Adeptos do Templo de Umbanda Liberdade Tupinamb\u00e1, em Paraty, no Rio de Janeiro: 80% brancos \u2014 Foto: Arquivo pessoal\/Divulga\u00e7\u00e3o\" data-src=\"https:\/\/s2.glbimg.com\/qnia98Dhp0rLG8W3RKBXmx5FGyg=\/0x0:1280x853\/1008x0\/smart\/filters:strip_icc()\/i.s3.glbimg.com\/v1\/AUTH_59edd422c0c84a879bd37670ae4f538a\/internal_photos\/bs\/2019\/l\/r\/dfhp5nSMOfbPBe3BVa9Q\/6d1398e3-cb8c-4fc3-ad55-82fbd64f0180.jpg\" \/><\/picture><\/div>\n<p class=\"content-media__description \">Adeptos do Templo de Umbanda Liberdade Tupinamb\u00e1, em Paraty, no Rio de Janeiro: 80% brancos \u2014 Foto: Arquivo pessoal\/Divulga\u00e7\u00e3o<\/p>\n<div class=\"mc-column content-text active-extra-styles \" data-block-type=\"unstyled\" data-block-weight=\"23\" data-block-id=\"42\">\n<p class=\"content-text__container \" data-track-category=\"Link no Texto\" data-track-links=\"\">A ades\u00e3o dos brancos a religi\u00f5es de matriz africana s\u00e3o, para o jurista, a comprova\u00e7\u00e3o de o quanto o Brasil \u00e9 africanizado.<\/p>\n<\/div>\n<div class=\"mc-column content-text active-extra-styles\" data-block-type=\"raw\" data-block-weight=\"64\" data-block-id=\"43\">\n<blockquote class=\"content-blockquote theme-border-color-primary-before\"><p>\u201cO que se propaga como uma escola de derrotados \u00e9 na verdade a escola de vencedores. Os adeptos de religi\u00f5es afro n\u00e3o batem na casa das pessoas para pregar, s\u00e3o associadas ao dem\u00f4nio, n\u00e3o t\u00eam canal de TV e no entanto essas religi\u00f5es s\u00f3 crescem e ganham adeptos. Isso \u00e9 a demonstra\u00e7\u00e3o da vitalidade, da pujan\u00e7a e do vigor da cultura africana\u201d, diz Hedio.<\/p><\/blockquote>\n<\/div>\n<div class=\"mc-column content-text active-extra-styles \" data-block-type=\"unstyled\" data-block-weight=\"35\" data-block-id=\"44\">\n<p class=\"content-text__container \" data-track-category=\"Link no Texto\" data-track-links=\"\">Hedio cita como cultura africana naturalizada no Brasil o costume de vestir branco no R\u00e9veillon, o que j\u00e1 est\u00e1 no &#8220;ethos&#8221; (conjunto de h\u00e1bitos ou cren\u00e7as que definem uma comunidade ou na\u00e7\u00e3o) da cultura brasileira.<\/p>\n<\/div>\n<div class=\"mc-column content-text active-extra-styles\" data-block-type=\"raw\" data-block-weight=\"43\" data-block-id=\"45\">\n<blockquote class=\"content-blockquote theme-border-color-primary-before\"><p>\u201cN\u00e3o h\u00e1 discurso fundamentalista, tir\u00e2nico ou fascista que possa destruir um patrim\u00f4nio cultural de tamanho esplender e capilaridade na nossa cultura e na nossa sociedade. As religi\u00f5es de matriz africana h\u00e1 muito deixaram de ser uma coisa de preto e isso \u00e9 \u00f3timo.\u201d<\/p><\/blockquote>\n<\/div>\n<div class=\"mc-column content-text active-extra-styles\" data-block-type=\"raw\" data-block-weight=\"3\" data-block-id=\"46\">\n<div class=\"content-intertitle\">\n<h2>Amparo na lei<\/h2>\n<\/div>\n<\/div>\n<div class=\"mc-column content-text active-extra-styles \" data-block-type=\"unstyled\" data-block-weight=\"63\" data-block-id=\"47\">\n<p class=\"content-text__container \" data-track-category=\"Link no Texto\" data-track-links=\"\">Em S\u00e3o Paulo, a deputada estadual Leci Brand\u00e3o acredita que uma penalidade monet\u00e1ria pode ajudar a coibir crimes de discrimina\u00e7\u00e3o religiosa. Ela \u00e9 autora da Lei Estadual n\u00ba 17.157, publicada no Di\u00e1rio Oficial do Estado de SP \u00faltimo dia 20 de setembro, que disp\u00f5e sobre penalidades administrativas a serem aplicadas pela pr\u00e1tica de atos de discrimina\u00e7\u00e3o por motivo religioso, inclusive pela internet.<\/p>\n<\/div>\n<div class=\"content-ads content-ads--reveal\" data-block-type=\"ads\" data-block-id=\"48\">\n<div class=\"mc-column content-text active-extra-styles \" data-block-type=\"unstyled\" data-block-weight=\"26\" data-block-id=\"49\">\n<p class=\"content-text__container \" data-track-category=\"Link no Texto\" data-track-links=\"\">A multa por reincid\u00eancia no crime \u00e9 de 3 mil Unidades Fiscais do Estado de S\u00e3o Paulo (UFESPs), valor que atualmente \u00e9 de R$ 79,590 mil.<\/p>\n<\/div>\n<div class=\"mc-column content-text active-extra-styles\" data-block-type=\"raw\" data-block-weight=\"62\" data-block-id=\"50\">\n<blockquote class=\"content-blockquote theme-border-color-primary-before\"><p>\u201cO que motivou a cria\u00e7\u00e3o dessa lei foram quest\u00f5es objetivas de intoler\u00e2ncia. Ficamos sabendo de v\u00e1rios fatos de invas\u00e3o de terreiros de candombl\u00e9 e umbanda em S\u00e3o Paulo e no Rio de Janeiro e come\u00e7amos a perceber no cen\u00e1rio pol\u00edtico que as pessoas t\u00eam um comportamento de \u00f3dio e ofensa, uma coisa muito ruim por causa da religi\u00e3o do outro\u201d, afirma Leci.<\/p><\/blockquote>\n<\/div>\n<div class=\"row medium-uncollapsed content-media content-photo\" data-block-type=\"backstage-photo\" data-block-id=\"51\">\n<div class=\"column medium-22 large-20 medium-centered content-media__container\">\n<div class=\"progressive-img can-open-lightbox\" data-min-size=\"1008x756\" data-min-size-url=\"https:\/\/s2.glbimg.com\/vccS-OFysPaEHvvJvbxqT619yec=\/0x0:4032x3024\/1008x0\/smart\/filters:strip_icc()\/i.s3.glbimg.com\/v1\/AUTH_59edd422c0c84a879bd37670ae4f538a\/internal_photos\/bs\/2019\/Q\/6\/9K5fBkS7qJSahgieWweQ\/20191118-152609.jpg\" data-max-size=\"1600x1200\" data-max-size-url=\"https:\/\/s2.glbimg.com\/Zt0OIV_Hlur468nSTOjZQT4BEJE=\/0x0:4032x3024\/1600x0\/smart\/filters:strip_icc()\/i.s3.glbimg.com\/v1\/AUTH_59edd422c0c84a879bd37670ae4f538a\/internal_photos\/bs\/2019\/Q\/6\/9K5fBkS7qJSahgieWweQ\/20191118-152609.jpg\" data-media-index=\"6\">\n<div class=\"placeholder-container\"><\/div>\n<picture><source srcset=\"https:\/\/s2.glbimg.com\/vccS-OFysPaEHvvJvbxqT619yec=\/0x0:4032x3024\/1008x0\/smart\/filters:strip_icc()\/i.s3.glbimg.com\/v1\/AUTH_59edd422c0c84a879bd37670ae4f538a\/internal_photos\/bs\/2019\/Q\/6\/9K5fBkS7qJSahgieWweQ\/20191118-152609.jpg 1x, https:\/\/s2.glbimg.com\/gDWfsA19UWkM2k41H3hBT9ux6Xk=\/0x0:4032x3024\/2016x0\/smart\/filters:strip_icc()\/i.s3.glbimg.com\/v1\/AUTH_59edd422c0c84a879bd37670ae4f538a\/internal_photos\/bs\/2019\/Q\/6\/9K5fBkS7qJSahgieWweQ\/20191118-152609.jpg 2x\" media=\"(max-width: 1024px)\" data-src=\"https:\/\/s2.glbimg.com\/vccS-OFysPaEHvvJvbxqT619yec=\/0x0:4032x3024\/1008x0\/smart\/filters:strip_icc()\/i.s3.glbimg.com\/v1\/AUTH_59edd422c0c84a879bd37670ae4f538a\/internal_photos\/bs\/2019\/Q\/6\/9K5fBkS7qJSahgieWweQ\/20191118-152609.jpg 1x, https:\/\/s2.glbimg.com\/gDWfsA19UWkM2k41H3hBT9ux6Xk=\/0x0:4032x3024\/2016x0\/smart\/filters:strip_icc()\/i.s3.glbimg.com\/v1\/AUTH_59edd422c0c84a879bd37670ae4f538a\/internal_photos\/bs\/2019\/Q\/6\/9K5fBkS7qJSahgieWweQ\/20191118-152609.jpg 2x\" \/><source srcset=\"https:\/\/s2.glbimg.com\/IQIR-0y6SdYb8cAZEsLs_q04U8Q=\/0x0:4032x3024\/1262x0\/smart\/filters:strip_icc()\/i.s3.glbimg.com\/v1\/AUTH_59edd422c0c84a879bd37670ae4f538a\/internal_photos\/bs\/2019\/Q\/6\/9K5fBkS7qJSahgieWweQ\/20191118-152609.jpg 1x, https:\/\/s2.glbimg.com\/KjQDQ3m3v79tuCpf6d7xKzBrXy0=\/0x0:4032x3024\/2524x0\/smart\/filters:strip_icc()\/i.s3.glbimg.com\/v1\/AUTH_59edd422c0c84a879bd37670ae4f538a\/internal_photos\/bs\/2019\/Q\/6\/9K5fBkS7qJSahgieWweQ\/20191118-152609.jpg 2x\" media=\"(max-width: 1280px)\" data-src=\"https:\/\/s2.glbimg.com\/IQIR-0y6SdYb8cAZEsLs_q04U8Q=\/0x0:4032x3024\/1262x0\/smart\/filters:strip_icc()\/i.s3.glbimg.com\/v1\/AUTH_59edd422c0c84a879bd37670ae4f538a\/internal_photos\/bs\/2019\/Q\/6\/9K5fBkS7qJSahgieWweQ\/20191118-152609.jpg 1x, https:\/\/s2.glbimg.com\/KjQDQ3m3v79tuCpf6d7xKzBrXy0=\/0x0:4032x3024\/2524x0\/smart\/filters:strip_icc()\/i.s3.glbimg.com\/v1\/AUTH_59edd422c0c84a879bd37670ae4f538a\/internal_photos\/bs\/2019\/Q\/6\/9K5fBkS7qJSahgieWweQ\/20191118-152609.jpg 2x\" \/><source srcset=\"https:\/\/s2.glbimg.com\/q0m1hyv0EQ1hDqJo-Gmha_pLOOs=\/0x0:4032x3024\/1344x0\/smart\/filters:strip_icc()\/i.s3.glbimg.com\/v1\/AUTH_59edd422c0c84a879bd37670ae4f538a\/internal_photos\/bs\/2019\/Q\/6\/9K5fBkS7qJSahgieWweQ\/20191118-152609.jpg 1x, https:\/\/s2.glbimg.com\/tDaHle2o7it612DXXyhIpL63Km8=\/0x0:4032x3024\/2688x0\/smart\/filters:strip_icc()\/i.s3.glbimg.com\/v1\/AUTH_59edd422c0c84a879bd37670ae4f538a\/internal_photos\/bs\/2019\/Q\/6\/9K5fBkS7qJSahgieWweQ\/20191118-152609.jpg 2x\" media=\"(max-width: 1360px)\" data-src=\"https:\/\/s2.glbimg.com\/q0m1hyv0EQ1hDqJo-Gmha_pLOOs=\/0x0:4032x3024\/1344x0\/smart\/filters:strip_icc()\/i.s3.glbimg.com\/v1\/AUTH_59edd422c0c84a879bd37670ae4f538a\/internal_photos\/bs\/2019\/Q\/6\/9K5fBkS7qJSahgieWweQ\/20191118-152609.jpg 1x, https:\/\/s2.glbimg.com\/tDaHle2o7it612DXXyhIpL63Km8=\/0x0:4032x3024\/2688x0\/smart\/filters:strip_icc()\/i.s3.glbimg.com\/v1\/AUTH_59edd422c0c84a879bd37670ae4f538a\/internal_photos\/bs\/2019\/Q\/6\/9K5fBkS7qJSahgieWweQ\/20191118-152609.jpg 2x\" \/><source srcset=\"https:\/\/s2.glbimg.com\/Zt0OIV_Hlur468nSTOjZQT4BEJE=\/0x0:4032x3024\/1600x0\/smart\/filters:strip_icc()\/i.s3.glbimg.com\/v1\/AUTH_59edd422c0c84a879bd37670ae4f538a\/internal_photos\/bs\/2019\/Q\/6\/9K5fBkS7qJSahgieWweQ\/20191118-152609.jpg 1x, https:\/\/s2.glbimg.com\/vaMrv2zYu5pugKRM_dC2j1fWMKc=\/0x0:4032x3024\/3200x0\/smart\/filters:strip_icc()\/i.s3.glbimg.com\/v1\/AUTH_59edd422c0c84a879bd37670ae4f538a\/internal_photos\/bs\/2019\/Q\/6\/9K5fBkS7qJSahgieWweQ\/20191118-152609.jpg 2x\" media=\"(min-width: 1361px)\" data-src=\"https:\/\/s2.glbimg.com\/Zt0OIV_Hlur468nSTOjZQT4BEJE=\/0x0:4032x3024\/1600x0\/smart\/filters:strip_icc()\/i.s3.glbimg.com\/v1\/AUTH_59edd422c0c84a879bd37670ae4f538a\/internal_photos\/bs\/2019\/Q\/6\/9K5fBkS7qJSahgieWweQ\/20191118-152609.jpg 1x, https:\/\/s2.glbimg.com\/vaMrv2zYu5pugKRM_dC2j1fWMKc=\/0x0:4032x3024\/3200x0\/smart\/filters:strip_icc()\/i.s3.glbimg.com\/v1\/AUTH_59edd422c0c84a879bd37670ae4f538a\/internal_photos\/bs\/2019\/Q\/6\/9K5fBkS7qJSahgieWweQ\/20191118-152609.jpg 2x\" \/><source srcset=\"https:\/\/s2.glbimg.com\/vccS-OFysPaEHvvJvbxqT619yec=\/0x0:4032x3024\/1008x0\/smart\/filters:strip_icc()\/i.s3.glbimg.com\/v1\/AUTH_59edd422c0c84a879bd37670ae4f538a\/internal_photos\/bs\/2019\/Q\/6\/9K5fBkS7qJSahgieWweQ\/20191118-152609.jpg\" data-src=\"https:\/\/s2.glbimg.com\/vccS-OFysPaEHvvJvbxqT619yec=\/0x0:4032x3024\/1008x0\/smart\/filters:strip_icc()\/i.s3.glbimg.com\/v1\/AUTH_59edd422c0c84a879bd37670ae4f538a\/internal_photos\/bs\/2019\/Q\/6\/9K5fBkS7qJSahgieWweQ\/20191118-152609.jpg\" \/><img data-recalc-dims=\"1\" decoding=\"async\" class=\"image content-media__image progressive-loaded\" title=\"O sacerdote de umbanda David Dias posa no Col\u00e9gio Pena Branca \u2014 Foto: B\u00e1rbara Muniz Vieira\/G1\" src=\"https:\/\/i0.wp.com\/s2.glbimg.com\/vccS-OFysPaEHvvJvbxqT619yec%3D\/0x0%3A4032x3024\/1008x0\/smart\/filters%3Astrip_icc%28%29\/i.s3.glbimg.com\/v1\/AUTH_59edd422c0c84a879bd37670ae4f538a\/internal_photos\/bs\/2019\/Q\/6\/9K5fBkS7qJSahgieWweQ\/20191118-152609.jpg?w=600&#038;ssl=1\" alt=\"O sacerdote de umbanda David Dias posa no Col\u00e9gio Pena Branca \u2014 Foto: B\u00e1rbara Muniz Vieira\/G1\" data-src=\"https:\/\/s2.glbimg.com\/vccS-OFysPaEHvvJvbxqT619yec=\/0x0:4032x3024\/1008x0\/smart\/filters:strip_icc()\/i.s3.glbimg.com\/v1\/AUTH_59edd422c0c84a879bd37670ae4f538a\/internal_photos\/bs\/2019\/Q\/6\/9K5fBkS7qJSahgieWweQ\/20191118-152609.jpg\" \/><\/picture><\/div>\n<p class=\"content-media__description \">O sacerdote de umbanda David Dias posa no Col\u00e9gio Pena Branca \u2014 Foto: B\u00e1rbara Muniz Vieira\/G1<\/p>\n<\/div>\n<\/div>\n<div class=\"mc-column content-text active-extra-styles \" data-block-type=\"unstyled\" data-block-weight=\"30\" data-block-id=\"52\">\n<p class=\"content-text__container \" data-track-category=\"Link no Texto\" data-track-links=\"\">O ato de recusar, retardar, impedir ou onerar a loca\u00e7\u00e3o, compra, aquisi\u00e7\u00e3o, arrendamento ou empr\u00e9stimo de bens m\u00f3veis ou im\u00f3veis tamb\u00e9m \u00e9 pass\u00edvel de puni\u00e7\u00e3o de acordo com a lei.<\/p>\n<\/div>\n<div class=\"content-ads content-ads--reveal\" data-block-type=\"ads\" data-block-id=\"53\">\n<div class=\"mc-column content-text active-extra-styles \" data-block-type=\"unstyled\" data-block-weight=\"33\" data-block-id=\"54\">\n<p class=\"content-text__container \" data-track-category=\"Link no Texto\" data-track-links=\"\">Foi o que aconteceu no Centro Espiritualista de Umbanda (CEU) Estrela Guia. As propriet\u00e1rias pediram de volta o im\u00f3vel localizado no bairro da Sa\u00fade, Zona Sul de S\u00e3o Paulo, em setembro deste ano.<\/p>\n<\/div>\n<div class=\"mc-column content-text active-extra-styles \" data-block-type=\"unstyled\" data-block-weight=\"38\" data-block-id=\"55\">\n<p class=\"content-text__container \" data-track-category=\"Link no Texto\" data-track-links=\"\">A Lei de inquilinato, entretanto, diz que hospitais, escolas e entidades religiosas registradas com essa finalidade t\u00eam prote\u00e7\u00e3o da lei contra o despejo. Ou seja, o propriet\u00e1rio n\u00e3o pode pedir o im\u00f3vel mesmo ap\u00f3s o encerramento do contrato.<\/p>\n<\/div>\n<div class=\"mc-column content-text active-extra-styles \" data-block-type=\"unstyled\" data-block-weight=\"57\" data-block-id=\"56\">\n<p class=\"content-text__container \" data-track-category=\"Link no Texto\" data-track-links=\"\">Em setembro, uma decis\u00e3o da 4\u00aa Vara C\u00edvel de S\u00e3o Paulo decidiu que o instituto poderia continuar no endere\u00e7o e que as propriet\u00e1rias do espa\u00e7o deveriam pagar os custos do processo, inclusive o honor\u00e1rio dos advogados. Elas recorreram, e foi justamente a argumenta\u00e7\u00e3o da advogada Patr\u00edcia Torres que gerou a acusa\u00e7\u00e3o de intoler\u00e2ncia religiosa contra os umbandistas.<\/p>\n<\/div>\n<div class=\"row medium-uncollapsed content-media content-photo\" data-block-type=\"backstage-photo\" data-block-id=\"57\">\n<div class=\"column medium-22 large-20 medium-centered content-media__container\">\n<div class=\"progressive-img can-open-lightbox\" data-min-size=\"1008x756\" data-min-size-url=\"https:\/\/s2.glbimg.com\/1vhWOFmSqUIPnSpJSfnHbkpgKHY=\/0x0:4032x3024\/1008x0\/smart\/filters:strip_icc()\/i.s3.glbimg.com\/v1\/AUTH_59edd422c0c84a879bd37670ae4f538a\/internal_photos\/bs\/2019\/0\/C\/EZg7P2Q0WdQsQupDxo1w\/20191118-152500.jpg\" data-max-size=\"1600x1200\" data-max-size-url=\"https:\/\/s2.glbimg.com\/UrLaBJJqoUGxcSW9eO75sNE85CY=\/0x0:4032x3024\/1600x0\/smart\/filters:strip_icc()\/i.s3.glbimg.com\/v1\/AUTH_59edd422c0c84a879bd37670ae4f538a\/internal_photos\/bs\/2019\/0\/C\/EZg7P2Q0WdQsQupDxo1w\/20191118-152500.jpg\" data-media-index=\"7\">\n<div class=\"placeholder-container\"><\/div>\n<picture><source srcset=\"https:\/\/s2.glbimg.com\/1vhWOFmSqUIPnSpJSfnHbkpgKHY=\/0x0:4032x3024\/1008x0\/smart\/filters:strip_icc()\/i.s3.glbimg.com\/v1\/AUTH_59edd422c0c84a879bd37670ae4f538a\/internal_photos\/bs\/2019\/0\/C\/EZg7P2Q0WdQsQupDxo1w\/20191118-152500.jpg 1x, https:\/\/s2.glbimg.com\/GOpBhCfZkykKYO-l6z-ExtbVGmo=\/0x0:4032x3024\/2016x0\/smart\/filters:strip_icc()\/i.s3.glbimg.com\/v1\/AUTH_59edd422c0c84a879bd37670ae4f538a\/internal_photos\/bs\/2019\/0\/C\/EZg7P2Q0WdQsQupDxo1w\/20191118-152500.jpg 2x\" media=\"(max-width: 1024px)\" data-src=\"https:\/\/s2.glbimg.com\/1vhWOFmSqUIPnSpJSfnHbkpgKHY=\/0x0:4032x3024\/1008x0\/smart\/filters:strip_icc()\/i.s3.glbimg.com\/v1\/AUTH_59edd422c0c84a879bd37670ae4f538a\/internal_photos\/bs\/2019\/0\/C\/EZg7P2Q0WdQsQupDxo1w\/20191118-152500.jpg 1x, https:\/\/s2.glbimg.com\/GOpBhCfZkykKYO-l6z-ExtbVGmo=\/0x0:4032x3024\/2016x0\/smart\/filters:strip_icc()\/i.s3.glbimg.com\/v1\/AUTH_59edd422c0c84a879bd37670ae4f538a\/internal_photos\/bs\/2019\/0\/C\/EZg7P2Q0WdQsQupDxo1w\/20191118-152500.jpg 2x\" \/><source srcset=\"https:\/\/s2.glbimg.com\/AFnrq5kBs-6HhpdZ9e1Iqr3ThGk=\/0x0:4032x3024\/1262x0\/smart\/filters:strip_icc()\/i.s3.glbimg.com\/v1\/AUTH_59edd422c0c84a879bd37670ae4f538a\/internal_photos\/bs\/2019\/0\/C\/EZg7P2Q0WdQsQupDxo1w\/20191118-152500.jpg 1x, https:\/\/s2.glbimg.com\/ojxzMLRu18uou7gSGnvoYqao1Kk=\/0x0:4032x3024\/2524x0\/smart\/filters:strip_icc()\/i.s3.glbimg.com\/v1\/AUTH_59edd422c0c84a879bd37670ae4f538a\/internal_photos\/bs\/2019\/0\/C\/EZg7P2Q0WdQsQupDxo1w\/20191118-152500.jpg 2x\" media=\"(max-width: 1280px)\" data-src=\"https:\/\/s2.glbimg.com\/AFnrq5kBs-6HhpdZ9e1Iqr3ThGk=\/0x0:4032x3024\/1262x0\/smart\/filters:strip_icc()\/i.s3.glbimg.com\/v1\/AUTH_59edd422c0c84a879bd37670ae4f538a\/internal_photos\/bs\/2019\/0\/C\/EZg7P2Q0WdQsQupDxo1w\/20191118-152500.jpg 1x, https:\/\/s2.glbimg.com\/ojxzMLRu18uou7gSGnvoYqao1Kk=\/0x0:4032x3024\/2524x0\/smart\/filters:strip_icc()\/i.s3.glbimg.com\/v1\/AUTH_59edd422c0c84a879bd37670ae4f538a\/internal_photos\/bs\/2019\/0\/C\/EZg7P2Q0WdQsQupDxo1w\/20191118-152500.jpg 2x\" \/><source srcset=\"https:\/\/s2.glbimg.com\/jvjUO6TF9UyNUjvyvjeMgnlUR08=\/0x0:4032x3024\/1344x0\/smart\/filters:strip_icc()\/i.s3.glbimg.com\/v1\/AUTH_59edd422c0c84a879bd37670ae4f538a\/internal_photos\/bs\/2019\/0\/C\/EZg7P2Q0WdQsQupDxo1w\/20191118-152500.jpg 1x, https:\/\/s2.glbimg.com\/4Cjo7ITDiC3nBolydZScVMAYYkQ=\/0x0:4032x3024\/2688x0\/smart\/filters:strip_icc()\/i.s3.glbimg.com\/v1\/AUTH_59edd422c0c84a879bd37670ae4f538a\/internal_photos\/bs\/2019\/0\/C\/EZg7P2Q0WdQsQupDxo1w\/20191118-152500.jpg 2x\" media=\"(max-width: 1360px)\" data-src=\"https:\/\/s2.glbimg.com\/jvjUO6TF9UyNUjvyvjeMgnlUR08=\/0x0:4032x3024\/1344x0\/smart\/filters:strip_icc()\/i.s3.glbimg.com\/v1\/AUTH_59edd422c0c84a879bd37670ae4f538a\/internal_photos\/bs\/2019\/0\/C\/EZg7P2Q0WdQsQupDxo1w\/20191118-152500.jpg 1x, https:\/\/s2.glbimg.com\/4Cjo7ITDiC3nBolydZScVMAYYkQ=\/0x0:4032x3024\/2688x0\/smart\/filters:strip_icc()\/i.s3.glbimg.com\/v1\/AUTH_59edd422c0c84a879bd37670ae4f538a\/internal_photos\/bs\/2019\/0\/C\/EZg7P2Q0WdQsQupDxo1w\/20191118-152500.jpg 2x\" \/><source srcset=\"https:\/\/s2.glbimg.com\/UrLaBJJqoUGxcSW9eO75sNE85CY=\/0x0:4032x3024\/1600x0\/smart\/filters:strip_icc()\/i.s3.glbimg.com\/v1\/AUTH_59edd422c0c84a879bd37670ae4f538a\/internal_photos\/bs\/2019\/0\/C\/EZg7P2Q0WdQsQupDxo1w\/20191118-152500.jpg 1x, https:\/\/s2.glbimg.com\/mRxAYohGt3go66qCUpcBPHaHf_U=\/0x0:4032x3024\/3200x0\/smart\/filters:strip_icc()\/i.s3.glbimg.com\/v1\/AUTH_59edd422c0c84a879bd37670ae4f538a\/internal_photos\/bs\/2019\/0\/C\/EZg7P2Q0WdQsQupDxo1w\/20191118-152500.jpg 2x\" media=\"(min-width: 1361px)\" data-src=\"https:\/\/s2.glbimg.com\/UrLaBJJqoUGxcSW9eO75sNE85CY=\/0x0:4032x3024\/1600x0\/smart\/filters:strip_icc()\/i.s3.glbimg.com\/v1\/AUTH_59edd422c0c84a879bd37670ae4f538a\/internal_photos\/bs\/2019\/0\/C\/EZg7P2Q0WdQsQupDxo1w\/20191118-152500.jpg 1x, https:\/\/s2.glbimg.com\/mRxAYohGt3go66qCUpcBPHaHf_U=\/0x0:4032x3024\/3200x0\/smart\/filters:strip_icc()\/i.s3.glbimg.com\/v1\/AUTH_59edd422c0c84a879bd37670ae4f538a\/internal_photos\/bs\/2019\/0\/C\/EZg7P2Q0WdQsQupDxo1w\/20191118-152500.jpg 2x\" \/><source srcset=\"https:\/\/s2.glbimg.com\/1vhWOFmSqUIPnSpJSfnHbkpgKHY=\/0x0:4032x3024\/1008x0\/smart\/filters:strip_icc()\/i.s3.glbimg.com\/v1\/AUTH_59edd422c0c84a879bd37670ae4f538a\/internal_photos\/bs\/2019\/0\/C\/EZg7P2Q0WdQsQupDxo1w\/20191118-152500.jpg\" data-src=\"https:\/\/s2.glbimg.com\/1vhWOFmSqUIPnSpJSfnHbkpgKHY=\/0x0:4032x3024\/1008x0\/smart\/filters:strip_icc()\/i.s3.glbimg.com\/v1\/AUTH_59edd422c0c84a879bd37670ae4f538a\/internal_photos\/bs\/2019\/0\/C\/EZg7P2Q0WdQsQupDxo1w\/20191118-152500.jpg\" \/><img data-recalc-dims=\"1\" decoding=\"async\" class=\"image content-media__image progressive-loaded\" title=\"Trunqueira de exu e pombagira, orix\u00e1s cultuados na umbanda, no Col\u00e9gio Pena Branca \u2014 Foto: B\u00e1rbara Muniz Vieira\/G1\" src=\"https:\/\/i0.wp.com\/s2.glbimg.com\/1vhWOFmSqUIPnSpJSfnHbkpgKHY%3D\/0x0%3A4032x3024\/1008x0\/smart\/filters%3Astrip_icc%28%29\/i.s3.glbimg.com\/v1\/AUTH_59edd422c0c84a879bd37670ae4f538a\/internal_photos\/bs\/2019\/0\/C\/EZg7P2Q0WdQsQupDxo1w\/20191118-152500.jpg?w=600&#038;ssl=1\" alt=\"Trunqueira de exu e pombagira, orix\u00e1s cultuados na umbanda, no Col\u00e9gio Pena Branca \u2014 Foto: B\u00e1rbara Muniz Vieira\/G1\" data-src=\"https:\/\/s2.glbimg.com\/1vhWOFmSqUIPnSpJSfnHbkpgKHY=\/0x0:4032x3024\/1008x0\/smart\/filters:strip_icc()\/i.s3.glbimg.com\/v1\/AUTH_59edd422c0c84a879bd37670ae4f538a\/internal_photos\/bs\/2019\/0\/C\/EZg7P2Q0WdQsQupDxo1w\/20191118-152500.jpg\" \/><\/picture><\/div>\n<p class=\"content-media__description \">Trunqueira de exu e pombagira, orix\u00e1s cultuados na umbanda, no Col\u00e9gio Pena Branca \u2014 Foto: B\u00e1rbara Muniz Vieira\/G1<\/p>\n<\/div>\n<\/div>\n<div class=\"content-ads content-ads--reveal\" data-block-type=\"ads\" data-block-id=\"58\">\n<div class=\"mc-column content-text active-extra-styles \" data-block-type=\"unstyled\" data-block-weight=\"32\" data-block-id=\"59\">\n<p class=\"content-text__container \" data-track-category=\"Link no Texto\" data-track-links=\"\">No texto, Torres diz que as a\u00e7\u00f5es sociais exercidas pela institui\u00e7\u00e3o poderiam acontecer em qualquer lugar, \u201cn\u00e3o havendo motivo para se valer da condi\u00e7\u00e3o especial justific\u00e1vel a hospitais, escolas e entidades religiosas\u201d.<\/p>\n<\/div>\n<div class=\"mc-column content-text active-extra-styles \" data-block-type=\"unstyled\" data-block-weight=\"56\" data-block-id=\"60\">\n<p class=\"content-text__container \" data-track-category=\"Link no Texto\" data-track-links=\"\">O CEU entretanto, possui estatuto desde 2015 e se declara como entidade religiosa em seu artigo 1\u00ba. \u201c O Instituto CEU Estrela Guia (&#8230;) tem por finalidade promover atividades ligadas ao desenvolvimento do ser humano e a sua integra\u00e7\u00e3o social, atrav\u00e9s de todos os meios religiosos, culturais, educacionais, esportivos, art\u00edsticos e ambientais\u201d, diz o texto.<\/p>\n<\/div>\n<div class=\"mc-column content-text active-extra-styles \" data-block-type=\"unstyled\" data-block-weight=\"53\" data-block-id=\"61\">\n<p class=\"content-text__container \" data-track-category=\"Link no Texto\" data-track-links=\"\">\u201cA intoler\u00e2ncia n\u00e3o se limita \u00e0 destrui\u00e7\u00e3o dos templos. Se manifesta de maneira verbal, ou na tentativa de desmerecer a religi\u00e3o. Com essa justificativa ela desrespeita n\u00e3o s\u00f3 ao CEU, mas a toda entidade religiosa que tem no seu local de culto um solo sagrado\u201d, rebate o dirigente espiritual do espa\u00e7o, Denisson D\u2019Angelis.<\/p>\n<\/div>\n<div class=\"mc-column content-text active-extra-styles \" data-block-type=\"unstyled\" data-block-weight=\"63\" data-block-id=\"62\">\n<p class=\"content-text__container \" data-track-category=\"Link no Texto\" data-track-links=\"\">Torres disse ao\u00a0<strong>G1<\/strong>\u00a0por email que o processo n\u00e3o questiona se centro de umbanda \u00e9 entidade religiosa. \u201cToda forma de religi\u00e3o tem prote\u00e7\u00e3o constitucional e por \u00f3bvio que isso jamais poderia ser discutido em um processo de despejo. S\u00e3o esses pontos que est\u00e3o sendo levantados na a\u00e7\u00e3o, por\u00e9m o Instituto est\u00e1 buscando, a qualquer custo, enquadrar o caso como intoler\u00e2ncia religiosa\u201d, afirmou.<\/p>\n<\/div>\n<div class=\"content-ads content-ads--reveal\" data-block-type=\"ads\" data-block-id=\"63\">\u00a0<img data-recalc-dims=\"1\" decoding=\"async\" src=\"https:\/\/i0.wp.com\/s2.glbimg.com\/wKvu02kjk-uiT22v93KqPPQ-mUg%3D\/0x0%3A3000x2000\/1008x0\/smart\/filters%3Astrip_icc%28%29\/i.s3.glbimg.com\/v1\/AUTH_59edd422c0c84a879bd37670ae4f538a\/internal_photos\/bs\/2019\/J\/a\/v9jM6USJOHRTRtUtUA8Q\/1411-f99a6572-celso-tavares-g1-.jpg?w=600&#038;ssl=1\" alt=\"Os dirigentes espirituais do Centro Espiritualista de Umbanda (CEU) Estrela Guia, Denisson e Kelly \u2014 Foto: Celso Tavares\/G1\" \/><\/div>\n<div class=\"content-ads content-ads--reveal\" data-block-type=\"ads\" data-block-id=\"63\">\n<div class=\"row medium-uncollapsed content-media content-photo\" data-block-type=\"backstage-photo\" data-block-id=\"64\">\n<div class=\"column medium-22 large-20 medium-centered content-media__container\">\n<p class=\"content-media__description \">Os dirigentes espirituais do Centro Espiritualista de Umbanda (CEU) Estrela Guia, Denisson e Kelly \u2014 Foto: Celso Tavares\/G1<\/p>\n<\/div>\n<\/div>\n<div class=\"mc-column content-text active-extra-styles\" data-block-type=\"raw\" data-block-weight=\"2\" data-block-id=\"65\">\n<div class=\"content-intertitle\">\n<h2>Capital paulista<\/h2>\n<\/div>\n<\/div>\n<div class=\"mc-column content-text active-extra-styles \" data-block-type=\"unstyled\" data-block-weight=\"45\" data-block-id=\"66\">\n<p class=\"content-text__container \" data-track-category=\"Link no Texto\" data-track-links=\"\">Em S\u00e3o Paulo, o vereador Toninho Vespoli (PSOL) prop\u00f4s projeto que prev\u00ea participa\u00e7\u00e3o de curso inter-religioso a quem causar danos \u00e0 estrutura f\u00edsica ou s\u00edmbolos de matriz africana. \u201cEntendemos que a quest\u00e3o \u00e9 cultural, de falta de conhecimento, da\u00ed o curso\u201d, diz o vereador.<\/p>\n<\/div>\n<div class=\"mc-column content-text active-extra-styles \" data-block-type=\"unstyled\" data-block-weight=\"45\" data-block-id=\"67\">\n<p class=\"content-text__container \" data-track-category=\"Link no Texto\" data-track-links=\"\">Depois, o texto ainda prev\u00ea que a pessoa pode ter puni\u00e7\u00e3o mais r\u00edgida administrativamente, como n\u00e3o ter contratos com a Prefeitura por tr\u00eas anos, em administra\u00e7\u00e3o direta ou indireta. Em caso de reincid\u00eancia no crime, a pessoa paga multa de R$ 2 mil por ato.<\/p>\n<\/div>\n<div class=\"row medium-uncollapsed content-media content-photo\" data-block-type=\"backstage-photo\" data-block-id=\"68\">\n<div class=\"column medium-22 large-20 medium-centered content-media__container\">\n<div class=\"progressive-img can-open-lightbox\" data-min-size=\"1008x756\" data-min-size-url=\"https:\/\/s2.glbimg.com\/oHoJxjbFYrawCMfNA2XKuMAV-WQ=\/0x0:4032x3024\/1008x0\/smart\/filters:strip_icc()\/i.s3.glbimg.com\/v1\/AUTH_59edd422c0c84a879bd37670ae4f538a\/internal_photos\/bs\/2019\/Y\/j\/zjaQhtTyA9wf9SBtKFsA\/20191118-152212.jpg\" data-max-size=\"1600x1200\" data-max-size-url=\"https:\/\/s2.glbimg.com\/BYuxEzM3nTfX4i5c2x4ZKZSw2XM=\/0x0:4032x3024\/1600x0\/smart\/filters:strip_icc()\/i.s3.glbimg.com\/v1\/AUTH_59edd422c0c84a879bd37670ae4f538a\/internal_photos\/bs\/2019\/Y\/j\/zjaQhtTyA9wf9SBtKFsA\/20191118-152212.jpg\" data-media-index=\"9\">\n<div class=\"placeholder-container\"><\/div>\n<picture><source srcset=\"https:\/\/s2.glbimg.com\/oHoJxjbFYrawCMfNA2XKuMAV-WQ=\/0x0:4032x3024\/1008x0\/smart\/filters:strip_icc()\/i.s3.glbimg.com\/v1\/AUTH_59edd422c0c84a879bd37670ae4f538a\/internal_photos\/bs\/2019\/Y\/j\/zjaQhtTyA9wf9SBtKFsA\/20191118-152212.jpg 1x, https:\/\/s2.glbimg.com\/dsTe4H_lpHycs3c1OnTNR-OnMz8=\/0x0:4032x3024\/2016x0\/smart\/filters:strip_icc()\/i.s3.glbimg.com\/v1\/AUTH_59edd422c0c84a879bd37670ae4f538a\/internal_photos\/bs\/2019\/Y\/j\/zjaQhtTyA9wf9SBtKFsA\/20191118-152212.jpg 2x\" media=\"(max-width: 1024px)\" data-src=\"https:\/\/s2.glbimg.com\/oHoJxjbFYrawCMfNA2XKuMAV-WQ=\/0x0:4032x3024\/1008x0\/smart\/filters:strip_icc()\/i.s3.glbimg.com\/v1\/AUTH_59edd422c0c84a879bd37670ae4f538a\/internal_photos\/bs\/2019\/Y\/j\/zjaQhtTyA9wf9SBtKFsA\/20191118-152212.jpg 1x, https:\/\/s2.glbimg.com\/dsTe4H_lpHycs3c1OnTNR-OnMz8=\/0x0:4032x3024\/2016x0\/smart\/filters:strip_icc()\/i.s3.glbimg.com\/v1\/AUTH_59edd422c0c84a879bd37670ae4f538a\/internal_photos\/bs\/2019\/Y\/j\/zjaQhtTyA9wf9SBtKFsA\/20191118-152212.jpg 2x\" \/><source srcset=\"https:\/\/s2.glbimg.com\/7uRbHqA2CdMGScsc03Vrr-FJlAk=\/0x0:4032x3024\/1262x0\/smart\/filters:strip_icc()\/i.s3.glbimg.com\/v1\/AUTH_59edd422c0c84a879bd37670ae4f538a\/internal_photos\/bs\/2019\/Y\/j\/zjaQhtTyA9wf9SBtKFsA\/20191118-152212.jpg 1x, https:\/\/s2.glbimg.com\/WCgkCeYjq9xWJ0VyGpomqSWkT8E=\/0x0:4032x3024\/2524x0\/smart\/filters:strip_icc()\/i.s3.glbimg.com\/v1\/AUTH_59edd422c0c84a879bd37670ae4f538a\/internal_photos\/bs\/2019\/Y\/j\/zjaQhtTyA9wf9SBtKFsA\/20191118-152212.jpg 2x\" media=\"(max-width: 1280px)\" data-src=\"https:\/\/s2.glbimg.com\/7uRbHqA2CdMGScsc03Vrr-FJlAk=\/0x0:4032x3024\/1262x0\/smart\/filters:strip_icc()\/i.s3.glbimg.com\/v1\/AUTH_59edd422c0c84a879bd37670ae4f538a\/internal_photos\/bs\/2019\/Y\/j\/zjaQhtTyA9wf9SBtKFsA\/20191118-152212.jpg 1x, https:\/\/s2.glbimg.com\/WCgkCeYjq9xWJ0VyGpomqSWkT8E=\/0x0:4032x3024\/2524x0\/smart\/filters:strip_icc()\/i.s3.glbimg.com\/v1\/AUTH_59edd422c0c84a879bd37670ae4f538a\/internal_photos\/bs\/2019\/Y\/j\/zjaQhtTyA9wf9SBtKFsA\/20191118-152212.jpg 2x\" \/><source srcset=\"https:\/\/s2.glbimg.com\/mW_ewpZMaJsWh9s16G4AHGfKCZk=\/0x0:4032x3024\/1344x0\/smart\/filters:strip_icc()\/i.s3.glbimg.com\/v1\/AUTH_59edd422c0c84a879bd37670ae4f538a\/internal_photos\/bs\/2019\/Y\/j\/zjaQhtTyA9wf9SBtKFsA\/20191118-152212.jpg 1x, https:\/\/s2.glbimg.com\/dfrU1QOgAfW5RyjoEzlwWXLzE24=\/0x0:4032x3024\/2688x0\/smart\/filters:strip_icc()\/i.s3.glbimg.com\/v1\/AUTH_59edd422c0c84a879bd37670ae4f538a\/internal_photos\/bs\/2019\/Y\/j\/zjaQhtTyA9wf9SBtKFsA\/20191118-152212.jpg 2x\" media=\"(max-width: 1360px)\" data-src=\"https:\/\/s2.glbimg.com\/mW_ewpZMaJsWh9s16G4AHGfKCZk=\/0x0:4032x3024\/1344x0\/smart\/filters:strip_icc()\/i.s3.glbimg.com\/v1\/AUTH_59edd422c0c84a879bd37670ae4f538a\/internal_photos\/bs\/2019\/Y\/j\/zjaQhtTyA9wf9SBtKFsA\/20191118-152212.jpg 1x, https:\/\/s2.glbimg.com\/dfrU1QOgAfW5RyjoEzlwWXLzE24=\/0x0:4032x3024\/2688x0\/smart\/filters:strip_icc()\/i.s3.glbimg.com\/v1\/AUTH_59edd422c0c84a879bd37670ae4f538a\/internal_photos\/bs\/2019\/Y\/j\/zjaQhtTyA9wf9SBtKFsA\/20191118-152212.jpg 2x\" \/><source srcset=\"https:\/\/s2.glbimg.com\/BYuxEzM3nTfX4i5c2x4ZKZSw2XM=\/0x0:4032x3024\/1600x0\/smart\/filters:strip_icc()\/i.s3.glbimg.com\/v1\/AUTH_59edd422c0c84a879bd37670ae4f538a\/internal_photos\/bs\/2019\/Y\/j\/zjaQhtTyA9wf9SBtKFsA\/20191118-152212.jpg 1x, https:\/\/s2.glbimg.com\/7YQpwfSZ0AwP3HBXj0-j1nKCK9s=\/0x0:4032x3024\/3200x0\/smart\/filters:strip_icc()\/i.s3.glbimg.com\/v1\/AUTH_59edd422c0c84a879bd37670ae4f538a\/internal_photos\/bs\/2019\/Y\/j\/zjaQhtTyA9wf9SBtKFsA\/20191118-152212.jpg 2x\" media=\"(min-width: 1361px)\" data-src=\"https:\/\/s2.glbimg.com\/BYuxEzM3nTfX4i5c2x4ZKZSw2XM=\/0x0:4032x3024\/1600x0\/smart\/filters:strip_icc()\/i.s3.glbimg.com\/v1\/AUTH_59edd422c0c84a879bd37670ae4f538a\/internal_photos\/bs\/2019\/Y\/j\/zjaQhtTyA9wf9SBtKFsA\/20191118-152212.jpg 1x, https:\/\/s2.glbimg.com\/7YQpwfSZ0AwP3HBXj0-j1nKCK9s=\/0x0:4032x3024\/3200x0\/smart\/filters:strip_icc()\/i.s3.glbimg.com\/v1\/AUTH_59edd422c0c84a879bd37670ae4f538a\/internal_photos\/bs\/2019\/Y\/j\/zjaQhtTyA9wf9SBtKFsA\/20191118-152212.jpg 2x\" \/><source srcset=\"https:\/\/s2.glbimg.com\/oHoJxjbFYrawCMfNA2XKuMAV-WQ=\/0x0:4032x3024\/1008x0\/smart\/filters:strip_icc()\/i.s3.glbimg.com\/v1\/AUTH_59edd422c0c84a879bd37670ae4f538a\/internal_photos\/bs\/2019\/Y\/j\/zjaQhtTyA9wf9SBtKFsA\/20191118-152212.jpg\" data-src=\"https:\/\/s2.glbimg.com\/oHoJxjbFYrawCMfNA2XKuMAV-WQ=\/0x0:4032x3024\/1008x0\/smart\/filters:strip_icc()\/i.s3.glbimg.com\/v1\/AUTH_59edd422c0c84a879bd37670ae4f538a\/internal_photos\/bs\/2019\/Y\/j\/zjaQhtTyA9wf9SBtKFsA\/20191118-152212.jpg\" \/><img data-recalc-dims=\"1\" decoding=\"async\" class=\"image content-media__image progressive-loaded\" title=\"Mural no Col\u00e9gio Pena Branca com representa\u00e7\u00f5es e orix\u00e1s cultuados em religi\u00f5es de matriz africana \u2014 Foto: B\u00e1rbara Muniz Vieira\/G1\" src=\"https:\/\/i0.wp.com\/s2.glbimg.com\/oHoJxjbFYrawCMfNA2XKuMAV-WQ%3D\/0x0%3A4032x3024\/1008x0\/smart\/filters%3Astrip_icc%28%29\/i.s3.glbimg.com\/v1\/AUTH_59edd422c0c84a879bd37670ae4f538a\/internal_photos\/bs\/2019\/Y\/j\/zjaQhtTyA9wf9SBtKFsA\/20191118-152212.jpg?w=600&#038;ssl=1\" alt=\"Mural no Col\u00e9gio Pena Branca com representa\u00e7\u00f5es e orix\u00e1s cultuados em religi\u00f5es de matriz africana \u2014 Foto: B\u00e1rbara Muniz Vieira\/G1\" data-src=\"https:\/\/s2.glbimg.com\/oHoJxjbFYrawCMfNA2XKuMAV-WQ=\/0x0:4032x3024\/1008x0\/smart\/filters:strip_icc()\/i.s3.glbimg.com\/v1\/AUTH_59edd422c0c84a879bd37670ae4f538a\/internal_photos\/bs\/2019\/Y\/j\/zjaQhtTyA9wf9SBtKFsA\/20191118-152212.jpg\" \/><\/picture><\/div>\n<p class=\"content-media__description \">Mural no Col\u00e9gio Pena Branca com representa\u00e7\u00f5es e orix\u00e1s cultuados em religi\u00f5es de matriz africana \u2014 Foto: B\u00e1rbara Muniz Vieira\/G1<\/p>\n<\/div>\n<\/div>\n<div class=\"content-ads content-ads--reveal\" data-block-type=\"ads\" data-block-id=\"69\">\n<div class=\"mc-column content-text active-extra-styles\" data-block-type=\"raw\" data-block-weight=\"2\" data-block-id=\"70\">\n<div class=\"content-intertitle\">\n<h2>Como denunciar<\/h2>\n<\/div>\n<\/div>\n<div class=\"mc-column content-text active-extra-styles \" data-block-type=\"unstyled\" data-block-weight=\"33\" data-block-id=\"71\">\n<p class=\"content-text__container \" data-track-category=\"Link no Texto\" data-track-links=\"\">&#8211; O Instituto de Defesa dos Direitos das Religi\u00f5es Afro-Brasileiras (Idafro) tem um plant\u00e3o 24 horas pelo telefone +55 11 3129-8233. Eles recebem den\u00fancias de todo o Brasil e d\u00e3o orienta\u00e7\u00e3o gratuita.<\/p>\n<\/div>\n<div class=\"mc-column content-text active-extra-styles \" data-block-type=\"unstyled\" data-block-weight=\"27\" data-block-id=\"72\">\n<p class=\"content-text__container \" data-track-category=\"Link no Texto\" data-track-links=\"\">&#8211; A Secretaria da Justi\u00e7a e Cidadania, por meio do F\u00f3rum Inter-Religioso para uma Cultura de Paz e Liberdade de Cren\u00e7a, tamb\u00e9m acolhe den\u00fancias de discrimina\u00e7\u00e3o religiosa.<\/p>\n<\/div>\n<div class=\"mc-column content-text active-extra-styles \" data-block-type=\"unstyled\" data-block-weight=\"28\" data-block-id=\"73\">\n<p class=\"content-text__container \" data-track-category=\"Link no Texto\" data-track-links=\"\">Os conflitos podem ser resolvidos por meio de media\u00e7\u00e3o de conflitos. Nos casos em que n\u00e3o h\u00e1 concilia\u00e7\u00e3o, \u00e9 instaurado processo administrativo com base na Lei Estadual 17.517\/2019.<\/p>\n<\/div>\n<div class=\"mc-column content-text active-extra-styles \" data-block-type=\"unstyled\" data-block-weight=\"9\" data-block-id=\"74\">\n<p class=\"content-text__container \" data-track-category=\"Link no Texto\" data-track-links=\"\">Voc\u00ea pode<a href=\"https:\/\/www.ouvidoria.sp.gov.br\/Portal\/ComoPossoAjudar.aspx?cod_prestador=106\" target=\"_blank\">\u00a0denunciar pelo site<\/a>\u00a0ou pelo email denunciaintoleranciareligiosa@justica.sp.gov.br<\/p>\n<\/div>\n<div class=\"mc-column content-text active-extra-styles \" data-block-type=\"unstyled\" data-block-weight=\"39\" data-block-id=\"75\">\n<p class=\"content-text__container \" data-track-category=\"Link no Texto\" data-track-links=\"\">-O Disque 100 funciona diariamente, 24 horas por dia, incluindo s\u00e1bados, domingos e feriados. As liga\u00e7\u00f5es podem ser feitas de todo o Brasil por meio de discagem gratuita, de qualquer terminal telef\u00f4nico fixo ou m\u00f3vel (celular), bastando discar 100.<\/p>\n<\/div>\n<div class=\"mc-column content-text active-extra-styles \" data-block-type=\"unstyled\" data-block-weight=\"49\" data-block-id=\"76\">\n<p class=\"content-text__container \" data-track-category=\"Link no Texto\" data-track-links=\"\">&#8211; Em S\u00e3o Paulo capital, tamb\u00e9m \u00e9 poss\u00edvel denunciar casos de viol\u00eancia e discrimina\u00e7\u00e3o religiosa atrav\u00e9s da ouvidoria na Secretaria de Direitos Humanos pelo telefone 3113-8697 ou procurar a coordena\u00e7\u00e3o 3113-9689. As den\u00fancias tamb\u00e9m podem ser feitas pessoalmente, na Rua Libero Badar\u00f3, 119, 9\u00ba andar, ou pelo email combateaoracismo@prefeitura.sp.gov.br.<\/p>\n<\/div>\n<div class=\"mc-column content-text active-extra-styles \" data-block-type=\"unstyled\" data-block-weight=\"27\" data-block-id=\"77\">\n<p class=\"content-text__container \" data-track-category=\"Link no Texto\" data-track-links=\"\">As den\u00fancias recebidas s\u00e3o encaminhadas para o Minist\u00e9rio P\u00fablico e para o Decradi &#8211; Delegacia de Crimes Raciais e Delitos de Intoler\u00e2ncia, onde tamb\u00e9m \u00e9 poss\u00edvel denunciar.<\/p>\n<\/div>\n<div class=\"content-ads content-ads--reveal\" data-block-type=\"ads\" data-block-id=\"78\"><\/div>\n<\/div>\n<\/div>\n<\/div>\n<\/div>\n<\/div>\n<\/div>\n<\/div>\n<\/div>\n<\/div>\n<\/div>\n<\/div>\n<\/div>\n<\/div>\n<\/div>\n<\/div>\n<\/div>\n","protected":false},"excerpt":{"rendered":"<p>Dados s\u00e3o do Minist\u00e9rio da Mulher, da Fam\u00edlia e dos Direitos Humanos (MMFDH) e comparados com 2017. N\u00famero de den\u00fancias de discrimina\u00e7\u00e3o contra outras religi\u00f5es caiu 9,9% no mesmo per\u00edodo.<\/p>\n","protected":false},"author":1,"featured_media":0,"comment_status":"closed","ping_status":"open","sticky":false,"template":"","format":"standard","meta":{"_exactmetrics_skip_tracking":false,"_exactmetrics_sitenote_active":false,"_exactmetrics_sitenote_note":"","_exactmetrics_sitenote_category":0,"jetpack_post_was_ever_published":false,"_jetpack_newsletter_access":"","_jetpack_dont_email_post_to_subs":false,"_jetpack_newsletter_tier_id":0,"_jetpack_memberships_contains_paywalled_content":false,"_jetpack_memberships_contains_paid_content":false,"footnotes":"","jetpack_publicize_message":"","jetpack_publicize_feature_enabled":true,"jetpack_social_post_already_shared":false,"jetpack_social_options":{"image_generator_settings":{"template":"highway","enabled":false},"version":2}},"categories":[1],"tags":[],"class_list":["post-25059","post","type-post","status-publish","format-standard","hentry","category-notas"],"jetpack_publicize_connections":[],"jetpack_sharing_enabled":true,"jetpack_featured_media_url":"","jetpack_shortlink":"https:\/\/wp.me\/p7wKYW-6wb","jetpack-related-posts":[],"_links":{"self":[{"href":"http:\/\/blogdalucianaoliveira.com.br\/blog\/wp-json\/wp\/v2\/posts\/25059","targetHints":{"allow":["GET"]}}],"collection":[{"href":"http:\/\/blogdalucianaoliveira.com.br\/blog\/wp-json\/wp\/v2\/posts"}],"about":[{"href":"http:\/\/blogdalucianaoliveira.com.br\/blog\/wp-json\/wp\/v2\/types\/post"}],"author":[{"embeddable":true,"href":"http:\/\/blogdalucianaoliveira.com.br\/blog\/wp-json\/wp\/v2\/users\/1"}],"replies":[{"embeddable":true,"href":"http:\/\/blogdalucianaoliveira.com.br\/blog\/wp-json\/wp\/v2\/comments?post=25059"}],"version-history":[{"count":1,"href":"http:\/\/blogdalucianaoliveira.com.br\/blog\/wp-json\/wp\/v2\/posts\/25059\/revisions"}],"predecessor-version":[{"id":25060,"href":"http:\/\/blogdalucianaoliveira.com.br\/blog\/wp-json\/wp\/v2\/posts\/25059\/revisions\/25060"}],"wp:attachment":[{"href":"http:\/\/blogdalucianaoliveira.com.br\/blog\/wp-json\/wp\/v2\/media?parent=25059"}],"wp:term":[{"taxonomy":"category","embeddable":true,"href":"http:\/\/blogdalucianaoliveira.com.br\/blog\/wp-json\/wp\/v2\/categories?post=25059"},{"taxonomy":"post_tag","embeddable":true,"href":"http:\/\/blogdalucianaoliveira.com.br\/blog\/wp-json\/wp\/v2\/tags?post=25059"}],"curies":[{"name":"wp","href":"https:\/\/api.w.org\/{rel}","templated":true}]}}