{"id":25061,"date":"2019-11-20T11:12:53","date_gmt":"2019-11-20T15:12:53","guid":{"rendered":"http:\/\/blogdalucianaoliveira.com.br\/blog\/?p=25061"},"modified":"2019-11-20T11:12:53","modified_gmt":"2019-11-20T15:12:53","slug":"bolsonaro-diz-que-desmatamento-nao-vai-acabar-porque-e-cultural","status":"publish","type":"post","link":"http:\/\/blogdalucianaoliveira.com.br\/blog\/2019\/11\/20\/bolsonaro-diz-que-desmatamento-nao-vai-acabar-porque-e-cultural\/","title":{"rendered":"Bolsonaro diz que desmatamento n\u00e3o vai acabar porque \u00e9 \u2018cultural\u2019"},"content":{"rendered":"<p><img data-recalc-dims=\"1\" height=\"361\" width=\"600\" decoding=\"async\" src=\"https:\/\/i0.wp.com\/www.cartacapital.com.br\/wp-content\/uploads\/2019\/11\/Ricardo-Salles-Jair-Bolsonaro-Foto-Marcos-Corr%25C3%25AAa-PR-1200x721.png?resize=600%2C361&#038;ssl=1\" alt=\"O ministro do Meio Ambiente, Ricardo Salles, e o presidente da Rep\u00fablica, Jair Bolsonaro. (Foto: Marcos Corr\u00eaa\/PR)\" \/><\/p>\n<div class=\"vc_row wpb_row vc_row-fluid eltdf-section eltdf-content-aligment-left\">\n<div class=\"clearfix eltdf-full-section-inner\">\n<div class=\"wpb_text_column wpb_content_element \">\n<div class=\"wpb_wrapper\">\n<h2>A resposta do presidente \u00e9 sobre o aumento de quase 30% do desmatamento na Amaz\u00f4nia no \u00faltimo ano<\/h2>\n<\/div>\n<\/div>\n<div class=\"vc_empty_space\"><\/div>\n<\/div>\n<\/div>\n<p><!--more--><\/p>\n<p>Na Carta Capital<\/p>\n<p>O presidente Jair Bolsonaro afirmou, nesta quarta-feira 20, que o desmatamento e as queimadas n\u00e3o v\u00e3o acabar, pois\u00a0se trata de uma quest\u00e3o \u201ccultural\u201d.\u00a0\u201cVoc\u00ea n\u00e3o vai acabar com o desmatamento nem com queimadas, \u00e9 cultural. Eu vi a Marina Silva criticando anteontem. No per\u00edodo dela tivemos a maior quantidade de il\u00edcitos na regi\u00e3o amaz\u00f4nica\u201d, respondeu o presidente.<\/p>\n<p>Bolsonaro havia sido questionado\u00a0se conversou com o ministro do Meio Ambiente,\u00a0Ricardo Salles, sobre o<a href=\"https:\/\/www.cartacapital.com.br\/sustentabilidade\/desmatamento-na-amazonia-ja-e-o-maior-desde-2008-revela-inpe\/\">s\u00a0dados divulgados pelo Instituto Nacional de Pesquisas Espaciais (Inpe) sobre o desmatamento<\/a>,\u00a0que cresceu quase 30% na Amaz\u00f4nia de agosto de 2018 a julho de 2019.<\/p>\n<p>Os dados foram divulgados na segunda-feira (18) s\u00e3o do Projeto de Monitoramento do Desmatamento na Amaz\u00f4nia Legal por Sat\u00e9lite (Prodes), considerado o mais preciso para medir as taxas anuais.<\/p>\n<p>O desmatamento vem crescendo desde 2017, ap\u00f3s os n\u00fameros terem apontado uma pequena queda em rela\u00e7\u00e3o aos dados do ano anterior. As taxas anuais s\u00e3o primeiramente detectadas pelo PRODES a partir das imagens de sat\u00e9lite que cobrem a Amaz\u00f4nia Legal.<\/p>\n<p>Em um primeiro momento, s\u00e3o apresentados dados brutos sobre as estimativas de desmatamento. No primeiro semestre de 2020, devem ser liberados os dados consolidados com outros sistemas de monitoramento.<\/p>\n<p>Entidades ambientalistas relacionam o discurso do presidente Jair Bolsonaro ao aumento da atividade ilegal na floresta. Desde a campanha eleitoral, Bolsonaro critica uma suposta \u201cind\u00fastria de multas\u201d composta pelo Ibama e por demais \u00f3rg\u00e3os de fiscaliza\u00e7\u00e3o, al\u00e9m de demonstrar interesse em legalizar o garimpo na Amaz\u00f4nia.<\/p>\n<div class=\"header-socio\"><\/div>\n","protected":false},"excerpt":{"rendered":"<p>A resposta do presidente \u00e9 sobre o aumento de quase 30% do desmatamento na Amaz\u00f4nia no \u00faltimo ano<\/p>\n","protected":false},"author":1,"featured_media":0,"comment_status":"closed","ping_status":"open","sticky":false,"template":"","format":"standard","meta":{"_exactmetrics_skip_tracking":false,"_exactmetrics_sitenote_active":false,"_exactmetrics_sitenote_note":"","_exactmetrics_sitenote_category":0,"jetpack_post_was_ever_published":false,"_jetpack_newsletter_access":"","_jetpack_dont_email_post_to_subs":false,"_jetpack_newsletter_tier_id":0,"_jetpack_memberships_contains_paywalled_content":false,"_jetpack_memberships_contains_paid_content":false,"footnotes":"","jetpack_publicize_message":"","jetpack_publicize_feature_enabled":true,"jetpack_social_post_already_shared":false,"jetpack_social_options":{"image_generator_settings":{"template":"highway","enabled":false},"version":2}},"categories":[1],"tags":[],"class_list":["post-25061","post","type-post","status-publish","format-standard","hentry","category-notas"],"jetpack_publicize_connections":[],"jetpack_sharing_enabled":true,"jetpack_featured_media_url":"","jetpack_shortlink":"https:\/\/wp.me\/p7wKYW-6wd","jetpack-related-posts":[],"_links":{"self":[{"href":"http:\/\/blogdalucianaoliveira.com.br\/blog\/wp-json\/wp\/v2\/posts\/25061","targetHints":{"allow":["GET"]}}],"collection":[{"href":"http:\/\/blogdalucianaoliveira.com.br\/blog\/wp-json\/wp\/v2\/posts"}],"about":[{"href":"http:\/\/blogdalucianaoliveira.com.br\/blog\/wp-json\/wp\/v2\/types\/post"}],"author":[{"embeddable":true,"href":"http:\/\/blogdalucianaoliveira.com.br\/blog\/wp-json\/wp\/v2\/users\/1"}],"replies":[{"embeddable":true,"href":"http:\/\/blogdalucianaoliveira.com.br\/blog\/wp-json\/wp\/v2\/comments?post=25061"}],"version-history":[{"count":1,"href":"http:\/\/blogdalucianaoliveira.com.br\/blog\/wp-json\/wp\/v2\/posts\/25061\/revisions"}],"predecessor-version":[{"id":25062,"href":"http:\/\/blogdalucianaoliveira.com.br\/blog\/wp-json\/wp\/v2\/posts\/25061\/revisions\/25062"}],"wp:attachment":[{"href":"http:\/\/blogdalucianaoliveira.com.br\/blog\/wp-json\/wp\/v2\/media?parent=25061"}],"wp:term":[{"taxonomy":"category","embeddable":true,"href":"http:\/\/blogdalucianaoliveira.com.br\/blog\/wp-json\/wp\/v2\/categories?post=25061"},{"taxonomy":"post_tag","embeddable":true,"href":"http:\/\/blogdalucianaoliveira.com.br\/blog\/wp-json\/wp\/v2\/tags?post=25061"}],"curies":[{"name":"wp","href":"https:\/\/api.w.org\/{rel}","templated":true}]}}