{"id":25069,"date":"2019-11-20T13:51:35","date_gmt":"2019-11-20T17:51:35","guid":{"rendered":"http:\/\/blogdalucianaoliveira.com.br\/blog\/?p=25069"},"modified":"2019-11-20T13:53:08","modified_gmt":"2019-11-20T17:53:08","slug":"como-janio-quadros-e-fhc-bolsonaro-mostra-a-republica-de-pes-tortos","status":"publish","type":"post","link":"http:\/\/blogdalucianaoliveira.com.br\/blog\/2019\/11\/20\/como-janio-quadros-e-fhc-bolsonaro-mostra-a-republica-de-pes-tortos\/","title":{"rendered":"Como J\u00e2nio Quadros e FHC, Bolsonaro mostra a Rep\u00fablica de p\u00e9s tortos"},"content":{"rendered":"<p><img data-recalc-dims=\"1\" loading=\"lazy\" decoding=\"async\" data-attachment-id=\"25070\" data-permalink=\"http:\/\/blogdalucianaoliveira.com.br\/blog\/2019\/11\/20\/como-janio-quadros-e-fhc-bolsonaro-mostra-a-republica-de-pes-tortos\/b699589d-550a-4206-96a3-0bf98e8d5c48\/\" data-orig-file=\"https:\/\/i0.wp.com\/blogdalucianaoliveira.com.br\/blog\/wp-content\/uploads\/2019\/11\/B699589D-550A-4206-96A3-0BF98E8D5C48.jpeg?fit=768%2C512\" data-orig-size=\"768,512\" data-comments-opened=\"0\" data-image-meta=\"{&quot;aperture&quot;:&quot;0&quot;,&quot;credit&quot;:&quot;&quot;,&quot;camera&quot;:&quot;&quot;,&quot;caption&quot;:&quot;&quot;,&quot;created_timestamp&quot;:&quot;0&quot;,&quot;copyright&quot;:&quot;&quot;,&quot;focal_length&quot;:&quot;0&quot;,&quot;iso&quot;:&quot;0&quot;,&quot;shutter_speed&quot;:&quot;0&quot;,&quot;title&quot;:&quot;&quot;,&quot;orientation&quot;:&quot;0&quot;}\" data-image-title=\"B699589D-550A-4206-96A3-0BF98E8D5C48\" data-image-description=\"\" data-image-caption=\"\" data-medium-file=\"https:\/\/i0.wp.com\/blogdalucianaoliveira.com.br\/blog\/wp-content\/uploads\/2019\/11\/B699589D-550A-4206-96A3-0BF98E8D5C48.jpeg?fit=300%2C200\" data-large-file=\"https:\/\/i0.wp.com\/blogdalucianaoliveira.com.br\/blog\/wp-content\/uploads\/2019\/11\/B699589D-550A-4206-96A3-0BF98E8D5C48.jpeg?fit=600%2C400\" src=\"https:\/\/i0.wp.com\/blogdalucianaoliveira.com.br\/blog\/wp-content\/uploads\/2019\/11\/B699589D-550A-4206-96A3-0BF98E8D5C48.jpeg?resize=600%2C400\" alt=\"B699589D-550A-4206-96A3-0BF98E8D5C48\" width=\"600\" height=\"400\" class=\"alignnone size-full wp-image-25070\" srcset=\"https:\/\/i0.wp.com\/blogdalucianaoliveira.com.br\/blog\/wp-content\/uploads\/2019\/11\/B699589D-550A-4206-96A3-0BF98E8D5C48.jpeg?w=768 768w, https:\/\/i0.wp.com\/blogdalucianaoliveira.com.br\/blog\/wp-content\/uploads\/2019\/11\/B699589D-550A-4206-96A3-0BF98E8D5C48.jpeg?resize=300%2C200 300w, https:\/\/i0.wp.com\/blogdalucianaoliveira.com.br\/blog\/wp-content\/uploads\/2019\/11\/B699589D-550A-4206-96A3-0BF98E8D5C48.jpeg?resize=450%2C300 450w\" sizes=\"auto, (max-width: 600px) 100vw, 600px\" \/><\/p>\n<p>Imagem de J\u00e2nio rendeu Pr\u00eamio Esso de 1962 a Erno Schneider, fot\u00f3grafo do Jornal do Brasil<!--more--><\/p>\n<p>Na FSP<\/p>\n<p>Naief Haddad<br \/>\nS\u00c3O PAULO<br \/>\n\u201cA Rep\u00fablica brasileira nasceu torta\u201d, escreveu o historiador e jornalista Oscar Pilagallo. E torta ela continua \u2013ao menos \u00e9 o que dizem os p\u00e9s dos nossos presidentes.<\/p>\n<p>A Folha publicou nesta quarta (20) uma foto de Pedro Ladeira em que Jair Bolsonaro aparece ao lado de ministros durante a cerim\u00f4nia de hasteamento no Dia da Bandeira, em Bras\u00edlia. Sua perna direita vai pra um lado, a esquerda aponta para o outro.<\/p>\n<p>\u00c9 uma refer\u00eancia de Ladeira \u00e0 imagem c\u00e9lebre do ent\u00e3o presidente J\u00e2nio Quadros em 21 de abril de 1961. Ele estava na ponte que liga Uruguaiana (RS) a Libres, na Argentina, a caminho de um encontro com Arturo Frondizi, o presidente argentino.<\/p>\n<p>Em 2001, quase quatro d\u00e9cadas depois, Ailton de Freitas, fot\u00f3grafo do jornal O Globo, clicou Fernando Henrique Cardoso prestes a dar um n\u00f3 nas pernas durante solenidade com a Marinha no Pal\u00e1cio do Planalto. <\/p>\n<p>A express\u00e3o corporal de Bolsonaro revive esses dois momentos da hist\u00f3ria.  <\/p>\n<p>\u201cPor um lado, foi sorte. Como eu fiquei sabendo desse evento do hasteamento em cima da hora, n\u00e3o tive tempo de pegar a lente de grande alcance que geralmente uso pra cobrir cerim\u00f4nias com o presidente. Ent\u00e3o tive que fazer fotos mais abertas, o que me possibilitou colocar os p\u00e9s do presidente no quadro\u201d, conta Ladeira, fot\u00f3grafo da Folha h\u00e1 seis anos.<\/p>\n<p>\u201cA foto do J\u00e2nio, do Erno Schneider, \u00e9 genial e sempre uma refer\u00eancia. Nunca me esque\u00e7o dela! V\u00e1rias vezes procuro fazer fotos mais abertas buscando um momento como esse\u201d, diz.<\/p>\n<p>A imagem de Schneider se tornou a melhor s\u00edntese visual de uma personalidade profundamente contradit\u00f3ria, um pol\u00edtico conservador que fazia acenos para a esquerda. Tantos passos e descompassos ficaram evidentes ao longo do curto mandato de J\u00e2nio.<\/p>\n<p>Sete meses depois da foto na fronteira Brasil-Argentina, J\u00e2nio renunciou ao cargo. Em alguns anos, saberemos qual ser\u00e1 o sentido hist\u00f3rico da imagem registrada por Pedro Ladeira.   <\/p>\n","protected":false},"excerpt":{"rendered":"<p>Imagem de J\u00e2nio rendeu Pr\u00eamio Esso de 1962 a Erno Schneider, fot\u00f3grafo do Jornal do Brasil<\/p>\n","protected":false},"author":1,"featured_media":0,"comment_status":"closed","ping_status":"open","sticky":false,"template":"","format":"standard","meta":{"_exactmetrics_skip_tracking":false,"_exactmetrics_sitenote_active":false,"_exactmetrics_sitenote_note":"","_exactmetrics_sitenote_category":0,"jetpack_post_was_ever_published":false,"_jetpack_newsletter_access":"","_jetpack_dont_email_post_to_subs":false,"_jetpack_newsletter_tier_id":0,"_jetpack_memberships_contains_paywalled_content":false,"_jetpack_memberships_contains_paid_content":false,"footnotes":"","jetpack_publicize_message":"","jetpack_publicize_feature_enabled":true,"jetpack_social_post_already_shared":false,"jetpack_social_options":{"image_generator_settings":{"template":"highway","enabled":false},"version":2}},"categories":[1],"tags":[],"class_list":["post-25069","post","type-post","status-publish","format-standard","hentry","category-notas"],"jetpack_publicize_connections":[],"jetpack_sharing_enabled":true,"jetpack_featured_media_url":"","jetpack_shortlink":"https:\/\/wp.me\/p7wKYW-6wl","jetpack-related-posts":[],"_links":{"self":[{"href":"http:\/\/blogdalucianaoliveira.com.br\/blog\/wp-json\/wp\/v2\/posts\/25069","targetHints":{"allow":["GET"]}}],"collection":[{"href":"http:\/\/blogdalucianaoliveira.com.br\/blog\/wp-json\/wp\/v2\/posts"}],"about":[{"href":"http:\/\/blogdalucianaoliveira.com.br\/blog\/wp-json\/wp\/v2\/types\/post"}],"author":[{"embeddable":true,"href":"http:\/\/blogdalucianaoliveira.com.br\/blog\/wp-json\/wp\/v2\/users\/1"}],"replies":[{"embeddable":true,"href":"http:\/\/blogdalucianaoliveira.com.br\/blog\/wp-json\/wp\/v2\/comments?post=25069"}],"version-history":[{"count":3,"href":"http:\/\/blogdalucianaoliveira.com.br\/blog\/wp-json\/wp\/v2\/posts\/25069\/revisions"}],"predecessor-version":[{"id":25075,"href":"http:\/\/blogdalucianaoliveira.com.br\/blog\/wp-json\/wp\/v2\/posts\/25069\/revisions\/25075"}],"wp:attachment":[{"href":"http:\/\/blogdalucianaoliveira.com.br\/blog\/wp-json\/wp\/v2\/media?parent=25069"}],"wp:term":[{"taxonomy":"category","embeddable":true,"href":"http:\/\/blogdalucianaoliveira.com.br\/blog\/wp-json\/wp\/v2\/categories?post=25069"},{"taxonomy":"post_tag","embeddable":true,"href":"http:\/\/blogdalucianaoliveira.com.br\/blog\/wp-json\/wp\/v2\/tags?post=25069"}],"curies":[{"name":"wp","href":"https:\/\/api.w.org\/{rel}","templated":true}]}}