{"id":25079,"date":"2019-11-21T11:28:15","date_gmt":"2019-11-21T15:28:15","guid":{"rendered":"http:\/\/blogdalucianaoliveira.com.br\/blog\/?p=25079"},"modified":"2019-11-21T11:28:15","modified_gmt":"2019-11-21T15:28:15","slug":"facebook-e-google-ameacam-direitos-humanos-acusa-anistia","status":"publish","type":"post","link":"http:\/\/blogdalucianaoliveira.com.br\/blog\/2019\/11\/21\/facebook-e-google-ameacam-direitos-humanos-acusa-anistia\/","title":{"rendered":"Facebook e Google amea\u00e7am direitos humanos, acusa Anistia"},"content":{"rendered":"<h1><img data-recalc-dims=\"1\" decoding=\"async\" class=\"b-lazy b-loaded\" src=\"https:\/\/i0.wp.com\/static.poder360.com.br\/2019\/11\/ai.jpg?w=600&#038;ssl=1\" alt=\"\" \/><\/h1>\n<h1>Empresas concentram poderes, diz. Governos devem proteger as pessoas.<\/h1>\n<p><!--more--><\/p>\n<header>\n<p class=\"author\"><a class=\"author url fn\" title=\"Posts de Deutsche Welle\" href=\"https:\/\/www.poder360.com.br\/author\/deutsche-welle\/\" rel=\"author\">DEUTSCHE WELLE<\/a><\/p>\n<p class=\"author\">\nA ONG\u00a0<a href=\"https:\/\/anistia.org.br\/\" target=\"_blank\" rel=\"noopener noreferrer\">Anistia Internacional<\/a>\u00a0(AI) denunciou nesta 4\u00aa feira (20.nov.2019) que o modelo de neg\u00f3cios das gigantes da internet Facebook e Google amea\u00e7am os direitos humanos de bilh\u00f5es de pessoas em raz\u00e3o do armazenamento de dados utilizado por essas empresas em todo o mundo.<\/p>\n<\/header>\n<div class=\"content wp js-mediator-article\" data-ga-ano=\"2019\" data-ga-categoria=\"Internacional\" data-ga-autor=\"Deutsche Welle\">\n<p>Um relat\u00f3rio da AI chamado\u00a0<em>\u201cGigantes da vigil\u00e2ncia<\/em>\u201d afirma que o modelo de neg\u00f3cios das empresas \u00e9\u00a0<em>\u201cincompat\u00edvel com o direito \u00e0 privacidade\u201d<\/em>\u00a0e amea\u00e7a ainda uma ampla variedade de direitos, como a liberdade de express\u00e3o, a n\u00e3o discrimina\u00e7\u00e3o e o direito \u00e0 igualdade.<\/p>\n<p><em>\u201cApesar do valor real dos servi\u00e7os que elas fornecem, as plataformas da Google e Facebook implicam em custos sist\u00eamicos\u201d<\/em>, diz o texto. A AI avalia que a pr\u00e1tica de acumular dados pessoais dos usu\u00e1rios para abastecer empresas de publicidade representa um assalto sem precedentes aos direitos de privacidade. A ONG afirma que as empresas for\u00e7am as pessoas a compartilhar seus dados para que possam acessar determinados servi\u00e7os.<\/p>\n<p><em>\u201cEssa vigil\u00e2ncia onipresente mina a pr\u00f3pria ess\u00eancia do direito \u00e0 privacidade e representa um dos desafios determinantes aos direitos humanos em nossa era\u201d,<\/em>\u00a0diz o relat\u00f3rio.<em>\u00a0\u201cO uso de sistemas de algoritmos para criar e deduzir perfis detalhados das pessoas interfere na nossa capacidade de dar forma a nossas pr\u00f3prias identidades, dentro de uma esfera privada.\u201d<\/em><\/p>\n<p>O relat\u00f3rio afirma que as empresas estabeleceram uma\u00a0<em>\u201cdomin\u00e2ncia quase total sobre os canais prim\u00e1rios atrav\u00e9s dos quais as pessoas se conectam e se envolvem com o mundo online\u201d,<\/em>\u00a0o que lhes d\u00e1 um amplo poder sobre a vida dos usu\u00e1rios.<\/p>\n<p><em>\u201cGoogle e Facebook dominam nossas vidas modernas, concentrado poderes sem paralelo sobre o mundo digital ao recolher e monetizar os dados pessoais de bilh\u00f5es de pessoas\u201d<\/em>, afirmou o secret\u00e1rio-geral da AI, Kumi Naidoo.<\/p>\n<p>A Anistia pediu aos governos que estabele\u00e7am garantias legais para o direito das pessoas de n\u00e3o serem rastreadas por empresas de publicidade e outras. As legisla\u00e7\u00f5es atuais e as pol\u00edticas de prote\u00e7\u00e3o \u00e0 privacidade das empresas s\u00e3o inadequadas, afirma o relat\u00f3rio.\u00a0<em>\u201cOs governos t\u00eam a obriga\u00e7\u00e3o de proteger as pessoas de abusos contra os direitos humanos cometidos por corpora\u00e7\u00f5es\u201d,<\/em>\u00a0disse a Anistia.<\/p>\n<p>Em um resposta publicada juntamente com o relat\u00f3rio da AI, o Facebook afirmou discordar das conclus\u00f5es de que as pr\u00e1ticas da empresa seriam\u00a0<em>\u201cinconsistentes com os princ\u00edpios dos direitos humanos\u201d.<\/em><\/p>\n<p>O diretor de pol\u00edticas p\u00fablicas da empresa, Steve Satterfield, afirmou n\u00e3o concordar que seu modelo de neg\u00f3cios seja fundamentado na vigil\u00e2ncia online e ressaltou que os usu\u00e1rios buscam voluntariamente os servi\u00e7os, que s\u00e3o gratuitos, apesar da coleta de dados para a promo\u00e7\u00e3o de an\u00fancios.<\/p>\n<p><em>\u201cA escolha de uma pessoa de usar os servi\u00e7os do Facebook e a forma como coletamos, recebemos ou utilizamos dados s\u00e3o claramente divulgadas e reconhecidas pelos usu\u00e1rios \u2013 e isso n\u00e3o pode ser essencialmente comparado \u00e0 vigil\u00e2ncia governamental involunt\u00e1ria (e, muitas vezes, ilegal) descrita na legisla\u00e7\u00e3o internacional sobre direitos humanos\u201d<\/em>, escreveu Satterfield.<\/p>\n<p>O Google n\u00e3o elaborou uma resposta ao relat\u00f3rio, mas contestou suas conclus\u00f5es. A AI disse que a empresa contribuiu com a avalia\u00e7\u00e3o e forneceu documentos dispon\u00edveis ao p\u00fablico.<\/p>\n<div class=\"enviar\"><\/div>\n<\/div>\n<p>&nbsp;<\/p>\n<div class=\"resume\"><\/div>\n<div class=\"resume\"><\/div>\n","protected":false},"excerpt":{"rendered":"<p>Empresas concentram poderes, diz. Governos devem proteger as pessoas.<\/p>\n","protected":false},"author":1,"featured_media":0,"comment_status":"closed","ping_status":"open","sticky":false,"template":"","format":"standard","meta":{"_exactmetrics_skip_tracking":false,"_exactmetrics_sitenote_active":false,"_exactmetrics_sitenote_note":"","_exactmetrics_sitenote_category":0,"jetpack_post_was_ever_published":false,"_jetpack_newsletter_access":"","_jetpack_dont_email_post_to_subs":false,"_jetpack_newsletter_tier_id":0,"_jetpack_memberships_contains_paywalled_content":false,"_jetpack_memberships_contains_paid_content":false,"footnotes":"","jetpack_publicize_message":"","jetpack_publicize_feature_enabled":true,"jetpack_social_post_already_shared":false,"jetpack_social_options":{"image_generator_settings":{"template":"highway","enabled":false},"version":2}},"categories":[1],"tags":[],"class_list":["post-25079","post","type-post","status-publish","format-standard","hentry","category-notas"],"jetpack_publicize_connections":[],"jetpack_sharing_enabled":true,"jetpack_featured_media_url":"","jetpack_shortlink":"https:\/\/wp.me\/p7wKYW-6wv","jetpack-related-posts":[],"_links":{"self":[{"href":"http:\/\/blogdalucianaoliveira.com.br\/blog\/wp-json\/wp\/v2\/posts\/25079","targetHints":{"allow":["GET"]}}],"collection":[{"href":"http:\/\/blogdalucianaoliveira.com.br\/blog\/wp-json\/wp\/v2\/posts"}],"about":[{"href":"http:\/\/blogdalucianaoliveira.com.br\/blog\/wp-json\/wp\/v2\/types\/post"}],"author":[{"embeddable":true,"href":"http:\/\/blogdalucianaoliveira.com.br\/blog\/wp-json\/wp\/v2\/users\/1"}],"replies":[{"embeddable":true,"href":"http:\/\/blogdalucianaoliveira.com.br\/blog\/wp-json\/wp\/v2\/comments?post=25079"}],"version-history":[{"count":1,"href":"http:\/\/blogdalucianaoliveira.com.br\/blog\/wp-json\/wp\/v2\/posts\/25079\/revisions"}],"predecessor-version":[{"id":25080,"href":"http:\/\/blogdalucianaoliveira.com.br\/blog\/wp-json\/wp\/v2\/posts\/25079\/revisions\/25080"}],"wp:attachment":[{"href":"http:\/\/blogdalucianaoliveira.com.br\/blog\/wp-json\/wp\/v2\/media?parent=25079"}],"wp:term":[{"taxonomy":"category","embeddable":true,"href":"http:\/\/blogdalucianaoliveira.com.br\/blog\/wp-json\/wp\/v2\/categories?post=25079"},{"taxonomy":"post_tag","embeddable":true,"href":"http:\/\/blogdalucianaoliveira.com.br\/blog\/wp-json\/wp\/v2\/tags?post=25079"}],"curies":[{"name":"wp","href":"https:\/\/api.w.org\/{rel}","templated":true}]}}