{"id":25081,"date":"2019-11-21T11:36:02","date_gmt":"2019-11-21T15:36:02","guid":{"rendered":"http:\/\/blogdalucianaoliveira.com.br\/blog\/?p=25081"},"modified":"2019-11-21T11:36:02","modified_gmt":"2019-11-21T15:36:02","slug":"funai-e-instrumentalizada-como-sucursal-do-ruralismo-no-brasil","status":"publish","type":"post","link":"http:\/\/blogdalucianaoliveira.com.br\/blog\/2019\/11\/21\/funai-e-instrumentalizada-como-sucursal-do-ruralismo-no-brasil\/","title":{"rendered":"Funai \u00e9 instrumentalizada como sucursal do ruralismo no Brasil"},"content":{"rendered":"<div class=\"td-post-featured-image\"><img data-recalc-dims=\"1\" loading=\"lazy\" decoding=\"async\" class=\"entry-thumb td-animation-stack-type0-2\" title=\"indios-1-600x400-1.jpg\" src=\"https:\/\/i0.wp.com\/poliarquia.com.br\/wp-content\/uploads\/2019\/11\/indios-1-600x400-1-1.jpg?resize=600%2C400\" sizes=\"auto, (max-width: 600px) 100vw, 600px\" srcset=\"http:\/\/poliarquia.com.br\/wp-content\/uploads\/2019\/11\/indios-1-600x400-1-1.jpg 600w, http:\/\/poliarquia.com.br\/wp-content\/uploads\/2019\/11\/indios-1-600x400-1-1-300x200.jpg 300w\" alt=\"\" width=\"600\" height=\"400\" \/><\/div>\n<p>No Humanitas Unisinos &#8211; Presidente da\u00a0<strong>Funai<\/strong>\u00a0afirma, durante audi\u00eancia p\u00fablica no\u00a0<strong>MS<\/strong>, atender aos ruralistas\u00a0em sua gest\u00e3o e orientou fazendeiros, alerta nota do\u00a0<a href=\"http:\/\/www.ihu.unisinos.br\/78-noticias\/585828-medidas-inconstitucionais-do-governo-bolsonaro-afrontam-direitos-indigenas-nota-do-cimi\" target=\"_blank\" rel=\"noopener noreferrer\">Conselho Mission\u00e1rio Indigenista &#8211; Cimi<\/a>, publicada em seu portal, 20-11-2019.<!--more--><\/p>\n<h3><strong>Eis a nota<\/strong>.<\/h3>\n<p>\u201cEstou colocando pessoas de minha confian\u00e7a nas bases agora justamente para atender aos senhores. Ent\u00e3o eu quero trazer aqui o recado a todos voc\u00eas que confiem no presidente da\u00a0<strong>Funai<\/strong>\u201d. Estas palavras foram ditas pelo atual presidente da\u00a0<a href=\"http:\/\/www.ihu.unisinos.br\/78-noticias\/587801-operando-com-10-do-orcamento-funai-abandona-postos-e-coordenacoes-em-areas-indigenas\" target=\"_blank\" rel=\"noopener noreferrer\">Funda\u00e7\u00e3o Nacional do \u00cdndio (Funai)<\/a>, \u00f3rg\u00e3o indigenista do Estado brasileiro, vinculado ao\u00a0<strong>Minist\u00e9rio da Justi\u00e7a<\/strong>, o delegado da\u00a0<a href=\"http:\/\/www.ihu.unisinos.br\/78-noticias\/590994-assessor-da-bancada-ruralista-e-nomeado-presidente-da-funai\" target=\"_blank\" rel=\"noopener noreferrer\">Pol\u00edcia Federal Marcelo Augusto Xavier<\/a>.<\/p>\n<p>Voc\u00eas podem imaginar que ao proferir estas palavras o presidente da\u00a0<strong>Funai<\/strong>\u00a0estava reunido com lideran\u00e7as ind\u00edgenas na sede do \u00f3rg\u00e3o indigenista, em Bras\u00edlia. Certo? S\u00f3 que n\u00e3o. A frase foi direcionada a fazendeiros, l\u00edderes de sindicatos rurais patronais, parlamentares ruralistas contando com a presen\u00e7a do\u00a0<strong>Secret\u00e1rio Especial de Assuntos Fundi\u00e1rios do Minist\u00e9rio da Agricultura<\/strong>,\u00a0<a href=\"http:\/\/www.ihu.unisinos.br\/78-noticias\/586848-o-homem-da-reforma-agraria-de-bolsonaro-cheira-a-polvora\" target=\"_blank\" rel=\"noopener noreferrer\">Nabhan Garcia<\/a>, durante audi\u00eancia p\u00fablica sobre quest\u00f5es fundi\u00e1rias realizada na\u00a0<strong>Assembleia Legislativa do Mato Grosso do Sul<\/strong>, no \u00faltimo dia 8 de novembro.<\/p>\n<p><strong>Xavier<\/strong>, aliado da\u00a0<a href=\"http:\/\/www.ihu.unisinos.br\/78-noticias\/571618-ataque-da-bancada-ruralista-aos-povos-indigenas-e-estruturado-diz-coordenadora-do-isa\" target=\"_blank\" rel=\"noopener noreferrer\">bancada ruralista<\/a>\u00a0do\u00a0<a href=\"http:\/\/www.ihu.unisinos.br\/78-noticias\/585798-entidades-criticam-transferencia-da-demarcacao-de-terras-indigenas-e-quilombolas-para-agricultura\" target=\"_blank\" rel=\"noopener noreferrer\">Congresso Nacional<\/a>, n\u00e3o parou por a\u00ed. O delegado presidente da\u00a0<strong>Funai<\/strong>\u00a0tratou de fornecer orienta\u00e7\u00f5es t\u00e1ticas aos fazendeiros nos seguintes termos: \u201cCasos de invas\u00e3o ser\u00e3o tratados como invas\u00e3o. N\u00e3o tenham receio! Levem ao conhecimento\u2026 os senhores, que est\u00e3o na ponta, sabem o que ocorre. N\u00f3s que estamos em Bras\u00edlia, \u00e0s vezes n\u00e3o sabemos o que se passa aqui. Materializem, fa\u00e7am filmes, materializem, fotografem, levem ao presidente da\u00a0<a href=\"http:\/\/www.ihu.unisinos.br\/78-noticias\/589488-a-funai-esta-morrendo\" target=\"_blank\" rel=\"noopener noreferrer\">Funai<\/a>\u00a0o que est\u00e1 acontecendo aqui\u201d.<\/p>\n<p>O\u00a0<a href=\"http:\/\/www.ihu.unisinos.br\/noticias\/556516-o-eterno-retorno-dos-massacres-contra-indios-no-mato-grosso-do-sul\" target=\"_blank\" rel=\"noopener noreferrer\">Mato Grosso do Sul<\/a>\u00a0\u00e9 o estado onde o ruralismo mais agride, oprime, violenta e assassina lideran\u00e7as ind\u00edgenas no Brasil. As den\u00fancias e imagens de ataques contra os povos s\u00e3o recorrentes. Sobre isso, por exemplo, convidamos voc\u00ea a assistir e ajudar no compartilhamento da informa\u00e7\u00e3o e do v\u00eddeo:\u00a0<strong>Guarani<\/strong>\u00a0e\u00a0<strong>Kaiow\u00e1<\/strong>\u00a0relatam caso de tortura durante ataques a retomadas em Dourados.<\/p>\n<p><iframe loading=\"lazy\" src=\"https:\/\/www.facebook.com\/plugins\/video.php?href=https%3A%2F%2Fwww.facebook.com%2Fconselhoindigenistamissionario%2Fvideos%2F685099755231395%2F&amp;show_text=0&amp;width=560\" width=\"560\" height=\"315\" allowfullscreen=\"allowfullscreen\" data-mce-fragment=\"1\"><\/iframe><\/p>\n<p>Ao mesmo tempo, conforme levantamento feito pelo\u00a0<strong>Cimi<\/strong>, a\u00a0<a href=\"http:\/\/www.ihu.unisinos.br\/78-noticias\/592895-sob-bolsonaro-dobra-o-numero-de-terras-indigenas-invadidas\" target=\"_blank\" rel=\"noopener noreferrer\">invas\u00e3o de terras ind\u00edgenas<\/a>, no Brasil, aumentou mais de 100% nos primeiros nove meses de\u00a0<strong>2019<\/strong>, relativamente a todo o ano de\u00a0<strong>2018<\/strong>. Pela fun\u00e7\u00e3o que exerce, o presidente do \u00f3rg\u00e3o indigenista do Estado brasileiro deveria visitar e dar sequencia \u00e0s den\u00fancias dos\u00a0<strong>Guarani Kaiow\u00e1<\/strong>; ou marcando presen\u00e7a e dando apoio aos povos de alguma das\u00a0<a href=\"http:\/\/www.ihu.unisinos.br\/78-noticias\/592895-sob-bolsonaro-dobra-o-numero-de-terras-indigenas-invadidas\" target=\"_blank\" rel=\"noopener noreferrer\">153 terras ind\u00edgenas<\/a>\u00a0invadidas por n\u00e3o \u00edndios, entre janeiro e setembro deste ano, a fim de ajud\u00e1-los no combate a essas invas\u00f5es criminosas. No entanto, se colocou junto e orientou os fazendeiros a denunciar os povos ind\u00edgenas j\u00e1 t\u00e3o maltratados e desassistidos.<\/p>\n<p>O delegado presidente da\u00a0<strong>Funai<\/strong>\u00a0parecia ansioso para apresentar aos\u00a0<strong>ruralistas<\/strong>\u00a0a \u201cnova Funai\u201d representada por ele. \u201cTrago ao anseio dos senhores no sentido de que agora n\u00f3s temos uma nova\u00a0<strong>Funai<\/strong>\u201d, disse. Em seguida, reclamou das cr\u00edticas que vem recebendo dos povos e organiza\u00e7\u00f5es ind\u00edgenas e de organiza\u00e7\u00f5es de apoio aos povos e tentou desqualificar as mesmas j\u00e1 que, segundo ele, \u201cn\u00e3o me nomeiam e n\u00e3o individualizam nenhum fato\u201d.<\/p>\n<p>Embora j\u00e1 n\u00e3o faltassem fatos e argumentos para as cr\u00edticas ao presidente da\u00a0<a href=\"http:\/\/www.ihu.unisinos.br\/556774-a-funai-pede-socorro\" target=\"_blank\" rel=\"noopener noreferrer\">Funai<\/a>, a\u00a0<a href=\"http:\/\/www.ihu.unisinos.br\/78-noticias\/594431-a-funai-na-desconstituicao-dos-direitos-territoriais-indigenas\" target=\"_blank\" rel=\"noopener noreferrer\"><strong>Associa\u00e7\u00e3o Brasileira de Antropologia<\/strong>\u00a0(<strong>ABA<\/strong>)<\/a>\u00a0e o\u00a0<strong>Cimi<\/strong>\u00a0trataram de apresentar, recentemente, \u2018fatos novos\u2019 sobre o tema, inclusive nomeando o mesmo. Em nota e mat\u00e9rias publicadas, demonstraram que:\u00a0<strong>1)<\/strong>\u00a0O presidente da\u00a0<strong>Funai<\/strong>\u00a0<a href=\"http:\/\/www.ihu.unisinos.br\/594304-presidente-da-funai-nomeia-profissionais-desqualificados-e-ex-assessor-de-deputado-ruralista-para-coordenar-demarcacoes\" target=\"_blank\" rel=\"noopener noreferrer\">nomeou profissionais desqualificados<\/a>\u00a0e ex-assessor de deputado ruralista para coordenar demarca\u00e7\u00f5es de terras ind\u00edgenas no estado de Pernambuco e\u00a0<strong>2)<\/strong>\u00a0Devido a \u201cdesinteresse\u201d da\u00a0<strong>Funai<\/strong>, manifesto pelo seu presidente,\u00a0<strong>Procuradoria Federal Especializada<\/strong>\u00a0desistiu de processo judicial, no\u00a0<strong>TRF-4<\/strong>, contra reintegra\u00e7\u00e3o de posse da\u00a0<strong>Terra Ind\u00edgena Palmas<\/strong>, no\u00a0<strong>Paran\u00e1<\/strong>. Convidamos voc\u00ea a acessar, ler e compartilhar estas informa\u00e7\u00f5es.<\/p>\n<p>O presidente da\u00a0<strong>Funai<\/strong>, na sua estreiteza interpretativa, parece justificar todas as suas \u2018prefer\u00eancias\u2019 sob o chav\u00e3o, muito usado por fundamentalistas religiosos de matriz judaico-crist\u00e3, segundo o qual \u201ca divis\u00e3o de classes, destrui\u00e7\u00e3o da fam\u00edlia, destrui\u00e7\u00e3o da propriedade isso pode ser interessante em pa\u00edses comunistas. Aqui n\u00f3s vivemos um mundo capitalista, t\u00e1\u201d. A frase de efeito, ainda mais com a \u00eanfase dada pelo \u2018t\u00e1\u2019, ao final, rendeu uma salva de palmas entusiasmada dos ruralistas ao presidente da\u00a0<strong>Funai<\/strong>, \u00f3bvio.<\/p>\n<p>O delegado ruralista esqueceu, no entanto, que no Brasil a\u00a0<strong>Constitui\u00e7\u00e3o Federal<\/strong>\u00a0\u00e9 soberana, que esta\u00a0<strong>Constitui\u00e7\u00e3o<\/strong>\u00a0garante aos povos o direito \u00e0s suas terras origin\u00e1rias (Art 231), que estas terras s\u00e3o bens da Uni\u00e3o (Art 20) e que ele, como cidad\u00e3o e gestor p\u00fablico, est\u00e1 submetido a esta Constitui\u00e7\u00e3o. Parece ter esquecido ainda que, como presidente da\u00a0<strong>Funai<\/strong>, gestor da coisa p\u00fablica, cujo sal\u00e1rio \u00e9 pago com recursos p\u00fablicos da Uni\u00e3o, ele tem o dever de defender os\u00a0<a href=\"http:\/\/www.ihu.unisinos.br\/78-noticias\/579976-indigenas-lutam-por-uma-nova-politica-para-isolados\" target=\"_blank\" rel=\"noopener noreferrer\">direitos dos povos ind\u00edgenas<\/a>\u00a0e tamb\u00e9m os interesses da\u00a0<strong>Uni\u00e3o<\/strong>. Parece ter esquecido tamb\u00e9m que n\u00e3o \u00e9 direito seu fazer uso da fun\u00e7\u00e3o p\u00fablica que exerce para abrir m\u00e3o de bens da Uni\u00e3o em favor de interesses privados. Parece ter esquecido, por fim, que esse tipo de atitude pode caracterizar a pr\u00e1tica do crime de \u2018improbidade administrativa\u2019 ao gestor p\u00fablico.<\/p>\n<p>\u00c9 de grande import\u00e2ncia aos interesses do Estado brasileiro e aos direitos dos povos origin\u00e1rios, que o\u00a0<a href=\"http:\/\/www.ihu.unisinos.br\/78-noticias\/574673-indigenas-em-rondonia-correm-risco-de-exterminio-alerta-mpf\" target=\"_blank\" rel=\"noopener noreferrer\">Minist\u00e9rio P\u00fablico Federal (MPF)<\/a>\u00a0e cada um de n\u00f3s possamos ajudar o presidente da\u00a0<strong>Funai<\/strong>\u00a0a lembrar de suas responsabilidades institucionais e constitucionais para que o \u00f3rg\u00e3o indigenista deixe de ser instrumentalizado como sucursal do ruralismo no Brasil.<\/p>\n<p>Bras\u00edlia, DF, 20 de novembro de 2019<\/p>\n<p><a href=\"http:\/\/www.ihu.unisinos.br\/78-noticias\/592896-a-maior-violencia-contra-os-povos-indigenas-e-a-destruicao-de-seus-territorios-aponta-relatorio-do-cimi\" target=\"_blank\" rel=\"noopener noreferrer\">Ant\u00f4nio Eduardo Cerqueira de Oliveira<\/a>\u00a0\u2013 Secret\u00e1rio Executivo do Cimi<br \/>\n<a href=\"http:\/\/www.ihu.unisinos.br\/entrevistas\/519384-demarcacao-de-terras-indigenas-uma-demanda-historica-entrevista-especial-com-cleber-buzatto\" target=\"_blank\" rel=\"noopener noreferrer\">Cleber C\u00e9sar Buzatto<\/a>\u00a0\u2013 Secret\u00e1rio Adjunto do Cimi<br \/>\n<a href=\"http:\/\/www.ihu.unisinos.br\/entrevistas\/519384-demarcacao-de-terras-indigenas-uma-demanda-historica-entrevista-especial-com-cleber-buzatto\" target=\"_blank\" rel=\"noopener noreferrer\">Gilberto Vieira dos Santos<\/a>\u00a0\u2013 Secret\u00e1rio Adjunto do Cimi<\/p>\n","protected":false},"excerpt":{"rendered":"<p>No Humanitas Unisinos &#8211; Presidente da\u00a0Funai\u00a0afirma, durante audi\u00eancia p\u00fablica no\u00a0MS, atender aos ruralistas\u00a0em sua gest\u00e3o e orientou fazendeiros, alerta nota do\u00a0Conselho Mission\u00e1rio Indigenista &#8211; Cimi, publicada em seu portal, 20-11-2019.<\/p>\n","protected":false},"author":1,"featured_media":0,"comment_status":"closed","ping_status":"open","sticky":false,"template":"","format":"standard","meta":{"_exactmetrics_skip_tracking":false,"_exactmetrics_sitenote_active":false,"_exactmetrics_sitenote_note":"","_exactmetrics_sitenote_category":0,"jetpack_post_was_ever_published":false,"_jetpack_newsletter_access":"","_jetpack_dont_email_post_to_subs":false,"_jetpack_newsletter_tier_id":0,"_jetpack_memberships_contains_paywalled_content":false,"_jetpack_memberships_contains_paid_content":false,"footnotes":"","jetpack_publicize_message":"","jetpack_publicize_feature_enabled":true,"jetpack_social_post_already_shared":false,"jetpack_social_options":{"image_generator_settings":{"template":"highway","enabled":false},"version":2}},"categories":[1],"tags":[],"class_list":["post-25081","post","type-post","status-publish","format-standard","hentry","category-notas"],"jetpack_publicize_connections":[],"jetpack_sharing_enabled":true,"jetpack_featured_media_url":"","jetpack_shortlink":"https:\/\/wp.me\/p7wKYW-6wx","jetpack-related-posts":[],"_links":{"self":[{"href":"http:\/\/blogdalucianaoliveira.com.br\/blog\/wp-json\/wp\/v2\/posts\/25081","targetHints":{"allow":["GET"]}}],"collection":[{"href":"http:\/\/blogdalucianaoliveira.com.br\/blog\/wp-json\/wp\/v2\/posts"}],"about":[{"href":"http:\/\/blogdalucianaoliveira.com.br\/blog\/wp-json\/wp\/v2\/types\/post"}],"author":[{"embeddable":true,"href":"http:\/\/blogdalucianaoliveira.com.br\/blog\/wp-json\/wp\/v2\/users\/1"}],"replies":[{"embeddable":true,"href":"http:\/\/blogdalucianaoliveira.com.br\/blog\/wp-json\/wp\/v2\/comments?post=25081"}],"version-history":[{"count":1,"href":"http:\/\/blogdalucianaoliveira.com.br\/blog\/wp-json\/wp\/v2\/posts\/25081\/revisions"}],"predecessor-version":[{"id":25082,"href":"http:\/\/blogdalucianaoliveira.com.br\/blog\/wp-json\/wp\/v2\/posts\/25081\/revisions\/25082"}],"wp:attachment":[{"href":"http:\/\/blogdalucianaoliveira.com.br\/blog\/wp-json\/wp\/v2\/media?parent=25081"}],"wp:term":[{"taxonomy":"category","embeddable":true,"href":"http:\/\/blogdalucianaoliveira.com.br\/blog\/wp-json\/wp\/v2\/categories?post=25081"},{"taxonomy":"post_tag","embeddable":true,"href":"http:\/\/blogdalucianaoliveira.com.br\/blog\/wp-json\/wp\/v2\/tags?post=25081"}],"curies":[{"name":"wp","href":"https:\/\/api.w.org\/{rel}","templated":true}]}}