{"id":25094,"date":"2019-11-22T15:48:53","date_gmt":"2019-11-22T19:48:53","guid":{"rendered":"http:\/\/blogdalucianaoliveira.com.br\/blog\/?p=25094"},"modified":"2019-11-22T15:48:53","modified_gmt":"2019-11-22T19:48:53","slug":"excludente-de-ilicitude-o-primeiro-ato-do-novo-ai-5","status":"publish","type":"post","link":"http:\/\/blogdalucianaoliveira.com.br\/blog\/2019\/11\/22\/excludente-de-ilicitude-o-primeiro-ato-do-novo-ai-5\/","title":{"rendered":"Excludente de Ilicitude: o primeiro ato do novo AI 5"},"content":{"rendered":"<p><img data-recalc-dims=\"1\" height=\"400\" width=\"600\" decoding=\"async\" src=\"https:\/\/i0.wp.com\/facesdaviolencia.blogfolha.uol.com.br\/files\/2019\/11\/Alian%25C3%25A7a-Pelo-Brasil-Bolsonaro-768x512.jpg?resize=600%2C400&#038;ssl=1\" \/><\/p>\n<div class=\"c-signature\">\n<p>Os\u00a0<a href=\"https:\/\/www1.folha.uol.com.br\/cotidiano\/2019\/11\/bolsonaro-envia-ao-congresso-projeto-para-isentar-de-punicao-militares-e-policiais.shtml\">primeiros coment\u00e1rios na grande m\u00eddia\u00a0<\/a>sobre o PL (<a href=\"https:\/\/www.camara.leg.br\/proposicoesWeb\/prop_mostrarintegra;jsessionid=E60501C41DE5688A3EDFADF1A7942F18.proposicoesWebExterno2?codteor=1836444&amp;filename=Tramitacao-PL+6125\/2019\">veja a \u00edntegra aqui<\/a>) da excludente de ilicitude apresentado por Bolsonaro ontem (21) n\u00e3o compreenderam de fato do que trata o Projeto. Mesmo os coment\u00e1rios cr\u00edticos abordaram o PL como se ele fosse uma repeti\u00e7\u00e3o do PL do Pacote de Sergio Moro, apenas ampliado a excludente para Militares em Opera\u00e7\u00f5es de GLO (<a href=\"https:\/\/www.defesa.gov.br\/exercicios-e-operacoes\/garantia-da-lei-e-da-ordem\">Garantia da Lei e da Ordem<\/a>).<\/p>\n<p><!--more--><\/p>\n<\/div>\n<div class=\"c-news__wrap\">\n<div class=\"c-signature\"><strong class=\"c-signature__author\">Renato S\u00e9rgio de Lima<\/strong><\/div>\n<\/div>\n<div class=\"c-news__content\">\n<p>Por\u00a0<strong>Alberto Kopittke*<\/strong><\/p>\n<div class=\"c-signature\">\n<p>Na FSP<\/p>\n<\/div>\n<p>&nbsp;<\/p>\n<p>No entanto, o Projeto praticamente n\u00e3o tem rela\u00e7\u00e3o com \u201cSeguran\u00e7a P\u00fablica\u201d e com o debate sobre a letalidade policial, que polariza o pa\u00eds e\u00a0<a href=\"https:\/\/fontesegura.org.br\/news\/15\">revela o forte protagonismo das pol\u00edcias militares na vida pol\u00edtica<\/a>.\u00a0Apesar das Opera\u00e7\u00f5es de GLO serem utilizadas de forma\u00a0<a href=\"http:\/\/tede2.pucrs.br\/tede2\/handle\/tede\/8070\">cada vez mais ampla pelos Governos do PT e agora do PSL, nos \u00faltimos 10 anos<\/a>, o n\u00famero de mortes provocadas em Opera\u00e7\u00f5es GLO \u00e9 muito pequeno se comparado com os n\u00fameros do cotidiano da seguran\u00e7a p\u00fablica brasileira, por geralmente se tratarem de opera\u00e7\u00f5es de estabiliza\u00e7\u00e3o de territ\u00f3rio.<\/p>\n<p>O que n\u00e3o foi percebido, \u00e9 que o PL de Bolsonaro \u00e9 praticamente uma c\u00f3pia do\u00a0<a href=\"https:\/\/www1.folha.uol.com.br\/mundo\/2019\/11\/confrontos-entre-apoiadores-de-evo-e-forcas-policiais-deixam-23-mortos-na-bolivia.shtml\">Decreto Supremo 4078<\/a>\u00a0editado h\u00e1 5 dias atr\u00e1s pela autoproclamada Presidente da Bol\u00edvia, Jeanine \u00c3nez, que garantiu a excludente de il\u00edcitude para as For\u00e7as Armadas bolivianas reprimirem os movimentos que eclodiram no pa\u00eds. Outro sinal que passou quase que desapercebido foi que o Minist\u00e9rio da Defesa e n\u00e3o o da Justi\u00e7a e Seguran\u00e7a P\u00fablica \u00e9 que foi acionado para construir a minuta da proposta.<\/p>\n<p>Na verdade, o PL de Jair Bolsonaro n\u00e3o tem nenhuma preocupa\u00e7\u00e3o com o problema da criminalidade do pa\u00eds. Ele tem como alvo a possibilidade de um aumento das mobiliza\u00e7\u00f5es de rua no pa\u00eds, como est\u00e1 ocorrendo em todo o continente, autorizando policiais e as for\u00e7as armadas a fazerem uso da for\u00e7a letal contra pessoas envolvidas em manifesta\u00e7\u00f5es sociais. O Projeto \u00e9 uma prepara\u00e7\u00e3o para a possibilidade do Brasil viver um processo de mobiliza\u00e7\u00e3o social e segue\u00a0<a href=\"https:\/\/www1.folha.uol.com.br\/colunas\/monicabergamo\/2019\/10\/eduardo-bolsonaro-diz-que-se-esquerda-radicalizar-resposta-pode-ser-um-novo-ai-5.shtml\">a sugest\u00e3o dada pelo filho 03 do Presidente, Eduardo Bolsonaro, h\u00e1 poucos dias atr\u00e1s<\/a>, sobre a necessidade de se tomar medidas duras, como um novo AI5 no pa\u00eds.<\/p>\n<p>\u00c9 preciso compreender que o Projeto de Lei apresentado por Bolsonaro n\u00e3o est\u00e1 isolado na hist\u00f3ria. Ele \u00e9 o \u00e1pice de toda uma estrutura jur\u00eddica que vem tornando a GLO um verdadeiro regime de exce\u00e7\u00e3o nas m\u00e3os do Presidente da Rep\u00fablica, sem a necessidade de aprova\u00e7\u00e3o do Congresso Nacional. H\u00e1 uma aposta na radicaliza\u00e7\u00e3o como t\u00e1tica diversionista de concentra\u00e7\u00e3o de poderes pelo Presidente e esvaziamento de quaisquer agendas que n\u00e3o sejam por ele emuladas.<\/p>\n<div class=\"c-advertising c-advertising--300x250 u-hidden-xs\"><\/div>\n<p>Em 2013, findadas as manifesta\u00e7\u00f5es populares, o Estado-Maior Conjunto das For\u00e7as Armadas publicou a regulamenta\u00e7\u00e3o das Opera\u00e7\u00f5es de GLO (<a href=\"https:\/\/www.defesa.gov.br\/arquivos\/File\/doutrinamilitar\/listadepublicacoesEMD\/md33_m_10_glo_1_ed2013.pdf\">Portaria Normativa n\u00ba 3.461\/2013\/MD<\/a>). A Portaria alterou pela primeira vez desde a redemocratiza\u00e7\u00e3o o conceito de For\u00e7a Oponente, que \u00e9 o conceito central que autoriza o uso da for\u00e7a por parte das For\u00e7as Armadas, o qual desde a redemocratiza\u00e7\u00e3o era entendido como as For\u00e7as Armadas de outro pa\u00eds soberano que venha a atacar o territ\u00f3rio nacional. A partir dessa Portaria, a utiliza\u00e7\u00e3o do uso de for\u00e7a militar passou a ser autorizada contra \u201cqualquer grupo interno que instabilize a ordem social\u201d. Al\u00e9m disso, a Portaria ainda previu p\u00e9rolas como a possibilidade de realizar opera\u00e7\u00f5es psicol\u00f3gicas junto a popula\u00e7\u00e3o civil brasileira e a autoriza\u00e7\u00e3o para a restri\u00e7\u00e3o do livre exerc\u00edcio do jornalismo nas \u00e1reas sob interven\u00e7\u00e3o.<\/p>\n<p>Em raz\u00e3o de forte rea\u00e7\u00e3o de movimentos sociais, a regulamenta\u00e7\u00e3o foi suavizada (<a href=\"https:\/\/www.defesa.gov.br\/arquivos\/2014\/mes02\/md33_m_10_glo_2ed_2014.pdf\">Portaria Normativa N\u00ba 186\/MD\/2014<\/a>), embora tenha mantido como for\u00e7a oponente a ideia abrangente e vaga de \u201cagentes de perturba\u00e7\u00e3o da lei e da ordem\u201d. Agora, o novo Projeto de Lei retoma o esp\u00edrito da Portaria original e inclu\u00ed terrorismo no rol de situa\u00e7\u00f5es autorizativas para a excludente de ilicitude. H\u00e1 uma sutil mas clara reorienta\u00e7\u00e3o pol\u00edtico institucional em curso e que poucos est\u00e3o percebendo. A quest\u00e3o \u00e9 que n\u00e3o bastam votos em uma democracia; \u00e9 preciso que as institui\u00e7\u00f5es sejam democr\u00e1ticas e sujeitas a mecanismos transparentes de controle e supervis\u00e3o.<\/p>\n<p>Em seu brilhante livro \u201cPolitical (in)justice: authoritarianism and the rule of law in Brazil, Chile, and Argentina\u201d sobre os regimes autorit\u00e1rios na Am\u00e9rica do Sul, o Professor Anthony Pereira, do Kings College de Londres, destaca uma peculiaridade do autoritarismo militar nacional. Diferentemente dos demais pa\u00edses, a ditadura brasileira, embora constitucionalmente ilegal, sempre se preocupou em garantir a legalidade formal mesmo de seus atos mais autorit\u00e1rios, a come\u00e7ar pelos diversos Atos Institucionais, cuidadosamente escritos at\u00e9 milhares de Inqu\u00e9ritos Militares, que registravam todas as persegui\u00e7\u00f5es totalmente arbitr\u00e1rias.<\/p>\n<p>Embora pudesse ter feito tudo o que fez apenas fazendo uso da for\u00e7a, como fizeram as Ditaduras Argentinas, Chilenas e Uruguaias, a Ditadura Brasileira preocupou-se em ser formalmente adequada, seguindo o \u201cmelhor\u201d da tradi\u00e7\u00e3o jur\u00eddica brasileira que prima pela forma em detrimento dos princ\u00edpios do Estado Democr\u00e1tico de Direito.<\/p>\n<p>O\u00a0Projeto de excludente de Ilicitude em Opera\u00e7\u00f5es GLO faz parte dessa tradi\u00e7\u00e3o do legalismo autorit\u00e1rio brasileiro que vem ressurgindo e ganhando mais for\u00e7as a cada dia no pa\u00eds. Num momento em que o futuro sobre nossa democracia \u00e9 incerto, a \u00fanica certeza \u00e9 que o primeiro Projeto de Lei do novo AI5 j\u00e1 foi apresentado.<\/p>\n<p>* Diretor Executivo do\u00a0<a href=\"http:\/\/institutocidadesegura.com.br\/site\/\">Instituto Cidade Segura<\/a>\u00a0e associado do F\u00f3rum Brasileiro de Seguran\u00e7a P\u00fablica.<\/p>\n<\/div>\n","protected":false},"excerpt":{"rendered":"<p>Os\u00a0primeiros coment\u00e1rios na grande m\u00eddia\u00a0sobre o PL (veja a \u00edntegra aqui) da excludente de ilicitude apresentado por Bolsonaro ontem (21) n\u00e3o compreenderam de fato do que trata o Projeto. Mesmo os coment\u00e1rios cr\u00edticos abordaram o PL como se ele fosse uma repeti\u00e7\u00e3o do PL do Pacote de Sergio Moro, apenas ampliado a excludente para Militares&#8230;<a class=\"more-link\" href=\"http:\/\/blogdalucianaoliveira.com.br\/blog\/2019\/11\/22\/excludente-de-ilicitude-o-primeiro-ato-do-novo-ai-5\/\">Continue a leitura <span class=\"meta-nav\">&raquo;<\/span><\/a><\/p>\n","protected":false},"author":1,"featured_media":0,"comment_status":"closed","ping_status":"open","sticky":false,"template":"","format":"standard","meta":{"_exactmetrics_skip_tracking":false,"_exactmetrics_sitenote_active":false,"_exactmetrics_sitenote_note":"","_exactmetrics_sitenote_category":0,"jetpack_post_was_ever_published":false,"_jetpack_newsletter_access":"","_jetpack_dont_email_post_to_subs":false,"_jetpack_newsletter_tier_id":0,"_jetpack_memberships_contains_paywalled_content":false,"_jetpack_memberships_contains_paid_content":false,"footnotes":"","jetpack_publicize_message":"","jetpack_publicize_feature_enabled":true,"jetpack_social_post_already_shared":false,"jetpack_social_options":{"image_generator_settings":{"template":"highway","enabled":false},"version":2}},"categories":[1],"tags":[],"class_list":["post-25094","post","type-post","status-publish","format-standard","hentry","category-notas"],"jetpack_publicize_connections":[],"jetpack_sharing_enabled":true,"jetpack_featured_media_url":"","jetpack_shortlink":"https:\/\/wp.me\/p7wKYW-6wK","jetpack-related-posts":[],"_links":{"self":[{"href":"http:\/\/blogdalucianaoliveira.com.br\/blog\/wp-json\/wp\/v2\/posts\/25094","targetHints":{"allow":["GET"]}}],"collection":[{"href":"http:\/\/blogdalucianaoliveira.com.br\/blog\/wp-json\/wp\/v2\/posts"}],"about":[{"href":"http:\/\/blogdalucianaoliveira.com.br\/blog\/wp-json\/wp\/v2\/types\/post"}],"author":[{"embeddable":true,"href":"http:\/\/blogdalucianaoliveira.com.br\/blog\/wp-json\/wp\/v2\/users\/1"}],"replies":[{"embeddable":true,"href":"http:\/\/blogdalucianaoliveira.com.br\/blog\/wp-json\/wp\/v2\/comments?post=25094"}],"version-history":[{"count":1,"href":"http:\/\/blogdalucianaoliveira.com.br\/blog\/wp-json\/wp\/v2\/posts\/25094\/revisions"}],"predecessor-version":[{"id":25095,"href":"http:\/\/blogdalucianaoliveira.com.br\/blog\/wp-json\/wp\/v2\/posts\/25094\/revisions\/25095"}],"wp:attachment":[{"href":"http:\/\/blogdalucianaoliveira.com.br\/blog\/wp-json\/wp\/v2\/media?parent=25094"}],"wp:term":[{"taxonomy":"category","embeddable":true,"href":"http:\/\/blogdalucianaoliveira.com.br\/blog\/wp-json\/wp\/v2\/categories?post=25094"},{"taxonomy":"post_tag","embeddable":true,"href":"http:\/\/blogdalucianaoliveira.com.br\/blog\/wp-json\/wp\/v2\/tags?post=25094"}],"curies":[{"name":"wp","href":"https:\/\/api.w.org\/{rel}","templated":true}]}}