{"id":25096,"date":"2019-11-22T15:58:51","date_gmt":"2019-11-22T19:58:51","guid":{"rendered":"http:\/\/blogdalucianaoliveira.com.br\/blog\/?p=25096"},"modified":"2019-11-22T15:58:51","modified_gmt":"2019-11-22T19:58:51","slug":"se-meu-pai-foi-uma-das-vitimas-daquele-periodo-sobel-foi-um-dos-herois-diz-filho-de-herzog","status":"publish","type":"post","link":"http:\/\/blogdalucianaoliveira.com.br\/blog\/2019\/11\/22\/se-meu-pai-foi-uma-das-vitimas-daquele-periodo-sobel-foi-um-dos-herois-diz-filho-de-herzog\/","title":{"rendered":"\u201cSe meu pai foi uma das v\u00edtimas daquele per\u00edodo, Sobel foi um dos her\u00f3is\u201d, diz filho de Herzog"},"content":{"rendered":"<p><img data-recalc-dims=\"1\" loading=\"lazy\" decoding=\"async\" class=\"size-large wp-image-413274 aligncenter\" src=\"https:\/\/i0.wp.com\/www.diariodocentrodomundo.com.br\/wp-content\/uploads\/2019\/11\/henry-sobel-600x366.jpg?resize=600%2C366&#038;ssl=1\" sizes=\"auto, (max-width: 600px) 100vw, 600px\" srcset=\"https:\/\/www.diariodocentrodomundo.com.br\/wp-content\/uploads\/2019\/11\/henry-sobel-600x366.jpg 600w, https:\/\/www.diariodocentrodomundo.com.br\/wp-content\/uploads\/2019\/11\/henry-sobel-300x183.jpg 300w, https:\/\/www.diariodocentrodomundo.com.br\/wp-content\/uploads\/2019\/11\/henry-sobel.jpg 640w\" alt=\"\" width=\"600\" height=\"366\" \/><\/p>\n<p>&nbsp;<\/p>\n<p>Do Facebook do autor &#8211; Henry Sobel foi a 1a pessoa, representando uma institui\u00e7\u00e3o, que denunciou o assassinato do meu pai, poucas horas depois do ocorrido.<\/p>\n<p>Junto com dom Paulo Evaristo Arns e James Wright, corajosamente, promoveu e esteve presente no ato ecum\u00eanico em mem\u00f3ria de meu pai na Catedral da S\u00e9.<\/p>\n<div class=\"code-block code-block-1\">\u00a0Quebrando protocolos do juda\u00edsmo, enfrentando resist\u00eancia dentro da comunidade judaica, foi um dos protagonistas que abriram caminho para o fim da ditadura no Brasil.Se meu pai foi uma das v\u00edtimas daquele per\u00edodo, Henry Sobel foi um dos grandes her\u00f3is.<br \/>\nRegistro aqui minha homenagem e saudades desta pessoa que faz parte da minha vida.<\/p>\n<p>Ivo Herzog<\/p>\n<\/div>\n","protected":false},"excerpt":{"rendered":"<p>&nbsp; Do Facebook do autor &#8211; Henry Sobel foi a 1a pessoa, representando uma institui\u00e7\u00e3o, que denunciou o assassinato do meu pai, poucas horas depois do ocorrido. Junto com dom Paulo Evaristo Arns e James Wright, corajosamente, promoveu e esteve presente no ato ecum\u00eanico em mem\u00f3ria de meu pai na Catedral da S\u00e9. \u00a0Quebrando protocolos&#8230;<a class=\"more-link\" href=\"http:\/\/blogdalucianaoliveira.com.br\/blog\/2019\/11\/22\/se-meu-pai-foi-uma-das-vitimas-daquele-periodo-sobel-foi-um-dos-herois-diz-filho-de-herzog\/\">Continue a leitura <span class=\"meta-nav\">&raquo;<\/span><\/a><\/p>\n","protected":false},"author":1,"featured_media":0,"comment_status":"closed","ping_status":"open","sticky":false,"template":"","format":"standard","meta":{"_exactmetrics_skip_tracking":false,"_exactmetrics_sitenote_active":false,"_exactmetrics_sitenote_note":"","_exactmetrics_sitenote_category":0,"jetpack_post_was_ever_published":false,"_jetpack_newsletter_access":"","_jetpack_dont_email_post_to_subs":false,"_jetpack_newsletter_tier_id":0,"_jetpack_memberships_contains_paywalled_content":false,"_jetpack_memberships_contains_paid_content":false,"footnotes":"","jetpack_publicize_message":"","jetpack_publicize_feature_enabled":true,"jetpack_social_post_already_shared":false,"jetpack_social_options":{"image_generator_settings":{"template":"highway","enabled":false},"version":2}},"categories":[1],"tags":[],"class_list":["post-25096","post","type-post","status-publish","format-standard","hentry","category-notas"],"jetpack_publicize_connections":[],"jetpack_sharing_enabled":true,"jetpack_featured_media_url":"","jetpack_shortlink":"https:\/\/wp.me\/p7wKYW-6wM","jetpack-related-posts":[],"_links":{"self":[{"href":"http:\/\/blogdalucianaoliveira.com.br\/blog\/wp-json\/wp\/v2\/posts\/25096","targetHints":{"allow":["GET"]}}],"collection":[{"href":"http:\/\/blogdalucianaoliveira.com.br\/blog\/wp-json\/wp\/v2\/posts"}],"about":[{"href":"http:\/\/blogdalucianaoliveira.com.br\/blog\/wp-json\/wp\/v2\/types\/post"}],"author":[{"embeddable":true,"href":"http:\/\/blogdalucianaoliveira.com.br\/blog\/wp-json\/wp\/v2\/users\/1"}],"replies":[{"embeddable":true,"href":"http:\/\/blogdalucianaoliveira.com.br\/blog\/wp-json\/wp\/v2\/comments?post=25096"}],"version-history":[{"count":1,"href":"http:\/\/blogdalucianaoliveira.com.br\/blog\/wp-json\/wp\/v2\/posts\/25096\/revisions"}],"predecessor-version":[{"id":25097,"href":"http:\/\/blogdalucianaoliveira.com.br\/blog\/wp-json\/wp\/v2\/posts\/25096\/revisions\/25097"}],"wp:attachment":[{"href":"http:\/\/blogdalucianaoliveira.com.br\/blog\/wp-json\/wp\/v2\/media?parent=25096"}],"wp:term":[{"taxonomy":"category","embeddable":true,"href":"http:\/\/blogdalucianaoliveira.com.br\/blog\/wp-json\/wp\/v2\/categories?post=25096"},{"taxonomy":"post_tag","embeddable":true,"href":"http:\/\/blogdalucianaoliveira.com.br\/blog\/wp-json\/wp\/v2\/tags?post=25096"}],"curies":[{"name":"wp","href":"https:\/\/api.w.org\/{rel}","templated":true}]}}