{"id":25138,"date":"2019-11-24T17:22:23","date_gmt":"2019-11-24T21:22:23","guid":{"rendered":"http:\/\/blogdalucianaoliveira.com.br\/blog\/?p=25138"},"modified":"2019-11-24T17:34:47","modified_gmt":"2019-11-24T21:34:47","slug":"mensagens-confirmam-que-moro-quebrou-protocolo-ao-divulgar-grampo-de-lula-em-2016","status":"publish","type":"post","link":"http:\/\/blogdalucianaoliveira.com.br\/blog\/2019\/11\/24\/mensagens-confirmam-que-moro-quebrou-protocolo-ao-divulgar-grampo-de-lula-em-2016\/","title":{"rendered":"Mensagens confirmam que Moro quebrou protocolo ao divulgar grampo de Lula em 2016"},"content":{"rendered":"\n<figure class=\"wp-block-image size-large\"><img data-recalc-dims=\"1\" loading=\"lazy\" decoding=\"async\" width=\"600\" height=\"399\" data-attachment-id=\"25139\" data-permalink=\"http:\/\/blogdalucianaoliveira.com.br\/blog\/2019\/11\/24\/mensagens-confirmam-que-moro-quebrou-protocolo-ao-divulgar-grampo-de-lula-em-2016\/brazil-bolsonaro-independence-parade\/\" data-orig-file=\"https:\/\/i0.wp.com\/blogdalucianaoliveira.com.br\/blog\/wp-content\/uploads\/2019\/11\/moro3.jpg?fit=640%2C426\" data-orig-size=\"640,426\" data-comments-opened=\"0\" data-image-meta=\"{&quot;aperture&quot;:&quot;0&quot;,&quot;credit&quot;:&quot;AFP&quot;,&quot;camera&quot;:&quot;&quot;,&quot;caption&quot;:&quot;Brazilian President Jair Bolsonaro (R) and his Justice Minister Sergio Moro attend the Independence Day Parade in Brasilia, on September 7, 2019. (Photo by EVARISTO SA \\\/ AFP)&quot;,&quot;created_timestamp&quot;:&quot;1567874513&quot;,&quot;copyright&quot;:&quot;AFP or licensors&quot;,&quot;focal_length&quot;:&quot;0&quot;,&quot;iso&quot;:&quot;0&quot;,&quot;shutter_speed&quot;:&quot;0&quot;,&quot;title&quot;:&quot;BRAZIL-BOLSONARO-INDEPENDENCE-PARADE&quot;,&quot;orientation&quot;:&quot;0&quot;}\" data-image-title=\"BRAZIL-BOLSONARO-INDEPENDENCE-PARADE\" data-image-description=\"\" data-image-caption=\"&lt;p&gt;Brazilian President Jair Bolsonaro (R) and his Justice Minister Sergio Moro attend the Independence Day Parade in Brasilia, on September 7, 2019. (Photo by EVARISTO SA \/ AFP)&lt;\/p&gt;\n\" data-medium-file=\"https:\/\/i0.wp.com\/blogdalucianaoliveira.com.br\/blog\/wp-content\/uploads\/2019\/11\/moro3.jpg?fit=300%2C200\" data-large-file=\"https:\/\/i0.wp.com\/blogdalucianaoliveira.com.br\/blog\/wp-content\/uploads\/2019\/11\/moro3.jpg?fit=600%2C399\" src=\"https:\/\/i0.wp.com\/blogdalucianaoliveira.com.br\/blog\/wp-content\/uploads\/2019\/11\/moro3.jpg?resize=600%2C399\" alt=\"\" class=\"wp-image-25139\" srcset=\"https:\/\/i0.wp.com\/blogdalucianaoliveira.com.br\/blog\/wp-content\/uploads\/2019\/11\/moro3.jpg?w=640 640w, https:\/\/i0.wp.com\/blogdalucianaoliveira.com.br\/blog\/wp-content\/uploads\/2019\/11\/moro3.jpg?resize=300%2C200 300w, https:\/\/i0.wp.com\/blogdalucianaoliveira.com.br\/blog\/wp-content\/uploads\/2019\/11\/moro3.jpg?resize=451%2C300 451w\" sizes=\"auto, (max-width: 600px) 100vw, 600px\" \/><figcaption> <\/figcaption><\/figure>\n\n\n\n<h4 class=\"wp-block-heading\">Um levantamento feito pela Lava Jato mostra que o juiz n\u00e3o tinha como padr\u00e3o tornar p\u00fablicas escutas telef\u00f4nicas<\/h4>\n\n\n\n<!--more-->\n\n\n\n<p>Brasil de Fato<\/p>\n\n\n\n<p>Na emin\u00eancia do golpe que resultou no impeachment de Dilma Rousseff (PT), em 2016, o ent\u00e3o juiz da Lava Jato Sergio Moro resolveu suspender o sigilo das investiga\u00e7\u00f5es da opera\u00e7\u00e3o sobre o ex-presidente Luiz In\u00e1cio Lula da Silva (PT).<\/p>\n\n\n\n<p>Ap\u00f3s retirar o sigilo, Moro incluiu no inqu\u00e9rito o \u00e1udio de uma conversa entre Lula e Dilma sobre um termo de posse do petista como ministro da Casa Civil, publicado prontamente pela imprensa.<\/p>\n\n\n\n<p>Novas&nbsp;<a href=\"https:\/\/www.brasildefato.com.br\/2019\/07\/30\/linha-do-tempo-o-que-os-vazamentos-da-operacao-lava-jato-revelaram-ate-o-momento\/\">mensagens da Vaza Jato<\/a>, reveladas em reportagem publicada pela&nbsp;<em>Folha de S. Paulo<\/em>, em parceria com o site&nbsp;<em>The Intercept Brasil<\/em>, mostram que os membros da for\u00e7a tarefa se mobilizaram para argumentar contra a vers\u00e3o&nbsp;de que Moro teria manobrado para produzir um fato pol\u00edtico contra os petistas.&nbsp;<\/p>\n\n\n\n<p>Mas a pesquisa feita internamente a pedido dos procuradores concluiu que o procedimento usado pelo juiz no caso de Lula n\u00e3o seguiu o padr\u00e3o da Lava Jato, como Moro alegou publicamente.<\/p>\n\n\n\n<p>O magistrado tornou p\u00fablicas dezenas de grampos telef\u00f4nicos do ex-presidente feitos pela Pol\u00edcia Federal (PF). No caso mais controverso, o da conversa entre Lula e Dilma, soma-se a ilegalidade de a grava\u00e7\u00e3o ter sido&nbsp;realizada ap\u00f3s o fim da ordem judicial para grampear o petista.<\/p>\n\n\n\n<p>O levantamento feito pela Lava Jato, e compartilhado internamente entre os procuradores,&nbsp;elencou outros casos de quebra de sigilo em inqu\u00e9ritos da PF supervisionados por Moro. Em todos, o sigilo foi suspenso parcialmente, permitindo consulta apenas pelos advogados das partes.<\/p>\n\n\n\n<p>O caso de Lula, segundo a pr\u00f3pria for\u00e7a-tarefa,&nbsp;foi um dos dois \u00fanicos tornados completamente p\u00fablico, o que inclui a possibilidade de publica\u00e7\u00e3o pela imprensa de pormenores como os \u00e1udios das escutas telef\u00f4nicas.<\/p>\n\n\n\n<p>O outro caso foi em 2014, quando Moro classificou com n\u00edvel zero de sigilo conversas do ex-diretor da Petrobras Renato Duque. &#8220;Mas nenhum \u00e1udio foi anexado, e a PF levou tr\u00eas meses para apresentar relat\u00f3rio sobre a escuta&#8221;, ressalva a reportagem.<\/p>\n\n\n\n<p>Consultados, Moro e a Lava Jato reafirmaram que n\u00e3o reconhecem a autenticidade das mensagens.<\/p>\n\n\n\n<figure><iframe loading=\"lazy\" allowfullscreen=\"\" height=\"650\" src=\"https:\/\/cdn.knightlab.com\/libs\/timeline3\/latest\/embed\/index.html?source=1mIHBPNfvfLzPvMlB6dKmw4Uxq557AfUOO0Iq4t7bSI4&amp;font=Default&amp;lang=pt-br&amp;initial_zoom=2&amp;height=650\" width=\"100%\"><\/iframe><\/figure>\n\n\n\n<p>Imparcialidade?<\/p>\n\n\n\n<p>O levantamento n\u00e3o usual do sigilo das investiga\u00e7\u00f5es sobre o ex-presidente \u00e9 um dos argumentos utilizados pela defesa de Lula no&nbsp;<em>habeas corpus<\/em>&nbsp;que pede a suspei\u00e7\u00e3o de Sergio Moro e a anula\u00e7\u00e3o das senten\u00e7as.<\/p>\n\n\n\n<p>O pedido que questiona a imparcialidade do ex-juiz aguarda julgamento pelo Supremo Tribunal Federal (STF).<\/p>\n\n\n\n<p>Cinco dias ap\u00f3s a publica\u00e7\u00e3o do grampo \u2013 Moro levantou o sigilo sobre o inqu\u00e9rito no mesmo dia em que Dilma anunciara Lula como ministro, em 16 de abril de 2016 \u2013, o ent\u00e3o ministro do STF Teori Zavascki suspendeu as decis\u00f5es de Moro.<\/p>\n\n\n\n<p>O ministro tamb\u00e9m requisitou o envio dos autos das investiga\u00e7\u00f5es sobre Lula \u00e0 Bras\u00edlia, e, em junho, anulou as decis\u00f5es, devolvendo o processo, novamente em sigilo, \u00e0 Curitiba.<\/p>\n\n\n\n<p>Zavascki faleceu em janeiro de 2017, v\u00edtima de um acidente de avi\u00e3o.<\/p>\n\n\n\n<p>Edi\u00e7\u00e3o: Rodrigo Chagas<br><\/p>\n","protected":false},"excerpt":{"rendered":"<p>Um levantamento feito pela Lava Jato mostra que o juiz n\u00e3o tinha como padr\u00e3o tornar p\u00fablicas escutas telef\u00f4nicas<\/p>\n","protected":false},"author":1,"featured_media":0,"comment_status":"closed","ping_status":"open","sticky":false,"template":"","format":"standard","meta":{"_exactmetrics_skip_tracking":false,"_exactmetrics_sitenote_active":false,"_exactmetrics_sitenote_note":"","_exactmetrics_sitenote_category":0,"jetpack_post_was_ever_published":false,"_jetpack_newsletter_access":"","_jetpack_dont_email_post_to_subs":false,"_jetpack_newsletter_tier_id":0,"_jetpack_memberships_contains_paywalled_content":false,"_jetpack_memberships_contains_paid_content":false,"footnotes":"","jetpack_publicize_message":"","jetpack_publicize_feature_enabled":true,"jetpack_social_post_already_shared":true,"jetpack_social_options":{"image_generator_settings":{"template":"highway","enabled":false},"version":2}},"categories":[1],"tags":[],"class_list":["post-25138","post","type-post","status-publish","format-standard","hentry","category-notas"],"jetpack_publicize_connections":[],"jetpack_sharing_enabled":true,"jetpack_featured_media_url":"","jetpack_shortlink":"https:\/\/wp.me\/p7wKYW-6xs","jetpack-related-posts":[],"_links":{"self":[{"href":"http:\/\/blogdalucianaoliveira.com.br\/blog\/wp-json\/wp\/v2\/posts\/25138","targetHints":{"allow":["GET"]}}],"collection":[{"href":"http:\/\/blogdalucianaoliveira.com.br\/blog\/wp-json\/wp\/v2\/posts"}],"about":[{"href":"http:\/\/blogdalucianaoliveira.com.br\/blog\/wp-json\/wp\/v2\/types\/post"}],"author":[{"embeddable":true,"href":"http:\/\/blogdalucianaoliveira.com.br\/blog\/wp-json\/wp\/v2\/users\/1"}],"replies":[{"embeddable":true,"href":"http:\/\/blogdalucianaoliveira.com.br\/blog\/wp-json\/wp\/v2\/comments?post=25138"}],"version-history":[{"count":4,"href":"http:\/\/blogdalucianaoliveira.com.br\/blog\/wp-json\/wp\/v2\/posts\/25138\/revisions"}],"predecessor-version":[{"id":25147,"href":"http:\/\/blogdalucianaoliveira.com.br\/blog\/wp-json\/wp\/v2\/posts\/25138\/revisions\/25147"}],"wp:attachment":[{"href":"http:\/\/blogdalucianaoliveira.com.br\/blog\/wp-json\/wp\/v2\/media?parent=25138"}],"wp:term":[{"taxonomy":"category","embeddable":true,"href":"http:\/\/blogdalucianaoliveira.com.br\/blog\/wp-json\/wp\/v2\/categories?post=25138"},{"taxonomy":"post_tag","embeddable":true,"href":"http:\/\/blogdalucianaoliveira.com.br\/blog\/wp-json\/wp\/v2\/tags?post=25138"}],"curies":[{"name":"wp","href":"https:\/\/api.w.org\/{rel}","templated":true}]}}