{"id":25159,"date":"2019-11-25T15:50:19","date_gmt":"2019-11-25T19:50:19","guid":{"rendered":"http:\/\/blogdalucianaoliveira.com.br\/blog\/?p=25159"},"modified":"2019-11-25T16:14:45","modified_gmt":"2019-11-25T20:14:45","slug":"bolsonaro-volta-a-defender-excludente-de-ilicitude-para-militares-em-acoes-contra-protestos","status":"publish","type":"post","link":"http:\/\/blogdalucianaoliveira.com.br\/blog\/2019\/11\/25\/bolsonaro-volta-a-defender-excludente-de-ilicitude-para-militares-em-acoes-contra-protestos\/","title":{"rendered":"Bolsonaro volta a defender excludente de ilicitude para militares em a\u00e7\u00f5es contra protestos"},"content":{"rendered":"\n<figure class=\"wp-block-image\"><img data-recalc-dims=\"1\" decoding=\"async\" src=\"https:\/\/i0.wp.com\/publisher-publish.s3.eu-central-1.amazonaws.com\/pb-brasil247\/swp\/jtjeq9\/media\/20191125151116_1f979de1-6193-4034-acc4-2c021b818530.jpeg?w=600&#038;ssl=1\" alt=\"\"\/><\/figure>\n\n\n\n<p><strong>247<\/strong>&nbsp;&#8211; Demonstrando mais uma vez o seu pouco apre\u00e7o pelos direitos humanos, Jair Bolsonaro defendeu que policiais tenham o chamado excludente de ilicitude em suas opera\u00e7\u00f5es. Na pr\u00e1tica \u00e9 uma licen\u00e7a para matar.<\/p>\n\n\n\n<!--more-->\n\n\n\n<p>&#8220;Quando um governador pede GLO \u00e9 porque ele n\u00e3o mais consegue manter a ordem com seus meios. A tropa da GLO n\u00e3o \u00e9 para fazer rela\u00e7\u00f5es p\u00fablicas, ela vai para se impor, conter a\u00e7\u00f5es terroristas, depreda\u00e7\u00e3o de bens, queima de \u00f4nibus, evitar que inocentes morram, etc&#8221;, escreveu ele no Twitter.<br><\/p>\n\n\n\n<p>&#8220;No mais, para enfrentar a esses marginais, \u00e9 que se faz necess\u00e1rio o Excludente de Ilicitude. Os integrantes das FFAA, PF, PM, PRF, PFF, PCivil e CBM merecem, em opera\u00e7\u00e3o, zelar pela pr\u00f3pria vida e sua liberdade ap\u00f3s o cumprimento da miss\u00e3o&#8221;, complementou.<\/p>\n\n\n\n<figure class=\"wp-block-image\"><a href=\"https:\/\/twitter.com\/jairbolsonaro\"><img data-recalc-dims=\"1\" decoding=\"async\" src=\"https:\/\/i0.wp.com\/pbs.twimg.com\/profile_images\/1057631480459886595\/9VPdGJJz_normal.jpg?w=600&#038;ssl=1\" alt=\"\"\/><\/a><\/figure>\n\n\n\n<p><a href=\"https:\/\/twitter.com\/jairbolsonaro\"><strong>Jair M. Bolsonaro<\/strong><strong>\u2714<\/strong>@jairbolsonaro<\/a>&nbsp;\u00b7&nbsp;<a href=\"https:\/\/twitter.com\/jairbolsonaro\/status\/1198940997025255426\">3<abbr title=\" horas\">h<\/abbr><\/a><a href=\"https:\/\/twitter.com\/jairbolsonaro\/status\/1198940997025255426\"><\/a><\/p>\n\n\n\n<p>&#8211; Quando um governador pede GLO \u00e9 porque ele n\u00e3o mais consegue manter a ordem com seus meios.<br><br>&#8211; A tropa da GLO n\u00e3o \u00e9 para fazer rela\u00e7\u00f5es p\u00fablicas, ela vai para se impor, conter a\u00e7\u00f5es terroristas, depreda\u00e7\u00e3o de bens, queima de \u00f4nibus, evitar que inocentes morram, etc.<\/p>\n\n\n\n<figure class=\"wp-block-image\"><a href=\"https:\/\/twitter.com\/jairbolsonaro\/status\/1198940997025255426\/photo\/1\"><img decoding=\"async\" src=\"https:\/\/pbs.twimg.com\/media\/EKN-ee5X0AIIDVi?format=jpg&amp;name=small\" alt=\"Ver imagem no Twitter\"\/><\/a><\/figure>\n\n\n\n<figure class=\"wp-block-image\"><a href=\"https:\/\/twitter.com\/jairbolsonaro\"><img data-recalc-dims=\"1\" decoding=\"async\" src=\"https:\/\/i0.wp.com\/pbs.twimg.com\/profile_images\/1057631480459886595\/9VPdGJJz_normal.jpg?w=600&#038;ssl=1\" alt=\"\"\/><\/a><\/figure>\n\n\n\n<p><a href=\"https:\/\/twitter.com\/jairbolsonaro\"><strong>Jair M. Bolsonaro<\/strong><strong>\u2714<\/strong>@jairbolsonaro<\/a><\/p>\n\n\n\n<p>&#8211; No mais, para enfrentar a esses marginais, \u00e9 que se faz necess\u00e1rio o Excludente de Ilicitude.<br><br>&#8211; Os integrantes das FFAA, PF, PM, PRF, PFF, PCivil e CBM merecem, em opera\u00e7\u00e3o, zelar pela pr\u00f3pria vida e sua liberdade ap\u00f3s o cumprimento da miss\u00e3o.<a href=\"https:\/\/twitter.com\/intent\/like?tweet_id=1198940999143309313\">13,2&nbsp;mil<\/a><a href=\"https:\/\/twitter.com\/jairbolsonaro\/status\/1198940999143309313\">09:26 &#8211; 25 de nov de 2019<\/a><a href=\"https:\/\/support.twitter.com\/articles\/20175256\">Informa\u00e7\u00f5es e privacidade no Twitter Ads<\/a><a href=\"https:\/\/twitter.com\/jairbolsonaro\/status\/1198940999143309313\">2.782 pessoas est\u00e3o falando sobre isso<\/a><\/p>\n\n\n\n<figure><iframe><\/iframe><\/figure>\n\n\n\n<p><br><\/p>\n","protected":false},"excerpt":{"rendered":"<p>247&nbsp;&#8211; Demonstrando mais uma vez o seu pouco apre\u00e7o pelos direitos humanos, Jair Bolsonaro defendeu que policiais tenham o chamado excludente de ilicitude em suas opera\u00e7\u00f5es. Na pr\u00e1tica \u00e9 uma licen\u00e7a para matar.<\/p>\n","protected":false},"author":1,"featured_media":0,"comment_status":"closed","ping_status":"open","sticky":false,"template":"","format":"standard","meta":{"_exactmetrics_skip_tracking":false,"_exactmetrics_sitenote_active":false,"_exactmetrics_sitenote_note":"","_exactmetrics_sitenote_category":0,"jetpack_post_was_ever_published":false,"_jetpack_newsletter_access":"","_jetpack_dont_email_post_to_subs":false,"_jetpack_newsletter_tier_id":0,"_jetpack_memberships_contains_paywalled_content":false,"_jetpack_memberships_contains_paid_content":false,"footnotes":"","jetpack_publicize_message":"","jetpack_publicize_feature_enabled":true,"jetpack_social_post_already_shared":true,"jetpack_social_options":{"image_generator_settings":{"template":"highway","enabled":false},"version":2}},"categories":[1],"tags":[],"class_list":["post-25159","post","type-post","status-publish","format-standard","hentry","category-notas"],"jetpack_publicize_connections":[],"jetpack_sharing_enabled":true,"jetpack_featured_media_url":"","jetpack_shortlink":"https:\/\/wp.me\/p7wKYW-6xN","jetpack-related-posts":[],"_links":{"self":[{"href":"http:\/\/blogdalucianaoliveira.com.br\/blog\/wp-json\/wp\/v2\/posts\/25159","targetHints":{"allow":["GET"]}}],"collection":[{"href":"http:\/\/blogdalucianaoliveira.com.br\/blog\/wp-json\/wp\/v2\/posts"}],"about":[{"href":"http:\/\/blogdalucianaoliveira.com.br\/blog\/wp-json\/wp\/v2\/types\/post"}],"author":[{"embeddable":true,"href":"http:\/\/blogdalucianaoliveira.com.br\/blog\/wp-json\/wp\/v2\/users\/1"}],"replies":[{"embeddable":true,"href":"http:\/\/blogdalucianaoliveira.com.br\/blog\/wp-json\/wp\/v2\/comments?post=25159"}],"version-history":[{"count":2,"href":"http:\/\/blogdalucianaoliveira.com.br\/blog\/wp-json\/wp\/v2\/posts\/25159\/revisions"}],"predecessor-version":[{"id":25169,"href":"http:\/\/blogdalucianaoliveira.com.br\/blog\/wp-json\/wp\/v2\/posts\/25159\/revisions\/25169"}],"wp:attachment":[{"href":"http:\/\/blogdalucianaoliveira.com.br\/blog\/wp-json\/wp\/v2\/media?parent=25159"}],"wp:term":[{"taxonomy":"category","embeddable":true,"href":"http:\/\/blogdalucianaoliveira.com.br\/blog\/wp-json\/wp\/v2\/categories?post=25159"},{"taxonomy":"post_tag","embeddable":true,"href":"http:\/\/blogdalucianaoliveira.com.br\/blog\/wp-json\/wp\/v2\/tags?post=25159"}],"curies":[{"name":"wp","href":"https:\/\/api.w.org\/{rel}","templated":true}]}}