{"id":25161,"date":"2019-11-25T15:57:18","date_gmt":"2019-11-25T19:57:18","guid":{"rendered":"http:\/\/blogdalucianaoliveira.com.br\/blog\/?p=25161"},"modified":"2019-11-25T15:57:26","modified_gmt":"2019-11-25T19:57:26","slug":"acabou-2019-o-ano-em-que-o-brasil-encolheu-e-virou-paria-mundial","status":"publish","type":"post","link":"http:\/\/blogdalucianaoliveira.com.br\/blog\/2019\/11\/25\/acabou-2019-o-ano-em-que-o-brasil-encolheu-e-virou-paria-mundial\/","title":{"rendered":"ACABOU 2019, O ANO EM QUE O BRASIL ENCOLHEU E VIROU P\u00c1RIA MUNDIAL"},"content":{"rendered":"\n<figure class=\"wp-block-image\"><img data-recalc-dims=\"1\" decoding=\"async\" src=\"https:\/\/i0.wp.com\/poliarquia.com.br\/wp-content\/uploads\/2016\/12\/kotscho-logo-pub.png?w=600\" alt=\"\"\/><\/figure>\n\n\n\n<p>Daqui a mais alguns dias, os tr\u00eas poderes entram em obsequioso recesso, come\u00e7am as f\u00e9rias escolares e as festinhas de amigo secreto da firma.<\/p>\n\n\n\n<!--more-->\n\n\n\n<p>Nem se Bolsonaro revogar a Lei \u00c1urea e oficializar a pena de morte, acabar com o sal\u00e1rio m\u00ednimo e o d\u00e9cimo terceiro, n\u00e3o vai acontecer mais nada esse ano.<ins><br><\/ins><\/p>\n\n\n\n<p>Vai ficar tudo para 2020, ou melhor, para depois do Carnaval, que \u00e9 quando o ano come\u00e7a no Brasil.<\/p>\n\n\n\n<p>Decis\u00f5es importantes do STF, como o julgamento da suspei\u00e7\u00e3o de Sergio Moro, e o novo pacote de reformas do governo podem esperar a chegada de Papai Noel e do Rei Momo.<\/p>\n\n\n\n<p>2019, um ano para esquecer, se fosse poss\u00edvel, vai passar para a hist\u00f3ria como o marco zero da destrui\u00e7\u00e3o do pa\u00eds prometida pelo capit\u00e3o-presidente, para ent\u00e3o dar in\u00edcio \u00e0 nova era.<ins><br><\/ins><\/p>\n\n\n\n<p>Nos principais f\u00f3runs mundiais, o Brasil virou um p\u00e1ria, n\u00e3o apita mais nada, \u00e9 motivo de deboche e preocupa\u00e7\u00e3o.<\/p>\n\n\n\n<p>Com Bolsonaro, o baixo clero e as mil\u00edcias chegaram ao poder com um \u00fanico objetivo: detonar todas as conquistas civilizat\u00f3rias das \u00faltimas tr\u00eas d\u00e9cadas e levar o pa\u00eds de volta aos gloriosos tempos de 1964.<\/p>\n\n\n\n<p>At\u00e9 aqui, est\u00e3o cumprindo \u00e0 risca o bangue-bangue prometido na campanha eleitoral, fazendo arminha com os dedos e prometendo metralhar os advers\u00e1rios vermelhos.<\/p>\n\n\n\n<p>Conseguiram estragar at\u00e9 a bela festa do Flamengo do domingo, ao ati\u00e7ar a pol\u00edcia contra o povo que extravasava sua alegria nas ruas do Rio para receber os campe\u00f5es da Am\u00e9rica.<\/p>\n\n\n\n<p>Algu\u00e9m \u2013 quem ser\u00e1? _ deu a ordem para acabar com as comemora\u00e7\u00f5es, antes que o trio el\u00e9trico com os jogadores chegasse \u00e0 est\u00e1tua de Zumbi, como estava previsto.<\/p>\n\n\n\n<p>Para avisar que a festa acabou, a PM de Auschwitzel come\u00e7ou a atirar bombas de g\u00e1s lacrimog\u00eaneo e g\u00e1s de pimenta na multid\u00e3o, que reagiu com paus e pedras, transformando a celebra\u00e7\u00e3o pac\u00edfica numa pra\u00e7a de guerra.<ins><br><\/ins><\/p>\n\n\n\n<p>Sem aviso pr\u00e9vio, levaram os jogadores para o quartel da tropa de choque da PM, onde a delega\u00e7\u00e3o flamenguista foi desmobilizada.<\/p>\n\n\n\n<p>Se agem assim contra as fam\u00edlias que inundaram o centro do Rio, com um mar de bandeiras e camisas rubro-negras, cantando o hino do clube, pode-se imaginar o que far\u00e3o, se e quando o povo for \u00e0s ruas para protestar contra este desgoverno que encolheu o pa\u00eds e est\u00e1 rifando a soberania e o patrim\u00f4nio nacionais.<\/p>\n\n\n\n<p>Wilson Witzel, o governador neonazista de fancaria, eleito com o apoio dos Bolsonaros, rompeu com a fam\u00edlia e agora quer o lugar deles no Pal\u00e1cio do Planalto.<\/p>\n\n\n\n<p>Grotesco e sem no\u00e7\u00e3o, n\u00e3o se vexou de se ajoelhar diante de Gabigol para engraxar sua chuteira no gramado do est\u00e1dio de Lima, e levou um chega pra l\u00e1 do jogador.<\/p>\n\n\n\n<p>Mais tarde, o mesmo her\u00f3i dos gramados tamb\u00e9m n\u00e3o se envergonhou de posar sorridente ao lado do bic\u00e3o em busca de foto para a pr\u00f3xima campanha eleitoral.<\/p>\n\n\n\n<p>Este \u00e9 o retrato perfeito da falta de car\u00e1ter desses bolsominions da pol\u00edtica e do futebol que tomaram conta do pa\u00eds.<ins><\/ins><\/p>\n\n\n\n<p>Que venha logo 2020, antes que eles acabem tamb\u00e9m com o Natal.<\/p>\n\n\n\n<p>Vida que segue.<\/p>\n\n\n\n<p><\/p>\n","protected":false},"excerpt":{"rendered":"<p>Daqui a mais alguns dias, os tr\u00eas poderes entram em obsequioso recesso, come\u00e7am as f\u00e9rias escolares e as festinhas de amigo secreto da firma.<\/p>\n","protected":false},"author":1,"featured_media":0,"comment_status":"closed","ping_status":"open","sticky":false,"template":"","format":"standard","meta":{"_exactmetrics_skip_tracking":false,"_exactmetrics_sitenote_active":false,"_exactmetrics_sitenote_note":"","_exactmetrics_sitenote_category":0,"jetpack_post_was_ever_published":false,"_jetpack_newsletter_access":"","_jetpack_dont_email_post_to_subs":false,"_jetpack_newsletter_tier_id":0,"_jetpack_memberships_contains_paywalled_content":false,"_jetpack_memberships_contains_paid_content":false,"footnotes":"","jetpack_publicize_message":"","jetpack_publicize_feature_enabled":true,"jetpack_social_post_already_shared":true,"jetpack_social_options":{"image_generator_settings":{"template":"highway","enabled":false},"version":2}},"categories":[1],"tags":[],"class_list":["post-25161","post","type-post","status-publish","format-standard","hentry","category-notas"],"jetpack_publicize_connections":[],"jetpack_sharing_enabled":true,"jetpack_featured_media_url":"","jetpack_shortlink":"https:\/\/wp.me\/p7wKYW-6xP","jetpack-related-posts":[],"_links":{"self":[{"href":"http:\/\/blogdalucianaoliveira.com.br\/blog\/wp-json\/wp\/v2\/posts\/25161","targetHints":{"allow":["GET"]}}],"collection":[{"href":"http:\/\/blogdalucianaoliveira.com.br\/blog\/wp-json\/wp\/v2\/posts"}],"about":[{"href":"http:\/\/blogdalucianaoliveira.com.br\/blog\/wp-json\/wp\/v2\/types\/post"}],"author":[{"embeddable":true,"href":"http:\/\/blogdalucianaoliveira.com.br\/blog\/wp-json\/wp\/v2\/users\/1"}],"replies":[{"embeddable":true,"href":"http:\/\/blogdalucianaoliveira.com.br\/blog\/wp-json\/wp\/v2\/comments?post=25161"}],"version-history":[{"count":1,"href":"http:\/\/blogdalucianaoliveira.com.br\/blog\/wp-json\/wp\/v2\/posts\/25161\/revisions"}],"predecessor-version":[{"id":25162,"href":"http:\/\/blogdalucianaoliveira.com.br\/blog\/wp-json\/wp\/v2\/posts\/25161\/revisions\/25162"}],"wp:attachment":[{"href":"http:\/\/blogdalucianaoliveira.com.br\/blog\/wp-json\/wp\/v2\/media?parent=25161"}],"wp:term":[{"taxonomy":"category","embeddable":true,"href":"http:\/\/blogdalucianaoliveira.com.br\/blog\/wp-json\/wp\/v2\/categories?post=25161"},{"taxonomy":"post_tag","embeddable":true,"href":"http:\/\/blogdalucianaoliveira.com.br\/blog\/wp-json\/wp\/v2\/tags?post=25161"}],"curies":[{"name":"wp","href":"https:\/\/api.w.org\/{rel}","templated":true}]}}