{"id":25163,"date":"2019-11-25T16:00:19","date_gmt":"2019-11-25T20:00:19","guid":{"rendered":"http:\/\/blogdalucianaoliveira.com.br\/blog\/?p=25163"},"modified":"2019-11-25T16:00:31","modified_gmt":"2019-11-25T20:00:31","slug":"flamengo-lava-a-alma-do-brasil-real-no-tragico-2019","status":"publish","type":"post","link":"http:\/\/blogdalucianaoliveira.com.br\/blog\/2019\/11\/25\/flamengo-lava-a-alma-do-brasil-real-no-tragico-2019\/","title":{"rendered":"Flamengo lava a alma do Brasil Real no tr\u00e1gico 2019"},"content":{"rendered":"\n<figure class=\"wp-block-image\"><img data-recalc-dims=\"1\" decoding=\"async\" src=\"https:\/\/i0.wp.com\/brasil.elpais.com\/resizer\/fQq9-06uZ3BciqmF1kvk8Jc2KHc%3D\/1500x0\/smart\/arc-anglerfish-eu-central-1-prod-prisa.s3.amazonaws.com\/public\/7AKTKUTXMOSLJU4XLYMCXOYLNY.jpg?w=600&#038;ssl=1\" alt=\"Torcedores do Flamengo celebram no centro do Rio a vit\u00f3ria na Libertadores.\"\/><\/figure>\n\n\n\n<h3 class=\"wp-block-heading\">No primeiro ano de poder da extrema direita, s\u00f3 o futebol e a cultura, de &#8216;Bacurau&#8217; a Semayat Oliveira, salvam o pa\u00eds<\/h3>\n\n\n\n<!--more-->\n\n\n\n<p>No El Pa\u00eds<a href=\"mailto:?subject=Flamengo%20lava%20a%20alma%20do%20Brasil%20Real%20no%20tr%C3%A1gico%202019&amp;body=https%3A%2F%2Fbrasil.elpais.com%2Fbrasil%2F2019%2F11%2F25%2Fpolitica%2F1574682352_305453.html%3Fprm=enviar_email\"><\/a><\/p>\n\n\n\n<p>Com a palavra, j\u00e1 de cara, um insuspeito cronista tricolor das Laranjeiras: \u201cSe&nbsp;<a href=\"https:\/\/brasil.elpais.com\/tag\/euclides_rodrigues_da_cunha\" target=\"_blank\" rel=\"noreferrer noopener\">Euclides da Cunha<\/a>&nbsp;fosse vivo teria preferido o&nbsp;<a href=\"https:\/\/brasil.elpais.com\/tag\/flamengo\" target=\"_blank\" rel=\"noreferrer noopener\">Flamengo<\/a>&nbsp;a&nbsp;<a href=\"https:\/\/brasil.elpais.com\/brasil\/2017\/02\/04\/politica\/1486239968_195098.html\" target=\"_blank\" rel=\"noreferrer noopener\">Canudos<\/a>&nbsp;para contar a hist\u00f3ria do povo brasileiro\u201d. S\u00f3 o exagero desse tio Nelson explica o Brasil nessa hora. S\u00f3 a festa na favela, depois de uma disputa em que o time rubro-negro sofreu como um morador de morro imprensado entre pol\u00edcia e bandido, salvou o ano de 2019 para uma grande massa de brasileiros. O futebol \u00e9 o pio do povo, fica a\u00ed o velho e infame trocadilho quicando na \u00e1rea. Nunca ca\u00ed nesse conto de que o futebol aliena.<\/p>\n\n\n\n<p>O\u00a0<a rel=\"noreferrer noopener\" href=\"https:\/\/brasil.elpais.com\/tag\/futbol\" target=\"_blank\">futebol<\/a>\u00a0\u00e9 o b\u00e1lsamo, ufa, imagina se faltasse o Flamengo no mundo para quem nunca soube o valor de um d\u00e9cimo terceiro sal\u00e1rio e de uma carteira assinada\u00a0\u2013 a ut\u00f3pica azulzinha que a reforma trabalhista triturou no Congresso em troca da v\u00e3 promessa de milh\u00f5es de empregos. Seria um desgosto profundo, como escreveu Lamartine Babo na letra do hino. Imagina o que seria este ano para a \u201cpoeira\u201d, a parte mais lascada socialmente, se n\u00e3o fossem os milagres de\u00a0<a rel=\"noreferrer noopener\" href=\"https:\/\/brasil.elpais.com\/brasil\/2019\/11\/24\/deportes\/1574554406_765298.html\" target=\"_blank\">Gabigol<\/a>\u00a0e\u00a0<a href=\"https:\/\/brasil.elpais.com\/brasil\/2019\/09\/13\/deportes\/1568410300_446916.html\">Jesus<\/a>. N\u00e3o seria apenas um ano ruim, seriam folhinhas do calend\u00e1rio arrancadas pela tempestade.<\/p>\n\n\n\n<p>Sim, a festa da Libertadores e do Brasileir\u00e3o vai muito al\u00e9m da favela e dos sert\u00f5es maltratados pelo governo do arrocho e da extrema direita, mas \u00e9 o Brasil do desemprego que&nbsp;<a href=\"https:\/\/brasil.elpais.com\/brasil\/2019\/08\/05\/deportes\/1565029915_728322.html\">carece mais do Flamengo<\/a>. N\u00e3o caio nesse conto do futebol como \u00f3pio do povo. \u00c9 o desafogo. Queria que voc\u00ea visse as imagens da farra do urubu na Cidade de Deus, car\u00edssimo Henfil, de arrepiar at\u00e9 o mais frio e psicanalizado dos argentinos torcedores do&nbsp;<a href=\"https:\/\/brasil.elpais.com\/tag\/river_plate\" target=\"_blank\" rel=\"noreferrer noopener\">River Plate<\/a>.<\/p>\n\n\n\n<p>\u00c9 sim o pio do povo.<\/p>\n\n\n\n<p>Na\u00a0<a rel=\"noreferrer noopener\" href=\"https:\/\/brasil.elpais.com\/tag\/rocinha\" target=\"_blank\">Rocinha<\/a>\u00a0da amiga Lindacy Menezes, dom\u00e9stica pernambucana sobre quem j\u00e1 escrevi neste\u00a0<a rel=\"noreferrer noopener\" href=\"https:\/\/brasil.elpais.com\/brasil\/2018\/02\/03\/opinion\/1517669189_856333.html\" target=\"_blank\">\u201cEl Pa\u00eds\/Brasil\u201d<\/a>, n\u00e3o foi diferente. No meu Cariri idem, palavra deste cronista torcedor do\u00a0<a rel=\"noreferrer noopener\" href=\"https:\/\/pt.wikipedia.org\/wiki\/Associa%C3%A7%C3%A3o_Desportiva_Recreativa_Cultural_Icasa\" target=\"_blank\">Icasa<\/a>\u00a0\u2013 o time mais prolet\u00e1rio do planeta, nascido no ch\u00e3o da f\u00e1brica hom\u00f4nima de beneficiamento de algod\u00e3o. \u00c9 de l\u00e1, precisamente da subida do horto da est\u00e1tua do Padim Ci\u00e7o, o maior flamenguista que eu j\u00e1 vi na face da terra: o Maradona, 47 anos, como \u00e9 conhecido o comerciante C\u00edcero Jorge Rodrigues. Na casa dele, onde passei no come\u00e7o deste ano, tudo \u00e9 pintado com as cores do clube carioca.<br><\/p>\n\n\n\n<p><a href=\"https:\/\/brasil.elpais.com\/brasil\/2019\/11\/13\/deportes\/1573670771_370418.html\">O Flamengo, e nenhum pol\u00edtico<\/a>&nbsp;ou entidade, livrou o Brasil Real do desastre econ\u00f4mico de 2019. Foi lenha no fog\u00e3o na falta de g\u00e1s barato. O sufoco contra o River, depois do passeio no campeonato brasileiro, foi apenas para repetir a ideia de sacrif\u00edcio da rotina da massa.<\/p>\n\n\n\n<h3 class=\"wp-block-heading\">Conversa na Mer\u00e7a<\/h3>\n\n\n\n<p>E por falar em coisas que nos livraram do desastre do primeiro ano da administra\u00e7\u00e3o da<a href=\"https:\/\/brasil.elpais.com\/tag\/extrema_derecha\" target=\"_blank\" rel=\"noreferrer noopener\">&nbsp;direita fascista<\/a>, que romance importante sobre os diversos tons de racismo este&nbsp;<em><a href=\"https:\/\/books.google.com.br\/books\/about\/Marrom_e_Amarelo.html?id=CGKiDwAAQBAJ&amp;redir_esc=y\" target=\"_blank\" rel=\"noreferrer noopener\">Marrom e Amarelo<\/a><\/em>&nbsp;(editora Alfaguara), do escritor ga\u00facho Paulo Scott, torcedor colorado do bairro Partenon, com muito orgulho, \u00f3bvio. S\u00f3 a fic\u00e7\u00e3o explica o Brasil safra 2019. \u00c9 preciso ler tamb\u00e9m, na urg\u00eancia da hora,&nbsp;<a href=\"https:\/\/books.google.com.br\/books\/about\/A_morte_e_o_meteoro.html?id=Gk-wDwAAQBAJ&amp;redir_esc=y\" target=\"_blank\" rel=\"noreferrer noopener\"><em>A morte e o meteoro<\/em><\/a>&nbsp;(Todavia), do mato-grossense e s\u00e3o-paulino Joca Reiners Terron, que se passa logo ali, algo por volta de 2030, quando a Amaz\u00f4nia estar\u00e1 totalmente destru\u00edda. O projeto oficial da turma do trabuco anda bem adiantado nesse aspecto. Nada mais veross\u00edmil.<\/p>\n\n\n\n<p>Ainda sobre as coisas que aliviaram a barra pesada, meu botequim-livraria preferido, a Mercearia S\u00e3o Pedro (SP), iniciou um ciclo de bate-papos sobre a realidade brasileira. No primeiro&nbsp;<em>Conversa na Mer\u00e7a<\/em>, a sorte de ouvir, al\u00e9m do citado Scott, os escritores Marcelino Freire (<em><a href=\"https:\/\/books.google.com.br\/books\/about\/Bal%C3%A9Ral%C3%A9.html?id=_6HRSJBizTkC&amp;redir_esc=y\" target=\"_blank\" rel=\"noreferrer noopener\">Bal\u00e9 Ral\u00e9<\/a><\/em>), Ana Maria Gon\u00e7alves (<em><a href=\"https:\/\/books.google.com.br\/books\/about\/Um_defeito_de_cor.html?id=2GklDwAAQBAJ&amp;redir_esc=y\" target=\"_blank\" rel=\"noreferrer noopener\">Um defeito de cor<\/a><\/em>) e o ator&nbsp;<a href=\"https:\/\/brasil.elpais.com\/brasil\/2019\/09\/23\/cultura\/1569265659_610072.html\" target=\"_blank\" rel=\"noreferrer noopener\">Silvero Pereira<\/a>&nbsp;(<a href=\"https:\/\/books.google.com.br\/books\/about\/BR_Trans.html?id=EdATvgAACAAJ&amp;source=kp_book_description&amp;redir_esc=y\" target=\"_blank\" rel=\"noreferrer noopener\"><em>BR Trans<\/em><\/a>), o Lunga de Bacurau, um filme que tamb\u00e9m nos lavou a alma como um gol de placa aos 47 do segundo tempo. Arre!<\/p>\n\n\n\n<p>Quem abriu a noite foi uma jovem jornalista e escritora de quem ouviremos muito falar daqui por diante.&nbsp;<a href=\"http:\/\/nosmulheresdaperiferia.com.br\/author\/semayat\/\" target=\"_blank\" rel=\"noreferrer noopener\">Semayat Oliveira<\/a>, do grupo&nbsp;<a href=\"http:\/\/nosmulheresdaperiferia.com.br\/\" target=\"_blank\" rel=\"noreferrer noopener\"><em>N\u00f3s, mulheres da periferia<\/em><\/a>, paulistana do Jardim Brasil, que leu um texto inesquec\u00edvel chamado&nbsp;<em>Nascida de ventre livre<\/em>. Repare nestes ditos e dizeres: \u201cAcho que a gente adoece de sil\u00eancio. Acabrunha mesmo, murcha a cara, asfixia com letras penduradas na garganta. Vi um estudo esses dias&#8230; sabia que racismo causa ansiedade, depress\u00e3o e essas coisas? Eu t\u00f4 meio assim, viu. T\u00e1 dolorido pensar. O racioc\u00ednio fica perdidinho na encruzilhada da minha cabe\u00e7a. Passo metade do dia me sentindo meio nada. Uma dificuldaaade de centrar nas coisas, n\u00e3o me acho l\u00e1 em casa\u201d.<\/p>\n\n\n\n<p><strong>Xico S\u00e1,&nbsp;<\/strong>escritor e jornalista, autor de&nbsp;<a href=\"https:\/\/books.google.com.br\/books\/about\/Big_Jato.html?id=8m-5NAEACAAJ&amp;redir_esc=y\" target=\"_blank\" rel=\"noreferrer noopener\"><em>Big Jato<\/em><\/a>&nbsp;(Companhia das Letras) e do nov\u00edssimo&nbsp;<a href=\"https:\/\/books.google.com.br\/books\/about\/Cr%C3%B4nicas_para_ler_em_qualquer_lugar.html?id=mgOqDwAAQBAJ&amp;redir_esc=y\" target=\"_blank\" rel=\"noreferrer noopener\"><em>Cr\u00f4nicas pra ler em qualquer lugar<\/em><\/a>&nbsp;(editora Todavia), escrito a seis m\u00e3os com Greg\u00f3rio Duvivier e Maria Ribeiro. \u00c9 comentarista do programa&nbsp;<em>Reda\u00e7\u00e3o Sportv<\/em>.<br><\/p>\n\n\n\n<p><\/p>\n","protected":false},"excerpt":{"rendered":"<p>No primeiro ano de poder da extrema direita, s\u00f3 o futebol e a cultura, de &#8216;Bacurau&#8217; a Semayat Oliveira, salvam o pa\u00eds<\/p>\n","protected":false},"author":1,"featured_media":0,"comment_status":"closed","ping_status":"open","sticky":false,"template":"","format":"standard","meta":{"_exactmetrics_skip_tracking":false,"_exactmetrics_sitenote_active":false,"_exactmetrics_sitenote_note":"","_exactmetrics_sitenote_category":0,"jetpack_post_was_ever_published":false,"_jetpack_newsletter_access":"","_jetpack_dont_email_post_to_subs":false,"_jetpack_newsletter_tier_id":0,"_jetpack_memberships_contains_paywalled_content":false,"_jetpack_memberships_contains_paid_content":false,"footnotes":"","jetpack_publicize_message":"","jetpack_publicize_feature_enabled":true,"jetpack_social_post_already_shared":true,"jetpack_social_options":{"image_generator_settings":{"template":"highway","enabled":false},"version":2}},"categories":[1],"tags":[],"class_list":["post-25163","post","type-post","status-publish","format-standard","hentry","category-notas"],"jetpack_publicize_connections":[],"jetpack_sharing_enabled":true,"jetpack_featured_media_url":"","jetpack_shortlink":"https:\/\/wp.me\/p7wKYW-6xR","jetpack-related-posts":[],"_links":{"self":[{"href":"http:\/\/blogdalucianaoliveira.com.br\/blog\/wp-json\/wp\/v2\/posts\/25163","targetHints":{"allow":["GET"]}}],"collection":[{"href":"http:\/\/blogdalucianaoliveira.com.br\/blog\/wp-json\/wp\/v2\/posts"}],"about":[{"href":"http:\/\/blogdalucianaoliveira.com.br\/blog\/wp-json\/wp\/v2\/types\/post"}],"author":[{"embeddable":true,"href":"http:\/\/blogdalucianaoliveira.com.br\/blog\/wp-json\/wp\/v2\/users\/1"}],"replies":[{"embeddable":true,"href":"http:\/\/blogdalucianaoliveira.com.br\/blog\/wp-json\/wp\/v2\/comments?post=25163"}],"version-history":[{"count":1,"href":"http:\/\/blogdalucianaoliveira.com.br\/blog\/wp-json\/wp\/v2\/posts\/25163\/revisions"}],"predecessor-version":[{"id":25164,"href":"http:\/\/blogdalucianaoliveira.com.br\/blog\/wp-json\/wp\/v2\/posts\/25163\/revisions\/25164"}],"wp:attachment":[{"href":"http:\/\/blogdalucianaoliveira.com.br\/blog\/wp-json\/wp\/v2\/media?parent=25163"}],"wp:term":[{"taxonomy":"category","embeddable":true,"href":"http:\/\/blogdalucianaoliveira.com.br\/blog\/wp-json\/wp\/v2\/categories?post=25163"},{"taxonomy":"post_tag","embeddable":true,"href":"http:\/\/blogdalucianaoliveira.com.br\/blog\/wp-json\/wp\/v2\/tags?post=25163"}],"curies":[{"name":"wp","href":"https:\/\/api.w.org\/{rel}","templated":true}]}}