{"id":25167,"date":"2019-11-25T16:07:57","date_gmt":"2019-11-25T20:07:57","guid":{"rendered":"http:\/\/blogdalucianaoliveira.com.br\/blog\/?p=25167"},"modified":"2019-11-25T16:08:11","modified_gmt":"2019-11-25T20:08:11","slug":"bolsonaro-quer-centralizar-reintegracao-de-posse-de-propriedades-rurais","status":"publish","type":"post","link":"http:\/\/blogdalucianaoliveira.com.br\/blog\/2019\/11\/25\/bolsonaro-quer-centralizar-reintegracao-de-posse-de-propriedades-rurais\/","title":{"rendered":"Bolsonaro quer centralizar reintegra\u00e7\u00e3o de posse de propriedades rurais"},"content":{"rendered":"\n<figure class=\"wp-block-image\"><img data-recalc-dims=\"1\" height=\"360\" width=\"600\" decoding=\"async\" src=\"https:\/\/i0.wp.com\/www.cartacapital.com.br\/wp-content\/uploads\/2019\/11\/Untitled-55-1200x720.jpg?resize=600%2C360&#038;ssl=1\" alt=\"Presidente Jair Bolsonaro. Foto: EVARISTO SA \/ AFP\"\/><figcaption><br><\/figcaption><\/figure>\n\n\n\n<h3 class=\"wp-block-heading\">Hoje, o papel de acionar as for\u00e7as de seguran\u00e7a para cumprir decis\u00f5es judiciais \u00e9 das gest\u00f5es estaduais.<\/h3>\n\n\n\n<!--more-->\n\n\n\n<p>Na Carta Capital &#8211; O presidente Jair Bolsonaro declarou nesta segunda-feira 25 que enviar\u00e1 ao Congresso um projeto de lei que autoriza o uso pelo governo federal da chamada GLO\u00a0(Garantia da Lei e da Ordem) para reintegrar a posse de propriedades rurais. Hoje, o papel de acionar as for\u00e7as de seguran\u00e7a para cumprir decis\u00f5es judiciais para reintegra\u00e7\u00e3o de posse \u00e9 das gest\u00f5es estaduais.<br> <\/p>\n\n\n\n<p>Bolsonaro declarou, no entanto, que alguns governadores acabam protelando a decis\u00e3o de retirar essas ocupa\u00e7\u00f5es. \u201cQuando marginais invadem propriedades rurais, e o juiz determina a reintegra\u00e7\u00e3o de posse, como \u00e9 quase como regra que governadores protelam, poderia, pelo nosso projeto, ter uma GLO do campo para chegar e tirar o cara\u201d, defendeu.<br><\/p>\n\n\n\n<p>O presidente garantiu que, ainda que a lei abra brecha para a interven\u00e7\u00e3o federal em assuntos de ordem estaduais, que a ideia \u00e9 debater previamente a quest\u00e3o com o governador do local impactado.<\/p>\n\n\n\n<p>Juridicamente, em caso de terra invadida, cabe ao dono ou arrendat\u00e1rio de terra pleitear a sua reintegra\u00e7\u00e3o junto \u00e0 Justi\u00e7a. Caso concedida, cabe a um oficial de Justi\u00e7a fazer com que a ordem seja cumprida. A Pol\u00edcia Militar, em geral, garante o cumprimento do mandado.<\/p>\n\n\n\n<p>O presidente afirmou que o projeto de lei deve ter o apoio integral da chamada bancada ruralista, hoje formada por 247 dos 513 deputados federais. A frente parlamentar tamb\u00e9m conta com 38 dos 81 senadores.<\/p>\n\n\n\n<p>\u201cDeixo bem claro que isso passa pelo Parlamento. N\u00e3o \u00e9 nenhuma medida impositiva da minha parte. Se o Parlamento&nbsp;achar que&nbsp;assim deve ser tratada a propriedade privada, aprova. Se&nbsp;achar que&nbsp;a propriedade privada n\u00e3o vale nada, a\u00ed n\u00e3o aprova\u201d, afirmou o presidente.<br><\/p>\n\n\n\n<p>Na \u00faltima semana, Bolsonaro encaminhou outro projeto de lei que garante o excludente de ilicitude\u00a0a agentes de seguran\u00e7a p\u00fablica durante opera\u00e7\u00f5es de GLO. O excludente de ilicitude \u00e9 um dispositivo que<a rel=\"noreferrer noopener\" href=\"https:\/\/www.cartacapital.com.br\/politica\/prestigiar-o-policial-diz-bolsonaro-ao-defender-fim-de-punicao-para-militares\/\" target=\"_blank\">\u00a0abranda penas para agentes que cometerem excessos<\/a>\u00a0\u201csob escus\u00e1vel medo, surpresa ou violenta emo\u00e7\u00e3o\u201d. A inciativa enfrenta forte resist\u00eancia na C\u00e2mara dos Deputados.<br>Em 1996, um epis\u00f3dio envolvendo a Pol\u00edcia Militar do Par\u00e1 na desobstru\u00e7\u00e3o de uma estrada deixou 19 trabalhadores rurais mortos,\u00a0o que ficou conhecido como o massacre de Eldorado do\u00a0Caraj\u00e1s. Um ano antes, dez sem-terra e dois PMs\u00a0morreram num confronto em Corumbiara (RO). Diante a repercuss\u00e3o negativa dos epis\u00f3dios, desde ent\u00e3o, os governos estaduais t\u00eam adotado postura de cautela no\u00a0cumprimento\u00a0de decis\u00f5es judiciais.<br><\/p>\n","protected":false},"excerpt":{"rendered":"<p>Hoje, o papel de acionar as for\u00e7as de seguran\u00e7a para cumprir decis\u00f5es judiciais \u00e9 das gest\u00f5es estaduais.<\/p>\n","protected":false},"author":1,"featured_media":0,"comment_status":"closed","ping_status":"open","sticky":false,"template":"","format":"standard","meta":{"_exactmetrics_skip_tracking":false,"_exactmetrics_sitenote_active":false,"_exactmetrics_sitenote_note":"","_exactmetrics_sitenote_category":0,"jetpack_post_was_ever_published":false,"_jetpack_newsletter_access":"","_jetpack_dont_email_post_to_subs":false,"_jetpack_newsletter_tier_id":0,"_jetpack_memberships_contains_paywalled_content":false,"_jetpack_memberships_contains_paid_content":false,"footnotes":"","jetpack_publicize_message":"","jetpack_publicize_feature_enabled":true,"jetpack_social_post_already_shared":true,"jetpack_social_options":{"image_generator_settings":{"template":"highway","enabled":false},"version":2}},"categories":[1],"tags":[],"class_list":["post-25167","post","type-post","status-publish","format-standard","hentry","category-notas"],"jetpack_publicize_connections":[],"jetpack_sharing_enabled":true,"jetpack_featured_media_url":"","jetpack_shortlink":"https:\/\/wp.me\/p7wKYW-6xV","jetpack-related-posts":[],"_links":{"self":[{"href":"http:\/\/blogdalucianaoliveira.com.br\/blog\/wp-json\/wp\/v2\/posts\/25167","targetHints":{"allow":["GET"]}}],"collection":[{"href":"http:\/\/blogdalucianaoliveira.com.br\/blog\/wp-json\/wp\/v2\/posts"}],"about":[{"href":"http:\/\/blogdalucianaoliveira.com.br\/blog\/wp-json\/wp\/v2\/types\/post"}],"author":[{"embeddable":true,"href":"http:\/\/blogdalucianaoliveira.com.br\/blog\/wp-json\/wp\/v2\/users\/1"}],"replies":[{"embeddable":true,"href":"http:\/\/blogdalucianaoliveira.com.br\/blog\/wp-json\/wp\/v2\/comments?post=25167"}],"version-history":[{"count":1,"href":"http:\/\/blogdalucianaoliveira.com.br\/blog\/wp-json\/wp\/v2\/posts\/25167\/revisions"}],"predecessor-version":[{"id":25168,"href":"http:\/\/blogdalucianaoliveira.com.br\/blog\/wp-json\/wp\/v2\/posts\/25167\/revisions\/25168"}],"wp:attachment":[{"href":"http:\/\/blogdalucianaoliveira.com.br\/blog\/wp-json\/wp\/v2\/media?parent=25167"}],"wp:term":[{"taxonomy":"category","embeddable":true,"href":"http:\/\/blogdalucianaoliveira.com.br\/blog\/wp-json\/wp\/v2\/categories?post=25167"},{"taxonomy":"post_tag","embeddable":true,"href":"http:\/\/blogdalucianaoliveira.com.br\/blog\/wp-json\/wp\/v2\/tags?post=25167"}],"curies":[{"name":"wp","href":"https:\/\/api.w.org\/{rel}","templated":true}]}}