{"id":2517,"date":"2016-07-20T07:29:04","date_gmt":"2016-07-20T11:29:04","guid":{"rendered":"http:\/\/blogdalucianaoliveira.com.br\/blog\/?p=2517"},"modified":"2016-07-20T07:30:01","modified_gmt":"2016-07-20T11:30:01","slug":"escola-sem-partido-governo-sem-moral-parlamento-sem-vergonha","status":"publish","type":"post","link":"http:\/\/blogdalucianaoliveira.com.br\/blog\/2016\/07\/20\/escola-sem-partido-governo-sem-moral-parlamento-sem-vergonha\/","title":{"rendered":"Escola sem partido. Parlamento sem moral. Governo sem vergonha"},"content":{"rendered":"<p><img data-recalc-dims=\"1\" loading=\"lazy\" decoding=\"async\" data-attachment-id=\"2518\" data-permalink=\"http:\/\/blogdalucianaoliveira.com.br\/blog\/2016\/07\/20\/escola-sem-partido-governo-sem-moral-parlamento-sem-vergonha\/image-581\/\" data-orig-file=\"https:\/\/i0.wp.com\/blogdalucianaoliveira.com.br\/blog\/wp-content\/uploads\/2016\/07\/image-131.jpeg?fit=740%2C493\" data-orig-size=\"740,493\" data-comments-opened=\"0\" data-image-meta=\"{&quot;aperture&quot;:&quot;0&quot;,&quot;credit&quot;:&quot;&quot;,&quot;camera&quot;:&quot;&quot;,&quot;caption&quot;:&quot;&quot;,&quot;created_timestamp&quot;:&quot;0&quot;,&quot;copyright&quot;:&quot;&quot;,&quot;focal_length&quot;:&quot;0&quot;,&quot;iso&quot;:&quot;0&quot;,&quot;shutter_speed&quot;:&quot;0&quot;,&quot;title&quot;:&quot;&quot;,&quot;orientation&quot;:&quot;0&quot;}\" data-image-title=\"image\" data-image-description=\"\" data-image-caption=\"\" data-medium-file=\"https:\/\/i0.wp.com\/blogdalucianaoliveira.com.br\/blog\/wp-content\/uploads\/2016\/07\/image-131.jpeg?fit=300%2C200\" data-large-file=\"https:\/\/i0.wp.com\/blogdalucianaoliveira.com.br\/blog\/wp-content\/uploads\/2016\/07\/image-131.jpeg?fit=600%2C400\" src=\"https:\/\/i0.wp.com\/blogdalucianaoliveira.com.br\/blog\/wp-content\/uploads\/2016\/07\/image-131.jpeg?resize=600%2C400\" alt=\"image\" width=\"600\" height=\"400\" class=\"alignnone size-full wp-image-2518\" srcset=\"https:\/\/i0.wp.com\/blogdalucianaoliveira.com.br\/blog\/wp-content\/uploads\/2016\/07\/image-131.jpeg?w=740 740w, https:\/\/i0.wp.com\/blogdalucianaoliveira.com.br\/blog\/wp-content\/uploads\/2016\/07\/image-131.jpeg?resize=300%2C200 300w, https:\/\/i0.wp.com\/blogdalucianaoliveira.com.br\/blog\/wp-content\/uploads\/2016\/07\/image-131.jpeg?resize=450%2C300 450w\" sizes=\"auto, (max-width: 600px) 100vw, 600px\" \/><\/p>\n<p>por Douglas Belchior, na Carta Capital<\/p>\n<p>Escola Sem Igrejas, b\u00edblia ou crucifixo na parede;<!--more--><\/p>\n<p>Escola Sem hino nacional \u00e0s quartas-feiras;<\/p>\n<p>Escola Sem festa junina com m\u00fasica country americana;<\/p>\n<p>Escola Sem cartilha \u201cpedag\u00f3gica\u201d do governo;<\/p>\n<p>Escola Sem exalta\u00e7\u00e3o \u00e0 meritocracia;<\/p>\n<p>Escola Sem mis\u00e9ria, com direito \u00e0 merenda e papel higi\u00eanico no banheiro dos estudantes;<\/p>\n<p>Escola Sem \u2018Festa das Na\u00e7\u00f5es\u2019 com desfiles das crian\u00e7as vestidas de col\u00f4nia Italiana, portuguesa, espanhola, holandesa e at\u00e9 alem\u00e3\u2026 E s\u00f3!!!! \\o\/;<\/p>\n<p>Escola Sem excurs\u00e3o para o programa do Luciano Huck;<\/p>\n<p>Escola Sem PM ou GCM tomando cafezinho na cozinha da merenda bem na hora do intervalo;<\/p>\n<p>Escola Sem indica\u00e7\u00e3o pol\u00edtica para os cargos de dire\u00e7\u00e3o, vice e coordena\u00e7\u00e3o pedag\u00f3gica;<\/p>\n<p>Escola Sem \u201clivro negro\u201d;<\/p>\n<p>Escola Sem grades e cadeados;<\/p>\n<p>Escola Sem vidros quebrados, lousa aos peda\u00e7os, goteira na sala e uma boa e silenciosa descarga nas privadas;<\/p>\n<p>Escola Sem Projeto Pol\u00edtico Pedag\u00f3gico racista, machista e homof\u00f3bico, que ignora rela\u00e7\u00f5es raciais, g\u00eanero, diversidade e hist\u00f3ria da \u00c1frica e dos povos origin\u00e1rios;<\/p>\n<p>Escola Sem servidores desesperados com as contas do fim de m\u00eas, em pleno ano ol\u00edmpico;<\/p>\n<p>Escolas Sem aus\u00eancia de plano de carreira, forma\u00e7\u00e3o continuada e reconhecimento profissional;<\/p>\n<p>Escola Sem professores tristes, desestimulados e humilhados pelos governos;<\/p>\n<p>E se for assim, o \u201cpartido\u201d n\u00e3o far\u00e1 falta.<\/p>\n","protected":false},"excerpt":{"rendered":"<p>por Douglas Belchior, na Carta Capital Escola Sem Igrejas, b\u00edblia ou crucifixo na parede;<\/p>\n","protected":false},"author":1,"featured_media":0,"comment_status":"closed","ping_status":"open","sticky":false,"template":"","format":"standard","meta":{"_exactmetrics_skip_tracking":false,"_exactmetrics_sitenote_active":false,"_exactmetrics_sitenote_note":"","_exactmetrics_sitenote_category":0,"jetpack_post_was_ever_published":false,"_jetpack_newsletter_access":"","_jetpack_dont_email_post_to_subs":false,"_jetpack_newsletter_tier_id":0,"_jetpack_memberships_contains_paywalled_content":false,"_jetpack_memberships_contains_paid_content":false,"footnotes":"","jetpack_publicize_message":"","jetpack_publicize_feature_enabled":true,"jetpack_social_post_already_shared":true,"jetpack_social_options":{"image_generator_settings":{"template":"highway","enabled":false},"version":2}},"categories":[1],"tags":[],"class_list":["post-2517","post","type-post","status-publish","format-standard","hentry","category-notas"],"jetpack_publicize_connections":[],"jetpack_sharing_enabled":true,"jetpack_featured_media_url":"","jetpack_shortlink":"https:\/\/wp.me\/p7wKYW-EB","jetpack-related-posts":[],"_links":{"self":[{"href":"http:\/\/blogdalucianaoliveira.com.br\/blog\/wp-json\/wp\/v2\/posts\/2517","targetHints":{"allow":["GET"]}}],"collection":[{"href":"http:\/\/blogdalucianaoliveira.com.br\/blog\/wp-json\/wp\/v2\/posts"}],"about":[{"href":"http:\/\/blogdalucianaoliveira.com.br\/blog\/wp-json\/wp\/v2\/types\/post"}],"author":[{"embeddable":true,"href":"http:\/\/blogdalucianaoliveira.com.br\/blog\/wp-json\/wp\/v2\/users\/1"}],"replies":[{"embeddable":true,"href":"http:\/\/blogdalucianaoliveira.com.br\/blog\/wp-json\/wp\/v2\/comments?post=2517"}],"version-history":[{"count":2,"href":"http:\/\/blogdalucianaoliveira.com.br\/blog\/wp-json\/wp\/v2\/posts\/2517\/revisions"}],"predecessor-version":[{"id":2520,"href":"http:\/\/blogdalucianaoliveira.com.br\/blog\/wp-json\/wp\/v2\/posts\/2517\/revisions\/2520"}],"wp:attachment":[{"href":"http:\/\/blogdalucianaoliveira.com.br\/blog\/wp-json\/wp\/v2\/media?parent=2517"}],"wp:term":[{"taxonomy":"category","embeddable":true,"href":"http:\/\/blogdalucianaoliveira.com.br\/blog\/wp-json\/wp\/v2\/categories?post=2517"},{"taxonomy":"post_tag","embeddable":true,"href":"http:\/\/blogdalucianaoliveira.com.br\/blog\/wp-json\/wp\/v2\/tags?post=2517"}],"curies":[{"name":"wp","href":"https:\/\/api.w.org\/{rel}","templated":true}]}}