{"id":25177,"date":"2019-11-25T19:15:20","date_gmt":"2019-11-25T23:15:20","guid":{"rendered":"http:\/\/blogdalucianaoliveira.com.br\/blog\/?p=25177"},"modified":"2019-11-25T19:15:48","modified_gmt":"2019-11-25T23:15:48","slug":"mortes-pela-policia-em-2019-batem-recorde-no-rio","status":"publish","type":"post","link":"http:\/\/blogdalucianaoliveira.com.br\/blog\/2019\/11\/25\/mortes-pela-policia-em-2019-batem-recorde-no-rio\/","title":{"rendered":"Mortes pela pol\u00edcia em 2019 batem recorde no Rio"},"content":{"rendered":"\n<figure class=\"wp-block-image\"><img decoding=\"async\" src=\"https:\/\/encrypted-tbn0.gstatic.com\/images?q=tbn:ANd9GcRupZx66A5NCy2_kGd2fSeVfF3tTSst9ChlPyeoO1taQhckz2fJqw&amp;s\" alt=\"Resultado de imagem para mortes pela pol\u00edcia rio folha\"\/><\/figure>\n\n\n\n<p>At\u00e9 outubro, 1.546 pessoas foram mortas pela pol\u00edcia, maior n\u00famero para o per\u00edodo desde 1998<\/p>\n\n\n\n<!--more-->\n\n\n\n<p><strong><a href=\"https:\/\/www1.folha.uol.com.br\/autores\/ana-luiza-albuquerque.shtml\">Ana Luiza Albuquerque<\/a><\/strong><\/p>\n\n\n\n<p>Na FSP<\/p>\n\n\n\n<p>O n\u00famero de mortes pela pol\u00edcia bateu recorde em 2019 no estado do Rio de Janeiro. De janeiro a outubro, j\u00e1 foram contabilizadas mais mortes pelo estado do que em qualquer ano nas \u00faltimas duas d\u00e9cadas.<\/p>\n\n\n\n<p>At\u00e9 outubro, 1.546 pessoas foram mortas pela pol\u00edcia, maior n\u00famero para o per\u00edodo desde 1998, quando o dado come\u00e7ou a ser contabilizado. Foram 18% a mais do que no mesmo intervalo do ano passado.<\/p>\n\n\n\n<p>Ao mesmo tempo, o n\u00famero de homic\u00eddios dolosos desde o in\u00edcio do ano foi o menor para o per\u00edodo desde 1991. Foram 3.342 homic\u00eddios de janeiro a outubro, 21% a menos do que no mesmo intervalo de 2018.<\/p>\n\n\n\n<figure><iframe loading=\"lazy\" src=\"https:\/\/s.dynad.net\/stack\/928W5r5IndTfocT3VdUV-AB8UVlc0JbnGWyFZsei5gU.html\" width=\"100%\" height=\"0\"><\/iframe><\/figure>\n\n\n\n<p>As estat\u00edsticas de outubro foram divulgadas nesta segunda-feira (25) pelo ISP (Instituto de Seguran\u00e7a P\u00fablica) e seguem tend\u00eancia j\u00e1 apresentada nos meses anteriores.<\/p>\n\n\n\n<p>Os n\u00fameros v\u00eam na esteira do discurso linha-dura e das opera\u00e7\u00f5es policiais promovidas pelo\u00a0<a href=\"https:\/\/www1.folha.uol.com.br\/poder\/2018\/10\/eleito-governador-do-rj-e-ex-magistrado-e-articulou-candidatura-por-tres-anos.shtml\">governador Wilson Witzel<\/a>(PSC), eleito sob a bandeira do endurecimento na seguran\u00e7a p\u00fablica.<\/p>\n\n\n\n<p>As mortes pelo estado at\u00e9 outubro representam 31% do total de casos de letalidade violenta (5.017), que re\u00fane todos os \u00edndices criminais que resultaram em morte.&nbsp;<\/p>\n\n\n\n<p>Como mostrou a&nbsp;<strong>Folha<\/strong>, um estudo feito pelo&nbsp;<a href=\"https:\/\/www1.folha.uol.com.br\/cotidiano\/2019\/09\/mortes-por-policiais-nao-reduz-crimes-no-rj-conclui-estudo.shtml\">Minist\u00e9rio P\u00fablico do Rio de Janeiro concluiu que o aumento das mortes pela pol\u00edcia<\/a>&nbsp;n\u00e3o tem rela\u00e7\u00e3o com a redu\u00e7\u00e3o dos homic\u00eddios dolosos.<\/p>\n\n\n\n<p>&#8220;H\u00e1 de fato \u00e1reas onde o aumento de mortes pela pol\u00edcia \u00e9 acompanhado da queda dos homic\u00eddios dolosos, mas esse n\u00e3o \u00e9 o padr\u00e3o geral&#8221;, indicou o relat\u00f3rio.<\/p>\n\n\n\n<p>No fim de setembro, o \u00f3rg\u00e3o abriu um inqu\u00e9rito civil p\u00fablico para apurar o aumento das mortes pelo estado.&nbsp;<\/p>\n\n\n\n<p>Em seus discursos, Witzel costuma defender sua&nbsp;<a href=\"https:\/\/www1.folha.uol.com.br\/cotidiano\/2019\/09\/witzel-acaba-com-incentivo-a-reducao-de-mortes-por-policiais.shtml\">pol\u00edtica de enfrentamento<\/a>&nbsp;para a retirada armas e drogas do crime, endossar a\u00e7\u00f5es policiais que acabam em \u00f3bitos e enaltecer a diminui\u00e7\u00e3o nos assassinatos \u2014fen\u00f4meno que vem ocorrendo no pa\u00eds como um todo.<\/p>\n\n\n\n<p>Desde o in\u00edcio do ano, seis crian\u00e7as morreram v\u00edtimas de bala perdida no Rio. Na semana passada, a Pol\u00edcia Civil concluiu que&nbsp;quem atirou e matou<a href=\"https:\/\/www1.folha.uol.com.br\/cotidiano\/2019\/09\/menina-de-oito-anos-morre-baleada-no-rio-de-janeiro.shtml\">a menina \u00c1gatha F\u00e9lix, 8,<\/a>foi um policial militar.&nbsp;<\/p>\n\n\n\n<p>A garota foi atingida dentro de uma kombi quando voltava de um passeio com a m\u00e3e, em 20 de setembro, no Complexo do Alem\u00e3o (zona norte carioca).&nbsp;O policial disparou em dire\u00e7\u00e3o a uma moto, mas fragmentos do projeto acabaram atingindo \u00c1gatha.<\/p>\n\n\n\n<p>A maioria das investiga\u00e7\u00f5es relativas a mortes pelo Estado, no entanto, permanece sem desfecho no Rio.&nbsp;Desde a cria\u00e7\u00e3o do Gaesp (Grupo de Atua\u00e7\u00e3o Especializada em Seguran\u00e7a P\u00fablica) do MP-RJ, em dezembro de 2015, estiveram em curso no grupo cerca de 1.550 investiga\u00e7\u00f5es sobre mortes que teriam sido causadas por interven\u00e7\u00e3o policial.&nbsp;Dessas, apenas 37, ou 2,5%, resultaram em den\u00fancia pelo crime de homic\u00eddio.<\/p>\n\n\n\n<p>Na \u00faltima semana, o PSB ingressou com uma argui\u00e7\u00e3o de descumprimento de preceito fundamental no STF (Supremo Tribunal Federal) contra a pol\u00edtica de seguran\u00e7a de Witzel.<\/p>\n\n\n\n<p>Assinada pelo professor da Uerj e advogado Daniel Sarmento, a pe\u00e7a pede que sejam reconhecidas e sanadas as graves les\u00f5es a preceitos fundamentais da Constitui\u00e7\u00e3o praticadas pelo estado do Rio na implementa\u00e7\u00e3o de sua pol\u00edtica de seguran\u00e7a.<\/p>\n\n\n\n<p>O texto destaca que tais les\u00f5es dizem respeito, especialmente, \u00e0 &#8220;excessiva e crescente letalidade da atua\u00e7\u00e3o policial, voltada sobretudo contra a popula\u00e7\u00e3o pobre e negra das comunidades&#8221;.<\/p>\n","protected":false},"excerpt":{"rendered":"<p>At\u00e9 outubro, 1.546 pessoas foram mortas pela pol\u00edcia, maior n\u00famero para o per\u00edodo desde 1998<\/p>\n","protected":false},"author":1,"featured_media":0,"comment_status":"closed","ping_status":"open","sticky":false,"template":"","format":"standard","meta":{"_exactmetrics_skip_tracking":false,"_exactmetrics_sitenote_active":false,"_exactmetrics_sitenote_note":"","_exactmetrics_sitenote_category":0,"jetpack_post_was_ever_published":false,"_jetpack_newsletter_access":"","_jetpack_dont_email_post_to_subs":false,"_jetpack_newsletter_tier_id":0,"_jetpack_memberships_contains_paywalled_content":false,"_jetpack_memberships_contains_paid_content":false,"footnotes":"","jetpack_publicize_message":"","jetpack_publicize_feature_enabled":true,"jetpack_social_post_already_shared":true,"jetpack_social_options":{"image_generator_settings":{"template":"highway","enabled":false},"version":2}},"categories":[1],"tags":[],"class_list":["post-25177","post","type-post","status-publish","format-standard","hentry","category-notas"],"jetpack_publicize_connections":[],"jetpack_sharing_enabled":true,"jetpack_featured_media_url":"","jetpack_shortlink":"https:\/\/wp.me\/p7wKYW-6y5","jetpack-related-posts":[],"_links":{"self":[{"href":"http:\/\/blogdalucianaoliveira.com.br\/blog\/wp-json\/wp\/v2\/posts\/25177","targetHints":{"allow":["GET"]}}],"collection":[{"href":"http:\/\/blogdalucianaoliveira.com.br\/blog\/wp-json\/wp\/v2\/posts"}],"about":[{"href":"http:\/\/blogdalucianaoliveira.com.br\/blog\/wp-json\/wp\/v2\/types\/post"}],"author":[{"embeddable":true,"href":"http:\/\/blogdalucianaoliveira.com.br\/blog\/wp-json\/wp\/v2\/users\/1"}],"replies":[{"embeddable":true,"href":"http:\/\/blogdalucianaoliveira.com.br\/blog\/wp-json\/wp\/v2\/comments?post=25177"}],"version-history":[{"count":2,"href":"http:\/\/blogdalucianaoliveira.com.br\/blog\/wp-json\/wp\/v2\/posts\/25177\/revisions"}],"predecessor-version":[{"id":25180,"href":"http:\/\/blogdalucianaoliveira.com.br\/blog\/wp-json\/wp\/v2\/posts\/25177\/revisions\/25180"}],"wp:attachment":[{"href":"http:\/\/blogdalucianaoliveira.com.br\/blog\/wp-json\/wp\/v2\/media?parent=25177"}],"wp:term":[{"taxonomy":"category","embeddable":true,"href":"http:\/\/blogdalucianaoliveira.com.br\/blog\/wp-json\/wp\/v2\/categories?post=25177"},{"taxonomy":"post_tag","embeddable":true,"href":"http:\/\/blogdalucianaoliveira.com.br\/blog\/wp-json\/wp\/v2\/tags?post=25177"}],"curies":[{"name":"wp","href":"https:\/\/api.w.org\/{rel}","templated":true}]}}