{"id":25182,"date":"2019-11-25T19:47:31","date_gmt":"2019-11-25T23:47:31","guid":{"rendered":"http:\/\/blogdalucianaoliveira.com.br\/blog\/?p=25182"},"modified":"2019-11-25T19:47:39","modified_gmt":"2019-11-25T23:47:39","slug":"leitor-de-rede-social-acha-que-o-pais-vai-bem-quem-le-jornal-pensa-o-contrario","status":"publish","type":"post","link":"http:\/\/blogdalucianaoliveira.com.br\/blog\/2019\/11\/25\/leitor-de-rede-social-acha-que-o-pais-vai-bem-quem-le-jornal-pensa-o-contrario\/","title":{"rendered":"Leitor de rede social acha que o pa\u00eds vai bem; quem l\u00ea jornal pensa o contr\u00e1rio"},"content":{"rendered":"\n<figure class=\"wp-block-image\"><img data-recalc-dims=\"1\" decoding=\"async\" src=\"https:\/\/i0.wp.com\/static.poder360.com.br\/2019\/11\/jornais.s.lima_-868x644-1.jpg?w=600&#038;ssl=1\" alt=\"\"\/><\/figure>\n\n\n\n<p>30% acham TV mais confi\u00e1vel<\/p>\n\n\n\n<p>Leitores via redes s\u00e3o positivos<\/p>\n\n\n\n<p>Os que leem jornal: vis\u00e3o negativa<\/p>\n\n\n\n<!--more-->\n\n\n\n<p><a href=\"https:\/\/www.poder360.com.br\/author\/rafael-barbosa\/\">RAFAEL BARBOSA<\/a><br>No Poder 360<\/p>\n\n\n\n<p>Pesquisa da consultoria\u00a0<a rel=\"noreferrer noopener\" href=\"http:\/\/www.quaest.com.br\/\" target=\"_blank\">Quaest<\/a>\u00a0indica que 62% dos leitores que consomem not\u00edcias via redes sociais acham que o pa\u00eds est\u00e1 melhorando. Na contram\u00e3o, quase metade (49%) dos entrevistados que se informam por meio de jornais impressos dizem o contr\u00e1rio: que o Brasil est\u00e1 piorando.<\/p>\n\n\n\n<figure><iframe loading=\"lazy\" src=\"https:\/\/graficos.poder360.com.br\/unhQA\/2\/\" width=\"100%\" height=\"582\" allowfullscreen=\"allowfullscreen\"><\/iframe><\/figure>\n\n\n\n<p>O levantamento (<a href=\"https:\/\/static.poder360.com.br\/2019\/11\/pesquisa-quaest.pdf\" target=\"_blank\" rel=\"noreferrer noopener\">\u00edntegra<\/a>) ouviu 1.500 pessoas, via painel digital, de 9 a 10 de novembro de 2019. A margem de erro \u00e9 de 2,5 pontos percentuais para mais ou para menos.<\/p>\n\n\n\n<p>O levantamento (<a rel=\"noreferrer noopener\" href=\"https:\/\/static.poder360.com.br\/2019\/11\/pesquisa-quaest.pdf\" target=\"_blank\">\u00edntegra<\/a>) ouviu 1.500 pessoas, via painel digital, de 9 a 10 de novembro de 2019. A margem de erro \u00e9 de 2,5 pontos percentuais para mais ou para menos.<\/p>\n\n\n\n<p>A pesquisa indica que quem consome informa\u00e7\u00e3o por meio da m\u00eddia tradicional tem uma percep\u00e7\u00e3o mais negativa.<\/p>\n\n\n\n<p>Dos que consomem not\u00edcias por meio de televis\u00e3o:<\/p>\n\n\n\n<ul class=\"wp-block-list\"><li><strong>25%<\/strong>&nbsp;\u2013 acham que o pa\u00eds est\u00e1 melhorando;<\/li><li><strong>31%<\/strong>&nbsp;\u2013 acham que o pa\u00eds est\u00e1 parado;<\/li><li><strong>43%<\/strong>&nbsp;\u2013 acham que o pa\u00eds est\u00e1 piorando;<\/li><li><strong>1%<\/strong>&nbsp;\u2013 n\u00e3o sabem\/n\u00e3o responderam.<\/li><\/ul>\n\n\n\n<p>Dos que consomem not\u00edcias por meio de portais e sites:<\/p>\n\n\n\n<ul class=\"wp-block-list\"><li><strong>35%<\/strong>&nbsp;\u2013 acham que est\u00e1 melhorando;<\/li><li><strong>23%<\/strong>&nbsp;\u2013 acham que est\u00e1 parado;<\/li><li><strong>38%<\/strong>&nbsp;\u2013 acham que est\u00e1 piorando;<\/li><li><strong>4%<\/strong>&nbsp;\u2013 n\u00e3o sabem\/n\u00e3o responderam.<\/li><\/ul>\n\n\n\n<p>Tamb\u00e9m segundo o levantamento, 30% dos entrevistados afirmam que as not\u00edcias veiculadas na televis\u00e3o s\u00e3o as mais confi\u00e1veis. Portais e sites vieram em seguida: 25% afirmam que o meio \u00e9 o mais confi\u00e1vel para o consumo de not\u00edcias.<\/p>\n\n\n\n<figure><iframe loading=\"lazy\" src=\"https:\/\/graficos.poder360.com.br\/vdsLI\/1\/\" width=\"100%\" height=\"332\" allowfullscreen=\"allowfullscreen\"><\/iframe><\/figure>\n\n\n\n<h2 class=\"wp-block-heading\">PERCEP\u00c7\u00c3O DO GOVERNO<\/h2>\n\n\n\n<p>Considerando todos os entrevistados, 36% dos brasileiros disseram&nbsp;<a href=\"https:\/\/www.poder360.com.br\/pesquisas\/36-acham-que-o-brasil-esta-piorando-diz-pesquisa\/\" target=\"_blank\" rel=\"noreferrer noopener\">achar<\/a>&nbsp;que o pa\u00eds est\u00e1 piorando. Outros 32% dizem que as coisas est\u00e3o melhorando. E 28% afirmam que o Brasil est\u00e1 parado.<\/p>\n\n\n\n<figure><iframe loading=\"lazy\" src=\"https:\/\/graficos.poder360.com.br\/MkcjG\/1\/\" width=\"100%\" height=\"257\" allowfullscreen=\"allowfullscreen\"><\/iframe><\/figure>\n\n\n\n<p><\/p>\n","protected":false},"excerpt":{"rendered":"<p>30% acham TV mais confi\u00e1vel Leitores via redes s\u00e3o positivos Os que leem jornal: vis\u00e3o negativa<\/p>\n","protected":false},"author":1,"featured_media":0,"comment_status":"closed","ping_status":"open","sticky":false,"template":"","format":"standard","meta":{"_exactmetrics_skip_tracking":false,"_exactmetrics_sitenote_active":false,"_exactmetrics_sitenote_note":"","_exactmetrics_sitenote_category":0,"jetpack_post_was_ever_published":false,"_jetpack_newsletter_access":"","_jetpack_dont_email_post_to_subs":false,"_jetpack_newsletter_tier_id":0,"_jetpack_memberships_contains_paywalled_content":false,"_jetpack_memberships_contains_paid_content":false,"footnotes":"","jetpack_publicize_message":"","jetpack_publicize_feature_enabled":true,"jetpack_social_post_already_shared":true,"jetpack_social_options":{"image_generator_settings":{"template":"highway","enabled":false},"version":2}},"categories":[1],"tags":[],"class_list":["post-25182","post","type-post","status-publish","format-standard","hentry","category-notas"],"jetpack_publicize_connections":[],"jetpack_sharing_enabled":true,"jetpack_featured_media_url":"","jetpack_shortlink":"https:\/\/wp.me\/p7wKYW-6ya","jetpack-related-posts":[],"_links":{"self":[{"href":"http:\/\/blogdalucianaoliveira.com.br\/blog\/wp-json\/wp\/v2\/posts\/25182","targetHints":{"allow":["GET"]}}],"collection":[{"href":"http:\/\/blogdalucianaoliveira.com.br\/blog\/wp-json\/wp\/v2\/posts"}],"about":[{"href":"http:\/\/blogdalucianaoliveira.com.br\/blog\/wp-json\/wp\/v2\/types\/post"}],"author":[{"embeddable":true,"href":"http:\/\/blogdalucianaoliveira.com.br\/blog\/wp-json\/wp\/v2\/users\/1"}],"replies":[{"embeddable":true,"href":"http:\/\/blogdalucianaoliveira.com.br\/blog\/wp-json\/wp\/v2\/comments?post=25182"}],"version-history":[{"count":4,"href":"http:\/\/blogdalucianaoliveira.com.br\/blog\/wp-json\/wp\/v2\/posts\/25182\/revisions"}],"predecessor-version":[{"id":25186,"href":"http:\/\/blogdalucianaoliveira.com.br\/blog\/wp-json\/wp\/v2\/posts\/25182\/revisions\/25186"}],"wp:attachment":[{"href":"http:\/\/blogdalucianaoliveira.com.br\/blog\/wp-json\/wp\/v2\/media?parent=25182"}],"wp:term":[{"taxonomy":"category","embeddable":true,"href":"http:\/\/blogdalucianaoliveira.com.br\/blog\/wp-json\/wp\/v2\/categories?post=25182"},{"taxonomy":"post_tag","embeddable":true,"href":"http:\/\/blogdalucianaoliveira.com.br\/blog\/wp-json\/wp\/v2\/tags?post=25182"}],"curies":[{"name":"wp","href":"https:\/\/api.w.org\/{rel}","templated":true}]}}