{"id":25187,"date":"2019-11-26T11:33:44","date_gmt":"2019-11-26T15:33:44","guid":{"rendered":"http:\/\/blogdalucianaoliveira.com.br\/blog\/?p=25187"},"modified":"2019-11-26T11:33:56","modified_gmt":"2019-11-26T15:33:56","slug":"em-entrevista-nos-eua-guedes-ameaca-com-volta-da-ditadura-nao-se-assustem-se-alguem-pedir-o-ai-5","status":"publish","type":"post","link":"http:\/\/blogdalucianaoliveira.com.br\/blog\/2019\/11\/26\/em-entrevista-nos-eua-guedes-ameaca-com-volta-da-ditadura-nao-se-assustem-se-alguem-pedir-o-ai-5\/","title":{"rendered":"Em entrevista nos EUA, Guedes amea\u00e7a com volta da ditadura: &#8216;N\u00e3o se assustem se algu\u00e9m pedir o AI-5&#8217;"},"content":{"rendered":"\n<figure class=\"wp-block-image\"><img data-recalc-dims=\"1\" decoding=\"async\" src=\"https:\/\/i0.wp.com\/publisher-publish.s3.eu-central-1.amazonaws.com\/pb-brasil247\/swp\/jtjeq9\/media\/20191118121124_3a63d10b-95e2-4c42-936a-901184c3a5ec.jpeg?w=600&#038;ssl=1\" alt=\"O ministro da Economia, Paulo Guedes\"\/><figcaption><br><\/figcaption><\/figure>\n\n\n\n<p><strong>247 &#8211;\u00a0<\/strong>O ministro da Economia, Paulo Guedes, afirmou nesta segunda-feira (25) que n\u00e3o \u00e9 poss\u00edvel se assustar com a ideia de algu\u00e9m pedir o AI-5 diante de uma poss\u00edvel radicaliza\u00e7\u00e3o dos protestos de rua no Brasil. \u00a0 <\/p>\n\n\n\n<!--more-->\n\n\n\n<p>A afirma\u00e7\u00e3o foi feita durante entrevista coletiva em Washington, em que Guedes comentava a convuls\u00e3o social e institucional em pa\u00edses da Am\u00e9rica Latina e disse que era preciso prestar aten\u00e7\u00e3o na sequ\u00eancia de acontecimentos nas na\u00e7\u00f5es vizinhas para ver se o Brasil n\u00e3o tem nenhum pretexto que estimule manifesta\u00e7\u00f5es do mesmo tipo, informa a jornalista&nbsp;<a href=\"https:\/\/www1.folha.uol.com.br\/mercado\/2019\/11\/nao-se-assustem-se-alguem-pedir-o-ai-5-diz-guedes.shtml?\"><strong>Marina Dias<\/strong><\/a>&nbsp;na Folha de S.Paulo. &nbsp;&nbsp;<\/p>\n\n\n\n<p>&#8220;Sejam respons\u00e1veis, pratiquem a democracia. Ou democracia \u00e9 s\u00f3 quando o seu lado ganha? Quando o outro lado ganha, com dez meses voc\u00ea j\u00e1 chama todo mundo para quebrar a rua? Que responsabilidade \u00e9 essa? N\u00e3o se assustem ent\u00e3o se algu\u00e9m pedir o AI-5. J\u00e1 n\u00e3o aconteceu uma vez? Ou foi diferente? Levando o povo para a rua para quebrar tudo. Isso \u00e9 est\u00fapido, \u00e9 burro, n\u00e3o est\u00e1 \u00e0 altura da nossa tradi\u00e7\u00e3o democr\u00e1tica.&#8221; &nbsp;<\/p>\n\n\n\n<p>Paulo Guedes justificou as amea\u00e7as sobre a edi\u00e7\u00e3o de um novo AI-5 feitas por um dos filhos de Jair Bolsonaro, o deputado Eduardo Bolsonaro. Para ele, trata-se de uma rea\u00e7\u00e3o ao que chamou de convoca\u00e7\u00f5es feitas pela esquerda, endossadas pelo ex-presidente Luiz In\u00e1cio Lula da Silva logo depois de ser solto, h\u00e1 pouco mais de duas semanas. &nbsp;<\/p>\n\n\n\n<p>Guedes disse que era &#8220;uma insanidade&#8221; o petista pedir a presen\u00e7a do povo nas ruas e que &#8220;chamar o povo para rua \u00e9 uma irresponsabilidade&#8221;. &nbsp;&nbsp;<\/p>\n\n\n\n\n\n<p>O ministro de Bolsonaro confirmou que o projeto de lei que prev\u00ea o excludente de ilicitude seria tamb\u00e9m uma resposta de Bolsonaro a Lula.<br><\/p>\n","protected":false},"excerpt":{"rendered":"<p>247 &#8211;\u00a0O ministro da Economia, Paulo Guedes, afirmou nesta segunda-feira (25) que n\u00e3o \u00e9 poss\u00edvel se assustar com a ideia de algu\u00e9m pedir o AI-5 diante de uma poss\u00edvel radicaliza\u00e7\u00e3o dos protestos de rua no Brasil. \u00a0<\/p>\n","protected":false},"author":1,"featured_media":0,"comment_status":"closed","ping_status":"open","sticky":false,"template":"","format":"standard","meta":{"_exactmetrics_skip_tracking":false,"_exactmetrics_sitenote_active":false,"_exactmetrics_sitenote_note":"","_exactmetrics_sitenote_category":0,"jetpack_post_was_ever_published":false,"_jetpack_newsletter_access":"","_jetpack_dont_email_post_to_subs":false,"_jetpack_newsletter_tier_id":0,"_jetpack_memberships_contains_paywalled_content":false,"_jetpack_memberships_contains_paid_content":false,"footnotes":"","jetpack_publicize_message":"","jetpack_publicize_feature_enabled":true,"jetpack_social_post_already_shared":true,"jetpack_social_options":{"image_generator_settings":{"template":"highway","enabled":false},"version":2}},"categories":[1],"tags":[],"class_list":["post-25187","post","type-post","status-publish","format-standard","hentry","category-notas"],"jetpack_publicize_connections":[],"jetpack_sharing_enabled":true,"jetpack_featured_media_url":"","jetpack_shortlink":"https:\/\/wp.me\/p7wKYW-6yf","jetpack-related-posts":[],"_links":{"self":[{"href":"http:\/\/blogdalucianaoliveira.com.br\/blog\/wp-json\/wp\/v2\/posts\/25187","targetHints":{"allow":["GET"]}}],"collection":[{"href":"http:\/\/blogdalucianaoliveira.com.br\/blog\/wp-json\/wp\/v2\/posts"}],"about":[{"href":"http:\/\/blogdalucianaoliveira.com.br\/blog\/wp-json\/wp\/v2\/types\/post"}],"author":[{"embeddable":true,"href":"http:\/\/blogdalucianaoliveira.com.br\/blog\/wp-json\/wp\/v2\/users\/1"}],"replies":[{"embeddable":true,"href":"http:\/\/blogdalucianaoliveira.com.br\/blog\/wp-json\/wp\/v2\/comments?post=25187"}],"version-history":[{"count":1,"href":"http:\/\/blogdalucianaoliveira.com.br\/blog\/wp-json\/wp\/v2\/posts\/25187\/revisions"}],"predecessor-version":[{"id":25188,"href":"http:\/\/blogdalucianaoliveira.com.br\/blog\/wp-json\/wp\/v2\/posts\/25187\/revisions\/25188"}],"wp:attachment":[{"href":"http:\/\/blogdalucianaoliveira.com.br\/blog\/wp-json\/wp\/v2\/media?parent=25187"}],"wp:term":[{"taxonomy":"category","embeddable":true,"href":"http:\/\/blogdalucianaoliveira.com.br\/blog\/wp-json\/wp\/v2\/categories?post=25187"},{"taxonomy":"post_tag","embeddable":true,"href":"http:\/\/blogdalucianaoliveira.com.br\/blog\/wp-json\/wp\/v2\/tags?post=25187"}],"curies":[{"name":"wp","href":"https:\/\/api.w.org\/{rel}","templated":true}]}}