{"id":25189,"date":"2019-11-26T11:35:59","date_gmt":"2019-11-26T15:35:59","guid":{"rendered":"http:\/\/blogdalucianaoliveira.com.br\/blog\/?p=25189"},"modified":"2019-11-26T11:36:13","modified_gmt":"2019-11-26T15:36:13","slug":"lewandowski-se-levanta-contra-ameaca-de-ditadura-bolsonaro-pode-sofrer-impeachment","status":"publish","type":"post","link":"http:\/\/blogdalucianaoliveira.com.br\/blog\/2019\/11\/26\/lewandowski-se-levanta-contra-ameaca-de-ditadura-bolsonaro-pode-sofrer-impeachment\/","title":{"rendered":"Lewandowski se levanta contra amea\u00e7a de ditadura: Bolsonaro pode sofrer impeachment"},"content":{"rendered":"\n<figure class=\"wp-block-image\"><img data-recalc-dims=\"1\" decoding=\"async\" src=\"https:\/\/i0.wp.com\/publisher-publish.s3.eu-central-1.amazonaws.com\/pb-brasil247\/swp\/jtjeq9\/media\/20191126111156_4ce43569-b90a-4564-bb89-8da13a81ba8e.jpeg?w=600&#038;ssl=1\" alt=\"O ministro Ricardo Lewandowski\"\/><\/figure>\n\n\n\n<p><\/p>\n\n\n\n<p><strong>247\u00a0<\/strong>&#8211; O ministro do Supremo Tribunal Federal Ricardo Lewandowski criticou as amea\u00e7as \u00e0 volta de pr\u00e1ticas ditatoriais por parte do governo Jair Bolsonaro, que enviou ao Congresso Nacional um projeto com o chamado um excludente de ilicitude em a\u00e7\u00f5es do Garantia da Lei e da Ordem (GLO). De acordo com Lewandowski, Bolsonaro sujeita-se a processo de impeachment &#8220;caso venha a atentar contra o exerc\u00edcio dos direitos pol\u00edticos, individuais ou sociais, extrapolando os rigorosos par\u00e2metros que norteiam a atua\u00e7\u00e3o presidencial naquelas situa\u00e7\u00f5es&#8221;. <\/p>\n\n\n\n<!--more-->\n\n\n\n<p>&#8220;Nem se imagine que a interven\u00e7\u00e3o federal, o emprego das For\u00e7as Armadas em opera\u00e7\u00f5es para garantia da lei e da ordem ou a decreta\u00e7\u00e3o do estado de defesa e de s\u00edtio \u2014estes concebidos para enfrentar graves como\u00e7\u00f5es internas, calamidades p\u00fablicas de grandes propor\u00e7\u00f5es e agress\u00f5es armadas externas, dentre outras crises\u2014 podem prestar-se a sufocar franquias democr\u00e1ticas&#8221;, disse o ministro em texto publicado no\u00a0<a href=\"https:\/\/www1.folha.uol.com.br\/opiniao\/2019\/11\/em-defesa-do-estado-democratico-de-direito.shtml\">jornal Folha de S.Paulo<\/a>.<br><\/p>\n\n\n\n<p>&#8220;\u00c9 que tais medidas extremas n\u00e3o s\u00f3 est\u00e3o estritamente balizadas no texto constitucional como tamb\u00e9m se encontram submetidas ao controle parlamentar e judici\u00e1rio quanto \u00e0 legalidade, razoabilidade, proporcionalidade, demarca\u00e7\u00e3o espacial e limita\u00e7\u00e3o temporal&#8221;, complementou.<\/p>\n","protected":false},"excerpt":{"rendered":"<p>247\u00a0&#8211; O ministro do Supremo Tribunal Federal Ricardo Lewandowski criticou as amea\u00e7as \u00e0 volta de pr\u00e1ticas ditatoriais por parte do governo Jair Bolsonaro, que enviou ao Congresso Nacional um projeto com o chamado um excludente de ilicitude em a\u00e7\u00f5es do Garantia da Lei e da Ordem (GLO). De acordo com Lewandowski, Bolsonaro sujeita-se a processo&#8230;<a class=\"more-link\" href=\"http:\/\/blogdalucianaoliveira.com.br\/blog\/2019\/11\/26\/lewandowski-se-levanta-contra-ameaca-de-ditadura-bolsonaro-pode-sofrer-impeachment\/\">Continue a leitura <span class=\"meta-nav\">&raquo;<\/span><\/a><\/p>\n","protected":false},"author":1,"featured_media":0,"comment_status":"closed","ping_status":"open","sticky":false,"template":"","format":"standard","meta":{"_exactmetrics_skip_tracking":false,"_exactmetrics_sitenote_active":false,"_exactmetrics_sitenote_note":"","_exactmetrics_sitenote_category":0,"jetpack_post_was_ever_published":false,"_jetpack_newsletter_access":"","_jetpack_dont_email_post_to_subs":false,"_jetpack_newsletter_tier_id":0,"_jetpack_memberships_contains_paywalled_content":false,"_jetpack_memberships_contains_paid_content":false,"footnotes":"","jetpack_publicize_message":"","jetpack_publicize_feature_enabled":true,"jetpack_social_post_already_shared":true,"jetpack_social_options":{"image_generator_settings":{"template":"highway","enabled":false},"version":2}},"categories":[1],"tags":[],"class_list":["post-25189","post","type-post","status-publish","format-standard","hentry","category-notas"],"jetpack_publicize_connections":[],"jetpack_sharing_enabled":true,"jetpack_featured_media_url":"","jetpack_shortlink":"https:\/\/wp.me\/p7wKYW-6yh","jetpack-related-posts":[],"_links":{"self":[{"href":"http:\/\/blogdalucianaoliveira.com.br\/blog\/wp-json\/wp\/v2\/posts\/25189","targetHints":{"allow":["GET"]}}],"collection":[{"href":"http:\/\/blogdalucianaoliveira.com.br\/blog\/wp-json\/wp\/v2\/posts"}],"about":[{"href":"http:\/\/blogdalucianaoliveira.com.br\/blog\/wp-json\/wp\/v2\/types\/post"}],"author":[{"embeddable":true,"href":"http:\/\/blogdalucianaoliveira.com.br\/blog\/wp-json\/wp\/v2\/users\/1"}],"replies":[{"embeddable":true,"href":"http:\/\/blogdalucianaoliveira.com.br\/blog\/wp-json\/wp\/v2\/comments?post=25189"}],"version-history":[{"count":1,"href":"http:\/\/blogdalucianaoliveira.com.br\/blog\/wp-json\/wp\/v2\/posts\/25189\/revisions"}],"predecessor-version":[{"id":25190,"href":"http:\/\/blogdalucianaoliveira.com.br\/blog\/wp-json\/wp\/v2\/posts\/25189\/revisions\/25190"}],"wp:attachment":[{"href":"http:\/\/blogdalucianaoliveira.com.br\/blog\/wp-json\/wp\/v2\/media?parent=25189"}],"wp:term":[{"taxonomy":"category","embeddable":true,"href":"http:\/\/blogdalucianaoliveira.com.br\/blog\/wp-json\/wp\/v2\/categories?post=25189"},{"taxonomy":"post_tag","embeddable":true,"href":"http:\/\/blogdalucianaoliveira.com.br\/blog\/wp-json\/wp\/v2\/tags?post=25189"}],"curies":[{"name":"wp","href":"https:\/\/api.w.org\/{rel}","templated":true}]}}