{"id":25191,"date":"2019-11-26T11:45:13","date_gmt":"2019-11-26T15:45:13","guid":{"rendered":"http:\/\/blogdalucianaoliveira.com.br\/blog\/?p=25191"},"modified":"2019-11-26T11:45:21","modified_gmt":"2019-11-26T15:45:21","slug":"justica-deixou-prescrever-processo-contra-edir-macedo-mesmo-apos-consultar-procuradoria","status":"publish","type":"post","link":"http:\/\/blogdalucianaoliveira.com.br\/blog\/2019\/11\/26\/justica-deixou-prescrever-processo-contra-edir-macedo-mesmo-apos-consultar-procuradoria\/","title":{"rendered":"Justi\u00e7a deixou prescrever processo contra Edir Macedo mesmo ap\u00f3s consultar Procuradoria"},"content":{"rendered":"\n<figure class=\"wp-block-image\"><img data-recalc-dims=\"1\" decoding=\"async\" src=\"https:\/\/i0.wp.com\/s3.amazonaws.com\/portalwp\/wp-content\/uploads\/20190904094841\/bolsonaro-no-Templo-de-Salom%25C3%25A3o.jpg?w=600&#038;ssl=1\" alt=\"Resultado de imagem para edir macedo\"\/><\/figure>\n\n\n\n<h3 class=\"wp-block-heading\">Vara federal questionou Minist\u00e9rio P\u00fablico sobre prescri\u00e7\u00e3o, recebeu resposta, mas nada fez para evit\u00e1-la.<\/h3>\n\n\n\n<!--more-->\n\n\n\n<p><strong><a href=\"https:\/\/www1.folha.uol.com.br\/autores\/flavio-ferreira.shtml\">Fl\u00e1vio Ferreira<\/a><\/strong><strong>Rute Pina, da Ag\u00eancia P\u00fablica<\/strong><strong>S\u00c3O PAULO<\/strong><\/p>\n\n\n\n<p>Quatro meses antes de deixar prescrever um processo criminal contra&nbsp;<a href=\"https:\/\/www1.folha.uol.com.br\/ilustrada\/2019\/09\/se-crivella-censura-beijo-gay-o-tio-edir-macedo-ja-fez-falas-pro-lgbt.shtml\">Edir&nbsp;Macedo<\/a>, 74, l\u00edder da<a href=\"https:\/\/www1.folha.uol.com.br\/poder\/2019\/05\/ilha-isolada-universal-busca-aproximacao-com-outras-igrejas-evangelicas.shtml\">&nbsp;Igreja Universal do Reino de Deus<\/a>, a 2\u00aa Vara Criminal Federal em S\u00e3o Paulo chegou a indagar ao Minist\u00e9rio P\u00fablico sobre a prescri\u00e7\u00e3o e, mesmo ap\u00f3s receber resposta, nada fez para evit\u00e1-la.<\/p>\n\n\n\n<p>A senten\u00e7a da a\u00e7\u00e3o penal que trata de lavagem de dinheiro e outros delitos foi publicada em 29 de outubro, dez dias ap\u00f3s a&nbsp;<strong>Folha&nbsp;<\/strong>e a Ag\u00eancia P\u00fablica revelarem que a<a href=\"https:\/\/www1.folha.uol.com.br\/poder\/2019\/10\/justica-deixa-prescrever-processo-contra-edir-macedo-ja-pronto-para-julgamento.shtml\">&nbsp;causa em rela\u00e7\u00e3o a Edir Macedo e outro r\u00e9u, Bispo Jo\u00e3o Batista, 75, havia prescrito em meados&nbsp;de setembro<\/a>.<\/p>\n\n\n\n<p>Na decis\u00e3o judicial, a ju\u00edza Silvia Maria Rocha, titular da vara, reconheceu que o prazo legal para aplicar eventuais penas aos dois acusados havia se esgotado, mas n\u00e3o justificou o atraso no julgamento da a\u00e7\u00e3o penal.<\/p>\n\n\n\n<p>Ap\u00f3s escrever que o crime estava \u201cfulminado pela prescri\u00e7\u00e3o\u201d, a magistrada limitou-se a afirmar: \u201cNeste particular, registro que, ainda que assim n\u00e3o fosse, o pr\u00f3prio \u00f3rg\u00e3o acusador pugnou pela absolvi\u00e7\u00e3o dos referidos r\u00e9us no que tange \u00e0 lavagem de dinheiro\u201d.<\/p>\n\n\n\n<p>\u200bSilvia&nbsp;se referiu ao fato de o Minist\u00e9rio P\u00fablico ter pedido, em alega\u00e7\u00f5es finais, a absolvi\u00e7\u00e3o dos acusados, ap\u00f3s&nbsp;<a href=\"https:\/\/www1.folha.uol.com.br\/poder\/2011\/09\/980109-justica-aceita-denuncia-de-lavagem-de-dinheiro-contra-edir-macedo.shtml\">a Justi\u00e7a ter derrubado a tese inicial da Procuradoria quanto \u00e0 ocorr\u00eancia de estelionato no caso<\/a>.<\/p>\n\n\n\n<p>O requerimento do Minist\u00e9rio P\u00fablico, por\u00e9m, n\u00e3o obrigava a vara a seguir a orienta\u00e7\u00e3o do \u00f3rg\u00e3o, e a ju\u00edza poderia absolver ou condenar os r\u00e9us de acordo com seu entendimento sobre os aspectos t\u00e9cnicos da causa.<\/p>\n\n\n\n<p>A possibilidade de o crime prescrever foi levantada nos autos da a\u00e7\u00e3o penal desde maio passado, de acordo com os registros de andamentos do processo.<\/p>\n\n\n\n<p>Ap\u00f3s a fase de alega\u00e7\u00f5es finais, a vara pediu \u00e0 Procuradoria que se manifestasse sobre \u201ceventual ocorr\u00eancia da prescri\u00e7\u00e3o, quanto ao delito de lavagem de dinheiro, com rela\u00e7\u00e3o aos acusados Edir Macedo Bezerra e Jo\u00e3o Batista Ramos da Silva\u201d.<\/p>\n\n\n\n<p>A resposta do \u00f3rg\u00e3o chegou no fim de maio. Na ocasi\u00e3o, \u201co Minist\u00e9rio P\u00fablico Federal afirmou n\u00e3o ter havido o transcurso do lapso prescricional, uma vez que a den\u00fancia foi recebida em 16\/09\/2011\u201d, segundo o texto da senten\u00e7a.<\/p>\n\n\n\n<p>Informada a respeito da data para c\u00e1lculo do prazo, a vara demonstrou estar ciente da urg\u00eancia em sentenciar. Em despacho de 3 de junho, determinou o r\u00e1pido envio dos autos para decis\u00e3o: \u201cinocorr\u00eancia da prescri\u00e7\u00e3o. Venham conclusos para senten\u00e7a imediatamente\u201d.<\/p>\n\n\n\n<p>Por\u00e9m&nbsp;a senten\u00e7a que poderia interromper o prazo n\u00e3o veio a tempo, e em meados de setembro o delito de lavagem de dinheiro prescreveu.<\/p>\n\n\n\n<p>A decis\u00e3o final s\u00f3 saiu ent\u00e3o no \u00faltimo dia 29, e nela a vara s\u00f3 apreciou as situa\u00e7\u00f5es dos outros dois r\u00e9us na a\u00e7\u00e3o penal, o ex-bispo Paulo Roberto Gomes da Concei\u00e7\u00e3o e a executiva Alba Maria Silva da Costa.<\/p>\n\n\n\n<p>A ju\u00edza apontou que no processo h\u00e1 &#8220;robustos elementos de materialidade delitiva&#8221; quanto ao crime de evas\u00e3o de divisas, mas os dois&nbsp;foram absolvidos sob o argumento de que n\u00e3o foram apresentadas provas de que eles foram os autores dos crimes indicados na den\u00fancia do Minist\u00e9rio P\u00fablico.<\/p>\n\n\n\n<p>J\u00e1 Macedo e Bispo Jo\u00e3o Batista n\u00e3o foram absolvidos nem condenados, uma vez que a magistrada reconheceu a prescri\u00e7\u00e3o no caso deles.<\/p>\n\n\n\n<p>O l\u00edder da Igreja Universal e Bispo Jo\u00e3o Batista, que \u00e9 vereador pelo Republicanos em S\u00e3o Bernardo do Campo, na Grande S\u00e3o Paulo, foram beneficiados pela regra do C\u00f3digo Penal que reduz pela metade a contagem da prescri\u00e7\u00e3o para os acusados com mais de 70 anos de idade.<\/p>\n\n\n\n<p>Em geral, o crime de lavagem de dinheiro tem pena m\u00e1xima de 10 anos de pris\u00e3o e prazo prescricional de 16 anos. Mas no caso deles, em raz\u00e3o da idade, o prazo foi de 8 anos.<\/p>\n\n\n\n<p>Al\u00e9m de lavagem de dinheiro,&nbsp;<a href=\"https:\/\/www1.folha.uol.com.br\/poder\/2011\/09\/973878-procuradoria-denuncia-edir-macedo-e-mais-3-por-lavagem-de-dinheiro.shtml\">Macedo foi inicialmente denunciado<\/a>&nbsp;sob a acusa\u00e7\u00e3o outros tr\u00eas delitos: evas\u00e3o de divisas, associa\u00e7\u00e3o criminosa e falsidade ideol\u00f3gica.<\/p>\n\n\n\n<p>Os crimes de evas\u00e3o de divisas e associa\u00e7\u00e3o criminosa tiveram as prescri\u00e7\u00f5es decretadas no ano passado pela vara federal. O de falsidade ideol\u00f3gica teve a prescri\u00e7\u00e3o reconhecida logo no in\u00edcio do processo.<\/p>\n\n\n\n<p>O processo come\u00e7ou em setembro de 2011, ap\u00f3s a den\u00fancia criminal da Procuradoria relatar que dirigentes da Universal adotaram estrat\u00e9gias para usar o dinheiro doado por fi\u00e9is em opera\u00e7\u00f5es financeiras fraudulentas e, assim,&nbsp;<a href=\"https:\/\/www1.folha.uol.com.br\/fsp\/brasil\/fc1207200520.htm\">comprar emissoras de TV e r\u00e1dio e bens<\/a>.<\/p>\n\n\n\n<p>De acordo com o procurador, o esquema utilizou empresas offshore sediadas em para\u00edsos fiscais e&nbsp;<a href=\"https:\/\/www1.folha.uol.com.br\/poder\/2009\/10\/642951-igreja-universal-fez-remessa-clandestina-diz-relatorio.shtml\">contas banc\u00e1rias no exterior<\/a>. A acusa\u00e7\u00e3o apresentou um hist\u00f3rico das opera\u00e7\u00f5es financeiras atribu\u00eddas a dirigentes da Universal desde o come\u00e7o de d\u00e9cada de 1990.<\/p>\n\n\n\n<p>As transfer\u00eancias de dinheiro vivo tamb\u00e9m ocorreram entre porta-malas de carros, nos estacionamentos de templos da Universal ou entre cofres alugados em uma mesma institui\u00e7\u00e3o financeira, de acordo com os depoentes.<\/p>\n\n\n\n<p>Os doleiros a servi\u00e7o dos r\u00e9us tamb\u00e9m encaminharam valores para contas controladas por pessoas ligadas \u00e0 Universal em cinco bancos nos Estados Unidos, segundo a acusa\u00e7\u00e3o.<\/p>\n\n\n\n<p>O dinheiro voltou ao Brasil por meio de empr\u00e9stimos realizados pelas offshores em favor de pessoas ligadas \u00e0 Universal, que atuavam como laranjas, e os recursos foram usados para comprar participa\u00e7\u00f5es em emissoras de r\u00e1dio e TV e bens, de acordo com a den\u00fancia.<\/p>\n\n\n\n<p>Segundo o Minist\u00e9rio P\u00fablico, dados oficiais fornecidos pela Receita Federal mostram que a Universal arrecadou mais de R$ 5 bilh\u00f5es de 2003 a 2006.<\/p>\n\n\n\n<p>Em junho de 2005, quando era deputado federal e presidente da Universal, Bispo Jo\u00e3o Batista foi abordado pela pol\u00edcia no aeroporto de Bras\u00edlia com&nbsp;<a href=\"https:\/\/www1.folha.uol.com.br\/fsp\/brasil\/fc1207200516.htm\">malas de dinheiro que abrigavam cerca de R$ 10 milh\u00f5es em esp\u00e9cie.<\/a><\/p>\n\n\n\n<p>Os valores foram apreendidos e no dia seguinte Bispo Jo\u00e3o Batista, que era filiado ao PFL, atual DEM, foi expulso do partido.&nbsp;<a href=\"https:\/\/www1.folha.uol.com.br\/fsp\/brasil\/fc1207200521.htm\">Ele e a Universal alegaram \u00e0 \u00e9poca que o dinheiro era proveniente de doa\u00e7\u00f5es de fi\u00e9is<\/a>.<\/p>\n\n\n\n<p>O Minist\u00e9rio P\u00fablico Federal em S\u00e3o Paulo informou que ainda n\u00e3o foi comunicado sobre a decis\u00e3o judicial de outubro e por isso n\u00e3o poderia&nbsp;afirmar se&nbsp;vai haver recurso&nbsp;contra a&nbsp;senten\u00e7a do caso.<\/p>\n\n\n\n<p><strong>OUTRO LADO<\/strong><\/p>\n\n\n\n<p>Procurada pela reportagem&nbsp;desde a&nbsp;semana passada, a ju\u00edza Silvia&nbsp;Maria Rocha informou que n\u00e3o iria&nbsp;se pronunciar fora dos autos a respeito do processo&nbsp;e que os fundamentos de sua decis\u00e3o&nbsp;est\u00e3o&nbsp;detalhados na&nbsp;senten\u00e7a.<\/p>\n\n\n\n<p>Em manifesta\u00e7\u00e3o&nbsp;enviada quando da publica\u00e7\u00e3o da reportagem anterior sobre a prescri\u00e7\u00e3o,&nbsp;a magistrada afirmou, por email,&nbsp;que o processo relativo&nbsp;aos bispos da Universal teve problemas graves desde o in\u00edcio.&nbsp;Segundo&nbsp;a ju\u00edza, uma&nbsp;decis\u00e3o de outro juiz que trabalhou na causa &#8220;rejeitou significativa e parte importante da den\u00fancia, onde estavam descritas grande parte das condutas delituosas&#8221;.<\/p>\n\n\n\n<p>&#8220;Com isso, a parte das acusa\u00e7\u00f5es que sobrou, principalmente contra Edir Macedo, restou substancialmente desidratada, desfigurada. Por uma s\u00e9rie de raz\u00f5es jur\u00eddicas que n\u00e3o me cabe, e que estou impedida de discutir no momento, a acusa\u00e7\u00e3o perdeu o &#8216;grosso&#8217; da import\u00e2ncia&#8221;, escreveu&nbsp;a ju\u00edza em outubro.<\/p>\n\n\n\n<p>A Igreja Universal do Reino de Deus afirmou, em nota, que&nbsp;as acusa\u00e7\u00f5es no processo criminal&nbsp;&#8220;s\u00e3o completamente equivocadas&#8221;.<\/p>\n\n\n\n<p>&#8220;T\u00e3o equivocadas que, em senten\u00e7a de 29\/10\/19, a ju\u00edza respons\u00e1vel absolveu os r\u00e9us na a\u00e7\u00e3o proposta pelo Minist\u00e9rio P\u00fablico Federal (MPF). A magistrada decretou que o MPF n\u00e3o conseguiu provar as afirma\u00e7\u00f5es que fez&#8221;,&nbsp;afirma a Igreja Universal.<\/p>\n\n\n\n<p>&#8220;Perseguido, fiscalizado e investigado como acontece h\u00e1 mais de 30 anos, mais uma vez a verdade prevalece e o Judici\u00e1rio inocenta de acusa\u00e7\u00f5es mentirosas o Bispo Edir Macedo e outros oficiais e membros da Universal&#8221;, diz a nota.<\/p>\n\n\n\n<p>Procurado, o&nbsp;Bispo Jo\u00e3o Batista&nbsp;n\u00e3o se pronunciou&nbsp;at\u00e9 a publica\u00e7\u00e3o deste texto.&nbsp;Em nota enviada na ocasi\u00e3o da reportagem&nbsp;anterior sobre a prescri\u00e7\u00e3o,&nbsp;ele negou que tenha cometido crimes.&nbsp;<\/p>\n\n\n\n<p>&#8220;Eu fui inserido na den\u00fancia em quest\u00e3o sem que houvesse prova de minha participa\u00e7\u00e3o em qualquer il\u00edcito penal, t\u00e3o somente em raz\u00e3o de posi\u00e7\u00e3o de destaque por mim ocupada na Igreja Universal do Reino de Deus \u00e0 \u00e9poca dos fatos&#8221;, afirmou.<\/p>\n\n\n\n<p>&#8220;N\u00e3o obstante tenha se aperfei\u00e7oado a prescri\u00e7\u00e3o da pretens\u00e3o punitiva estatal, cumpre recordar que, ao final do processo, o pr\u00f3prio Minist\u00e9rio P\u00fablico Federal, respons\u00e1vel pelo oferecimento da den\u00fancia em quest\u00e3o, pugnou por minha absolvi\u00e7\u00e3o \u2013permitindo que se conclua que, de fato, se estava diante de acusa\u00e7\u00e3o infundada&#8221;, completou.<\/p>\n\n\n\n<p>A defesa do ex-bispo Paulo Roberto Gomes da Concei\u00e7\u00e3o e da executiva Alba Maria Silva da Costa n\u00e3o se manifestou.<\/p>\n\n\n\n<p><em>Esta reportagem \u00e9 resultado de uma parceira transnacional liderada pelo Centro Latino-Americano de Jornalismo Investigativo (CLIP) e pelo Columbia Journalism Investigations da Escola de Jornalismo da Universidade&nbsp;Columbia (EUA)<\/em><\/p>\n\n\n\n<p><a href=\"javascript:void(0);\"><\/a><br><\/p>\n","protected":false},"excerpt":{"rendered":"<p>Vara federal questionou Minist\u00e9rio P\u00fablico sobre prescri\u00e7\u00e3o, recebeu resposta, mas nada fez para evit\u00e1-la.<\/p>\n","protected":false},"author":1,"featured_media":0,"comment_status":"closed","ping_status":"open","sticky":false,"template":"","format":"standard","meta":{"_exactmetrics_skip_tracking":false,"_exactmetrics_sitenote_active":false,"_exactmetrics_sitenote_note":"","_exactmetrics_sitenote_category":0,"jetpack_post_was_ever_published":false,"_jetpack_newsletter_access":"","_jetpack_dont_email_post_to_subs":false,"_jetpack_newsletter_tier_id":0,"_jetpack_memberships_contains_paywalled_content":false,"_jetpack_memberships_contains_paid_content":false,"footnotes":"","jetpack_publicize_message":"","jetpack_publicize_feature_enabled":true,"jetpack_social_post_already_shared":true,"jetpack_social_options":{"image_generator_settings":{"template":"highway","enabled":false},"version":2}},"categories":[1],"tags":[],"class_list":["post-25191","post","type-post","status-publish","format-standard","hentry","category-notas"],"jetpack_publicize_connections":[],"jetpack_sharing_enabled":true,"jetpack_featured_media_url":"","jetpack_shortlink":"https:\/\/wp.me\/p7wKYW-6yj","jetpack-related-posts":[],"_links":{"self":[{"href":"http:\/\/blogdalucianaoliveira.com.br\/blog\/wp-json\/wp\/v2\/posts\/25191","targetHints":{"allow":["GET"]}}],"collection":[{"href":"http:\/\/blogdalucianaoliveira.com.br\/blog\/wp-json\/wp\/v2\/posts"}],"about":[{"href":"http:\/\/blogdalucianaoliveira.com.br\/blog\/wp-json\/wp\/v2\/types\/post"}],"author":[{"embeddable":true,"href":"http:\/\/blogdalucianaoliveira.com.br\/blog\/wp-json\/wp\/v2\/users\/1"}],"replies":[{"embeddable":true,"href":"http:\/\/blogdalucianaoliveira.com.br\/blog\/wp-json\/wp\/v2\/comments?post=25191"}],"version-history":[{"count":1,"href":"http:\/\/blogdalucianaoliveira.com.br\/blog\/wp-json\/wp\/v2\/posts\/25191\/revisions"}],"predecessor-version":[{"id":25192,"href":"http:\/\/blogdalucianaoliveira.com.br\/blog\/wp-json\/wp\/v2\/posts\/25191\/revisions\/25192"}],"wp:attachment":[{"href":"http:\/\/blogdalucianaoliveira.com.br\/blog\/wp-json\/wp\/v2\/media?parent=25191"}],"wp:term":[{"taxonomy":"category","embeddable":true,"href":"http:\/\/blogdalucianaoliveira.com.br\/blog\/wp-json\/wp\/v2\/categories?post=25191"},{"taxonomy":"post_tag","embeddable":true,"href":"http:\/\/blogdalucianaoliveira.com.br\/blog\/wp-json\/wp\/v2\/tags?post=25191"}],"curies":[{"name":"wp","href":"https:\/\/api.w.org\/{rel}","templated":true}]}}